{"id":3625,"date":"2025-12-30T10:30:16","date_gmt":"2025-12-30T08:30:16","guid":{"rendered":"https:\/\/blog.uclm.es\/victorlopez\/?p=3625"},"modified":"2025-12-30T10:46:19","modified_gmt":"2025-12-30T08:46:19","slug":"nuestro-trabajo-sobre-calidad-de-vida-en-el-espanol","status":"publish","type":"post","link":"https:\/\/blog.uclm.es\/victorlopez\/2025\/12\/30\/nuestro-trabajo-sobre-calidad-de-vida-en-el-espanol\/","title":{"rendered":"Nuestro trabajo sobre calidad de Vida en El Espa\u00f1ol"},"content":{"rendered":"\n<p><a href=\"https:\/\/www.elespanol.com\/ciencia\/\">Ciencia<\/a><\/p>\n\n\n\n<h1 class=\"wp-block-heading\"><a href=\"https:\/\/www.elespanol.com\/ciencia\/20251226\/victor-raul-lopez-ruiz-catedratico-felicidad-depende-factor-social-resto-individuo\/1003744066720_0.html\">V\u00edctor Ra\u00fal L\u00f3pez Ruiz (55), catedr\u00e1tico, sobre la felicidad: \u00abEl 67% depende del factor social y el resto, del individuo\u00bb<\/a><\/h1>\n\n\n\n<figure class=\"wp-block-image size-large\"><a href=\"https:\/\/www.elespanol.com\/ciencia\/20251226\/victor-raul-lopez-ruiz-catedratico-felicidad-depende-factor-social-resto-individuo\/1003744066720_0.html\"><img loading=\"lazy\" decoding=\"async\" width=\"1024\" height=\"721\" src=\"https:\/\/blog.uclm.es\/victorlopez\/wp-content\/uploads\/sites\/16\/2025\/10\/vision6-e1767083286403-1024x721.jpg\" alt=\"\" class=\"wp-image-3545\" srcset=\"https:\/\/blog.uclm.es\/victorlopez\/wp-content\/uploads\/sites\/16\/2025\/10\/vision6-e1767083286403-1024x721.jpg 1024w, https:\/\/blog.uclm.es\/victorlopez\/wp-content\/uploads\/sites\/16\/2025\/10\/vision6-e1767083286403-300x211.jpg 300w, https:\/\/blog.uclm.es\/victorlopez\/wp-content\/uploads\/sites\/16\/2025\/10\/vision6-e1767083286403-768x541.jpg 768w, https:\/\/blog.uclm.es\/victorlopez\/wp-content\/uploads\/sites\/16\/2025\/10\/vision6-e1767083286403.jpg 1140w\" sizes=\"auto, (max-width: 1024px) 100vw, 1024px\" \/><\/a><\/figure>\n\n\n\n<figure class=\"wp-block-image size-large\"><a href=\"https:\/\/www.elespanol.com\/ciencia\/20251226\/victor-raul-lopez-ruiz-catedratico-felicidad-depende-factor-social-resto-individuo\/1003744066720_0.html\"><img loading=\"lazy\" decoding=\"async\" width=\"1024\" height=\"665\" src=\"https:\/\/blog.uclm.es\/victorlopez\/wp-content\/uploads\/sites\/16\/2025\/12\/ElEspanol-1024x665.jpg\" alt=\"\" class=\"wp-image-3629\" srcset=\"https:\/\/blog.uclm.es\/victorlopez\/wp-content\/uploads\/sites\/16\/2025\/12\/ElEspanol-1024x665.jpg 1024w, https:\/\/blog.uclm.es\/victorlopez\/wp-content\/uploads\/sites\/16\/2025\/12\/ElEspanol-300x195.jpg 300w, https:\/\/blog.uclm.es\/victorlopez\/wp-content\/uploads\/sites\/16\/2025\/12\/ElEspanol-768x499.jpg 768w, https:\/\/blog.uclm.es\/victorlopez\/wp-content\/uploads\/sites\/16\/2025\/12\/ElEspanol.jpg 1041w\" sizes=\"auto, (max-width: 1024px) 100vw, 1024px\" \/><\/a><\/figure>\n","protected":false},"excerpt":{"rendered":"<p>Ciencia V\u00edctor Ra\u00fal L\u00f3pez Ruiz (55), catedr\u00e1tico, sobre la felicidad: \u00abEl 67% depende del factor social y el resto, del individuo\u00bb<\/p>\n","protected":false},"author":79,"featured_media":0,"comment_status":"open","ping_status":"open","sticky":false,"template":"","format":"aside","meta":{"footnotes":""},"categories":[2,5],"tags":[],"class_list":["post-3625","post","type-post","status-publish","format-aside","hentry","category-post","category-investigacion","post_format-post-format-aside"],"_links":{"self":[{"href":"https:\/\/blog.uclm.es\/victorlopez\/wp-json\/wp\/v2\/posts\/3625","targetHints":{"allow":["GET"]}}],"collection":[{"href":"https:\/\/blog.uclm.es\/victorlopez\/wp-json\/wp\/v2\/posts"}],"about":[{"href":"https:\/\/blog.uclm.es\/victorlopez\/wp-json\/wp\/v2\/types\/post"}],"author":[{"embeddable":true,"href":"https:\/\/blog.uclm.es\/victorlopez\/wp-json\/wp\/v2\/users\/79"}],"replies":[{"embeddable":true,"href":"https:\/\/blog.uclm.es\/victorlopez\/wp-json\/wp\/v2\/comments?post=3625"}],"version-history":[{"count":2,"href":"https:\/\/blog.uclm.es\/victorlopez\/wp-json\/wp\/v2\/posts\/3625\/revisions"}],"predecessor-version":[{"id":3630,"href":"https:\/\/blog.uclm.es\/victorlopez\/wp-json\/wp\/v2\/posts\/3625\/revisions\/3630"}],"wp:attachment":[{"href":"https:\/\/blog.uclm.es\/victorlopez\/wp-json\/wp\/v2\/media?parent=3625"}],"wp:term":[{"taxonomy":"category","embeddable":true,"href":"https:\/\/blog.uclm.es\/victorlopez\/wp-json\/wp\/v2\/categories?post=3625"},{"taxonomy":"post_tag","embeddable":true,"href":"https:\/\/blog.uclm.es\/victorlopez\/wp-json\/wp\/v2\/tags?post=3625"}],"curies":[{"name":"wp","href":"https:\/\/api.w.org\/{rel}","templated":true}]}}