{"id":3579,"date":"2025-11-25T11:21:44","date_gmt":"2025-11-25T09:21:44","guid":{"rendered":"https:\/\/blog.uclm.es\/victorlopez\/?p=3579"},"modified":"2025-11-25T13:31:22","modified_gmt":"2025-11-25T11:31:22","slug":"datos-2025-en-discriminacion-laboral-por-genero-oicv","status":"publish","type":"post","link":"https:\/\/blog.uclm.es\/victorlopez\/2025\/11\/25\/datos-2025-en-discriminacion-laboral-por-genero-oicv\/","title":{"rendered":"Datos 2025 en discriminaci\u00f3n laboral por g\u00e9nero (OICV)"},"content":{"rendered":"\n<p>OICV publica los nuevos datos sobre discriminaci\u00f3n de la mujer en el trabajo 2025 coincidiendo con el d\u00eda internacional de la eliminaci\u00f3n de la violencia contra la mujer. Iniciamos, por tanto, la difusi\u00f3n del nuevo estudio para Espa\u00f1a sobre calidad de vida y felicidad social. El pr\u00f3ximo d\u00eda 10 de diciembre en Ciudad Real se desarrollar\u00e1 el evento CABIDA25.<\/p>\n\n\n\n<p>Ver noticia:  <a href=\"https:\/\/victorraullopez.blogspot.com\/2025\/11\/datos-para-el-dia-internacional-de-la.html\">https:\/\/victorraullopez.blogspot.com\/2025\/11\/datos-para-el-dia-internacional-de-la.html<\/a><\/p>\n\n\n\n<figure class=\"wp-block-image size-full\"><a href=\"https:\/\/victorraullopez.blogspot.com\/2025\/11\/datos-para-el-dia-internacional-de-la.html\"><img loading=\"lazy\" decoding=\"async\" width=\"492\" height=\"266\" src=\"https:\/\/blog.uclm.es\/victorlopez\/wp-content\/uploads\/sites\/16\/2025\/11\/genero.jpg\" alt=\"\" class=\"wp-image-3580\" srcset=\"https:\/\/blog.uclm.es\/victorlopez\/wp-content\/uploads\/sites\/16\/2025\/11\/genero.jpg 492w, https:\/\/blog.uclm.es\/victorlopez\/wp-content\/uploads\/sites\/16\/2025\/11\/genero-300x162.jpg 300w\" sizes=\"auto, (max-width: 492px) 100vw, 492px\" \/><\/a><\/figure>\n","protected":false},"excerpt":{"rendered":"<p>OICV publica los nuevos datos sobre discriminaci\u00f3n de la mujer en el trabajo 2025 coincidiendo con el d\u00eda internacional de la eliminaci\u00f3n de la violencia contra la mujer. Iniciamos, por tanto, la difusi\u00f3n del nuevo estudio para Espa\u00f1a sobre calidad de vida y felicidad social. El pr\u00f3ximo d\u00eda 10 de diciembre en Ciudad Real se &hellip; <a href=\"https:\/\/blog.uclm.es\/victorlopez\/2025\/11\/25\/datos-2025-en-discriminacion-laboral-por-genero-oicv\/\" class=\"more-link\">Seguir leyendo <span class=\"screen-reader-text\">Datos 2025 en discriminaci\u00f3n laboral por g\u00e9nero (OICV)<\/span> <span class=\"meta-nav\">&rarr;<\/span><\/a><\/p>\n","protected":false},"author":79,"featured_media":3580,"comment_status":"open","ping_status":"open","sticky":false,"template":"","format":"aside","meta":{"footnotes":""},"categories":[2,5],"tags":[],"class_list":["post-3579","post","type-post","status-publish","format-aside","has-post-thumbnail","hentry","category-post","category-investigacion","post_format-post-format-aside"],"_links":{"self":[{"href":"https:\/\/blog.uclm.es\/victorlopez\/wp-json\/wp\/v2\/posts\/3579","targetHints":{"allow":["GET"]}}],"collection":[{"href":"https:\/\/blog.uclm.es\/victorlopez\/wp-json\/wp\/v2\/posts"}],"about":[{"href":"https:\/\/blog.uclm.es\/victorlopez\/wp-json\/wp\/v2\/types\/post"}],"author":[{"embeddable":true,"href":"https:\/\/blog.uclm.es\/victorlopez\/wp-json\/wp\/v2\/users\/79"}],"replies":[{"embeddable":true,"href":"https:\/\/blog.uclm.es\/victorlopez\/wp-json\/wp\/v2\/comments?post=3579"}],"version-history":[{"count":2,"href":"https:\/\/blog.uclm.es\/victorlopez\/wp-json\/wp\/v2\/posts\/3579\/revisions"}],"predecessor-version":[{"id":3582,"href":"https:\/\/blog.uclm.es\/victorlopez\/wp-json\/wp\/v2\/posts\/3579\/revisions\/3582"}],"wp:featuredmedia":[{"embeddable":true,"href":"https:\/\/blog.uclm.es\/victorlopez\/wp-json\/wp\/v2\/media\/3580"}],"wp:attachment":[{"href":"https:\/\/blog.uclm.es\/victorlopez\/wp-json\/wp\/v2\/media?parent=3579"}],"wp:term":[{"taxonomy":"category","embeddable":true,"href":"https:\/\/blog.uclm.es\/victorlopez\/wp-json\/wp\/v2\/categories?post=3579"},{"taxonomy":"post_tag","embeddable":true,"href":"https:\/\/blog.uclm.es\/victorlopez\/wp-json\/wp\/v2\/tags?post=3579"}],"curies":[{"name":"wp","href":"https:\/\/api.w.org\/{rel}","templated":true}]}}