{"id":47,"date":"2014-07-22T22:37:24","date_gmt":"2014-07-22T21:37:24","guid":{"rendered":"http:\/\/blog.uclm.es\/teresasantamaria\/?p=47"},"modified":"2014-07-22T22:37:24","modified_gmt":"2014-07-22T21:37:24","slug":"resumen","status":"publish","type":"post","link":"https:\/\/blog.uclm.es\/teresasantamaria\/2014\/07\/22\/resumen\/","title":{"rendered":"CV sucinto"},"content":{"rendered":"<p>M\u00aa Teresa Santamar\u00eda, Catedr\u00e1tica de Filolog\u00eda Latina en la Universidad de Castilla-La Mancha desde 2019, es licenciada por la Universidad de Murcia (1989) y doctora por la Universidad de Valladolid (1998) bajo la direcci\u00f3n de Enrique Montero con Premio Extraordinario de Doctorado.<\/p>\n<p>Es Investigadora Principal de una Red de Excelencia del Programa Estatal de Investigaci\u00f3n Cient\u00edfica y T\u00e9cnica, de un\u00a0Proyecto de Investigaci\u00f3n del\u00a0Ministerio, de otro de la Junta de Comunidades de Castilla-La Mancha, y de otro de la Universidad de Castilla-La Mancha, y anteriormente de algunos otros. Desde 1989 ha participado en otros Proyectos del\u00a0Ministerio de Educaci\u00f3n y Ciencia, del Ministerio de Ciencia y Tecnolog\u00eda y del\u00a0Ministerio de Ciencia e Innovaci\u00f3n, dirigidos por E.\u00a0Montero Cartelle, por A.\u00a0Ferraces Rodr\u00edguez y por I.\u00a0Garc\u00eda Pinilla, y\u00a0de\u00a0otros de Castilla-La Mancha y de la UCLM.<\/p>\n<p>Dirige\u00a0el Grupo de I+D \u00abInterpretes Medicinae\u00bb.\u00a0Su principal l\u00ednea de investigaci\u00f3n son los Textos M\u00e9dicos Latinos de la Antig\u00fcedad, la Edad Media y el Renacimiento, y el L\u00e9xico M\u00e9dico Grecolatino.<\/p>\n<p>Ha publicado numerosos art\u00edculos en prestigiosas revistas de su especialidad: <em>Archivum Latinitatis Medii Aevi<\/em> (Francia), <em>eHumanista<\/em> (EE.UU.),\u00a0 <em>Galenos<\/em> (Italia),\u00a0<em>Humanistica Lovaniensia<\/em> (B\u00e9lgica), <em>Latomus<\/em> (B\u00e9lgica), <em>Medicina nei Secoli (Italia), <\/em><em>Pallas<\/em> (Francia),\u00a0<em>Philologus<\/em> (Alemania), <em>Traditio<\/em> (EEUU),\u00a0<em>Cuadernos de Filolog\u00eda Cl\u00e1sica. Estudios Latinos <\/em>(UCM),\u00a0<em>Emerita<\/em> (CSIC),\u00a0<em>Minerva <\/em>(UVA)<em>,<\/em>\u00a0<em>Myrtia<\/em>\u00a0(UM) y otras, as\u00ed como rese\u00f1as en <em>Bolletino di Studi Latini<\/em> (Italia), <em>\u00c9tudes\u00a0Classiques<\/em> (B\u00e9lgica), <em>Neo-Latin News<\/em> (USA), <em>Emerita<\/em> (3),\u00a0<em>Exemplaria Classica<\/em>\u00a0(UHU) y otras.<\/p>\n<p>Es autora de tres libros, coautora de otros dos, editora de tres, y coeditora de dos. Ha publicado numerosos cap\u00edtulos de libros y contribuciones a congresos internacionales de la IANLS en Bonn, Budapest, Uppsala, Viena y Albacete, y a otros congresos internacionales sobre textos m\u00e9dicos latinos, y nacionales de la Sociedad Espa\u00f1ola de Estudios Cl\u00e1sicos (SEEC) y de la Sociedad de Estudios Latinos (SELat), art\u00edculos de diccionarios, etc.<\/p>\n<p>Ha sido invitada como ponente en congresos, seminarios y cursos internacionales celebrados en Berl\u00edn, Lexington, Lovaina la Nueva, Lyon, Manchester, Mesina, M\u00fanich, N\u00e1poles, Palermo, Reims, Roma, Siena,\u00a0 Venecia y otras ciudades. Ha participado en muchos otros, y dirigido diecisiete jornadas y cursos sobre textos m\u00e9dicos, transmisi\u00f3n de la ciencia, humanismo, traducci\u00f3n, ense\u00f1anza de las lenguas cl\u00e1sicas y otros temas. En 2018 organiz\u00f3 el <a href=\"http:\/\/eventos.uclm.es\/go\/IANLS-albacete2018\">XVII Congreso Internacional de la International Association for Neo-Latin Studies (IANLS) en Albacete<\/a>.<\/p>\n<p>Ha llevado a cabo estancias de investigaci\u00f3n en el Institut f\u00fcr Geschichte, Theorie und Ethik der Medizin de la Johannes Gutenberg-Universit\u00e4t\u00a0Mainz (2010-11), en la \u00c9cole Pratique des Hautes \u00c9tudes (EPHE), de la Sorbonne (2004), en el CSIC (2003), etc.<\/p>\n<p>Ha sido profesora en la Universidad de Valladolid (1990-92) y desde 1997 a la actualidad en la de Castilla-La Mancha. Ha impartido docencia en el Grado y en la Licenciatura de Humanidades y otras licenciaturas, en un M\u00e1ster de Investigaci\u00f3n y en Cursos de Doctorado. Ha dirigido un\u00a0Proyecto de Innovaci\u00f3n Docente.<\/p>\n<p>Es directora de la Escuela de Traductores de Toledo desde marzo de 2017, y Presidenta de la Delegaci\u00f3n de Castilla-La Mancha de la SEEC. Ha sido Vicepresidenta Segunda del Comit\u00e9 Ejecutivo de la International Association for Neolatin Studies (2015-2018), y Secretaria de la Facultad de Humanidades de Albacete (2007-2009). Es Miembro de la Junta de Facultad desde 2007 y de numerosas comisiones docentes y de investigaci\u00f3n.<\/p>\n","protected":false},"excerpt":{"rendered":"<p>M\u00aa Teresa Santamar\u00eda, Catedr\u00e1tica de Filolog\u00eda Latina en la Universidad de Castilla-La Mancha desde 2019, es licenciada por la Universidad de Murcia (1989) y doctora por la Universidad de Valladolid (1998) bajo la direcci\u00f3n de Enrique Montero con Premio Extraordinario de Doctorado. Es Investigadora Principal de una Red de Excelencia del Programa Estatal de Investigaci\u00f3n &hellip; <a href=\"https:\/\/blog.uclm.es\/teresasantamaria\/2014\/07\/22\/resumen\/\" class=\"more-link\">Seguir leyendo <span class=\"screen-reader-text\">CV sucinto<\/span> <span class=\"meta-nav\">&rarr;<\/span><\/a><\/p>\n","protected":false},"author":31,"featured_media":0,"comment_status":"closed","ping_status":"open","sticky":false,"template":"","format":"link","meta":{"footnotes":""},"categories":[2],"tags":[],"class_list":["post-47","post","type-post","status-publish","format-link","hentry","category-uncategorized","post_format-post-format-link"],"_links":{"self":[{"href":"https:\/\/blog.uclm.es\/teresasantamaria\/wp-json\/wp\/v2\/posts\/47","targetHints":{"allow":["GET"]}}],"collection":[{"href":"https:\/\/blog.uclm.es\/teresasantamaria\/wp-json\/wp\/v2\/posts"}],"about":[{"href":"https:\/\/blog.uclm.es\/teresasantamaria\/wp-json\/wp\/v2\/types\/post"}],"author":[{"embeddable":true,"href":"https:\/\/blog.uclm.es\/teresasantamaria\/wp-json\/wp\/v2\/users\/31"}],"replies":[{"embeddable":true,"href":"https:\/\/blog.uclm.es\/teresasantamaria\/wp-json\/wp\/v2\/comments?post=47"}],"version-history":[{"count":0,"href":"https:\/\/blog.uclm.es\/teresasantamaria\/wp-json\/wp\/v2\/posts\/47\/revisions"}],"wp:attachment":[{"href":"https:\/\/blog.uclm.es\/teresasantamaria\/wp-json\/wp\/v2\/media?parent=47"}],"wp:term":[{"taxonomy":"category","embeddable":true,"href":"https:\/\/blog.uclm.es\/teresasantamaria\/wp-json\/wp\/v2\/categories?post=47"},{"taxonomy":"post_tag","embeddable":true,"href":"https:\/\/blog.uclm.es\/teresasantamaria\/wp-json\/wp\/v2\/tags?post=47"}],"curies":[{"name":"wp","href":"https:\/\/api.w.org\/{rel}","templated":true}]}}