{"id":590,"date":"2026-02-12T16:48:26","date_gmt":"2026-02-12T16:48:26","guid":{"rendered":"https:\/\/blog.uclm.es\/teresacuberes\/?p=590"},"modified":"2026-02-12T16:50:35","modified_gmt":"2026-02-12T16:50:35","slug":"participacion-del-cofis-en-la-jornada-sobre-orientacion-profesional-y-empleabilidad-de-los-futuros-graduados-en-fisicas-de-la-uclm","status":"publish","type":"post","link":"https:\/\/blog.uclm.es\/teresacuberes\/2026\/02\/12\/participacion-del-cofis-en-la-jornada-sobre-orientacion-profesional-y-empleabilidad-de-los-futuros-graduados-en-fisicas-de-la-uclm\/","title":{"rendered":"Participaci\u00f3n del COFIS en la Jornada sobre Orientaci\u00f3n Profesional y Empleabilidad de los futuros graduados en F\u00edsicas de la UCLM"},"content":{"rendered":"\n<p>El pasado viernes 6 de febrero, Marta Arranz (Gerente del COFIS) y Teresa Cuberes (Delegada del COFIS en Castilla-La Mancha) participaron en la Jornada sobre Orientaci\u00f3n Profesional y Empleabilidad organizada por la Facultad de Ciencias Ambientales y Bioqu\u00edmica de la UCLM. En la presentaci\u00f3n de Marta Arranz, se ilustr\u00f3 la diversidad de salidas profesionales de la F\u00edsica, enfatiz\u00e1ndose  la importancia de la formaci\u00f3n continua, y el papel del Colegio como estructura de apoyo y orientaci\u00f3n.  En el acto se discutieron las preguntas planteadas por los alumnos asistentes (en su mayor\u00eda de 3\u00ba curso de la titulaci\u00f3n de F\u00edsicas, de la primera promoci\u00f3n que se imparte en la UCLM) y se sortearon 3 pre-colegiaciones. La jornada concluy\u00f3 con un intercambio enriquecedor de ideas y experiencias, que permiti\u00f3 estrechar la relaci\u00f3n entre el Colegio y el alumnado, reforzando el compromiso de mantener un contacto continuo en el futuro. Desde el COFIS se seguir\u00e1 apostando por este tipo de iniciativas, orientadas a acompa\u00f1ar a los futuros profesionales desde su etapa formativa, aport\u00e1ndoles informaci\u00f3n, apoyo y herramientas que contribuyan a su desarrollo acad\u00e9mico y laboral.   <\/p>\n\n\n\n<p>Agradecemos  a  Marco Antonio L\u00f3pez de la Torre (subdirector del grado de F\u00edsica en la UCLM), a Hern\u00e1n Santos y a Alejandro Mart\u00ednez, la oportunidad de participar en este acto y su colaboraci\u00f3n para hacerlo posible. <\/p>\n\n\n\n<figure class=\"wp-block-image size-large\"><img loading=\"lazy\" decoding=\"async\" width=\"1024\" height=\"576\" src=\"https:\/\/blog.uclm.es\/teresacuberes\/wp-content\/uploads\/sites\/100\/2026\/02\/Ponentes-1024x576.jpg\" alt=\"\" class=\"wp-image-631\" srcset=\"https:\/\/blog.uclm.es\/teresacuberes\/wp-content\/uploads\/sites\/100\/2026\/02\/Ponentes-1024x576.jpg 1024w, https:\/\/blog.uclm.es\/teresacuberes\/wp-content\/uploads\/sites\/100\/2026\/02\/Ponentes-300x169.jpg 300w, https:\/\/blog.uclm.es\/teresacuberes\/wp-content\/uploads\/sites\/100\/2026\/02\/Ponentes-768x432.jpg 768w, https:\/\/blog.uclm.es\/teresacuberes\/wp-content\/uploads\/sites\/100\/2026\/02\/Ponentes-1536x864.jpg 1536w, https:\/\/blog.uclm.es\/teresacuberes\/wp-content\/uploads\/sites\/100\/2026\/02\/Ponentes.jpg 1920w\" sizes=\"auto, (max-width: 1024px) 100vw, 1024px\" \/><\/figure>\n\n\n\n<figure class=\"wp-block-image size-large\"><img loading=\"lazy\" decoding=\"async\" width=\"1024\" height=\"461\" src=\"https:\/\/blog.uclm.es\/teresacuberes\/wp-content\/uploads\/sites\/100\/2026\/02\/1000223623-1024x461.jpg\" alt=\"\" class=\"wp-image-636\" srcset=\"https:\/\/blog.uclm.es\/teresacuberes\/wp-content\/uploads\/sites\/100\/2026\/02\/1000223623-1024x461.jpg 1024w, https:\/\/blog.uclm.es\/teresacuberes\/wp-content\/uploads\/sites\/100\/2026\/02\/1000223623-300x135.jpg 300w, https:\/\/blog.uclm.es\/teresacuberes\/wp-content\/uploads\/sites\/100\/2026\/02\/1000223623-768x346.jpg 768w, https:\/\/blog.uclm.es\/teresacuberes\/wp-content\/uploads\/sites\/100\/2026\/02\/1000223623-1536x692.jpg 1536w, https:\/\/blog.uclm.es\/teresacuberes\/wp-content\/uploads\/sites\/100\/2026\/02\/1000223623-2048x922.jpg 2048w\" sizes=\"auto, (max-width: 1024px) 100vw, 1024px\" \/><\/figure>\n","protected":false},"excerpt":{"rendered":"<p>El pasado viernes 6 de febrero, Marta Arranz (Gerente del COFIS) y Teresa Cuberes (Delegada del COFIS en Castilla-La Mancha) participaron en la Jornada sobre Orientaci\u00f3n Profesional y Empleabilidad organizada por la Facultad de Ciencias Ambientales y Bioqu\u00edmica de la UCLM. En la presentaci\u00f3n de Marta Arranz, se ilustr\u00f3 la diversidad de salidas profesionales de &hellip; <a href=\"https:\/\/blog.uclm.es\/teresacuberes\/2026\/02\/12\/participacion-del-cofis-en-la-jornada-sobre-orientacion-profesional-y-empleabilidad-de-los-futuros-graduados-en-fisicas-de-la-uclm\/\" class=\"more-link\">Sigue leyendo <span class=\"screen-reader-text\">Participaci\u00f3n del COFIS en la Jornada sobre Orientaci\u00f3n Profesional y Empleabilidad de los futuros graduados en F\u00edsicas de la UCLM<\/span><\/a><\/p>\n","protected":false},"author":104,"featured_media":0,"comment_status":"open","ping_status":"open","sticky":false,"template":"","format":"standard","meta":{"footnotes":""},"categories":[18],"tags":[],"class_list":["post-590","post","type-post","status-publish","format-standard","hentry","category-actividades-cofis-clm"],"_links":{"self":[{"href":"https:\/\/blog.uclm.es\/teresacuberes\/wp-json\/wp\/v2\/posts\/590","targetHints":{"allow":["GET"]}}],"collection":[{"href":"https:\/\/blog.uclm.es\/teresacuberes\/wp-json\/wp\/v2\/posts"}],"about":[{"href":"https:\/\/blog.uclm.es\/teresacuberes\/wp-json\/wp\/v2\/types\/post"}],"author":[{"embeddable":true,"href":"https:\/\/blog.uclm.es\/teresacuberes\/wp-json\/wp\/v2\/users\/104"}],"replies":[{"embeddable":true,"href":"https:\/\/blog.uclm.es\/teresacuberes\/wp-json\/wp\/v2\/comments?post=590"}],"version-history":[{"count":8,"href":"https:\/\/blog.uclm.es\/teresacuberes\/wp-json\/wp\/v2\/posts\/590\/revisions"}],"predecessor-version":[{"id":641,"href":"https:\/\/blog.uclm.es\/teresacuberes\/wp-json\/wp\/v2\/posts\/590\/revisions\/641"}],"wp:attachment":[{"href":"https:\/\/blog.uclm.es\/teresacuberes\/wp-json\/wp\/v2\/media?parent=590"}],"wp:term":[{"taxonomy":"category","embeddable":true,"href":"https:\/\/blog.uclm.es\/teresacuberes\/wp-json\/wp\/v2\/categories?post=590"},{"taxonomy":"post_tag","embeddable":true,"href":"https:\/\/blog.uclm.es\/teresacuberes\/wp-json\/wp\/v2\/tags?post=590"}],"curies":[{"name":"wp","href":"https:\/\/api.w.org\/{rel}","templated":true}]}}