{"id":981,"date":"2013-11-06T12:22:00","date_gmt":"2013-11-06T12:22:00","guid":{"rendered":"http:\/\/www3.uclm.es\/profesorado\/symolina\/wordpress\/?p=981"},"modified":"2013-11-06T12:22:00","modified_gmt":"2013-11-06T12:22:00","slug":"poliedro-sinestesico","status":"publish","type":"post","link":"https:\/\/blog.uclm.es\/sylviamolina\/2013\/11\/06\/poliedro-sinestesico\/","title":{"rendered":"Poliedro Sinest\u00e9sico"},"content":{"rendered":"<p>[:en]<\/p>\n<p style=\"text-align: center\"><strong><img loading=\"lazy\" decoding=\"async\" class=\"alignnone size-full wp-image-2950\" src=\"http:\/\/sylviamolina.es\/wp-content\/uploads\/1993\/06\/taller_poliedro.png\" alt=\"\" width=\"1314\" height=\"407\" \/>POLIEDRO SINEST\u00c9SICO<\/strong><\/p>\n<p>Composici\u00f3n Musical Colectiva Multicanal<\/p>\n<p>Julio Sanz V\u00e1zquez &amp; Sylvia Molina\u2028Bas\u00e1ndonos en la experiencia de creaci\u00f3n colectiva Poliedro on line de \u00a0Fabian Esteban Luna (Argentina)<\/p>\n<p>Gracias a la colaboraci\u00f3n del Departamento de Arte y Fabi\u00e1n Esteban (<a href=\"http:\/\/poliedronline.blogspot.com.ar\/p\/grupo-g.html\" target=\"_blank\" rel=\"noopener noreferrer\">http:\/\/poliedronline.blogspot.com.ar\/p\/grupo-g.html<\/a>)<\/p>\n<p>Direcci\u00f3n: Julio Sanz V\u00e1zquez &amp; <u>Sylvia Molina<\/u><\/p>\n<p>Autores: Sheila Monta\u00f1a; Alfredo Spiteri; Laura Villaluenga; Gonzalo L\u00f3pez; Adrian Gusano; Elena Casas; Cristina Campos, Crist\u00f3bal Piedrabuena, Diego S\u00e1nchez, Antonio Zamora, Sandra Bautista, Isabel Lara. Cristian Jerez; Natalia O\u00f1ate; Miriam Freire; Ver\u00f3nica Bernad; Laura D\u00edaz, Cristina S\u00e1nchez, Javier Alonso. Ana S\u00e1nchez; Azucena Ledesma; Noelia Mart\u00ednez; Juan Miguel Collado; David Iglesias; Mar\u00eda D\u00edaz ; Gema Campayo; Carmen Alcaide; Mar\u00eda Fernandez ; Jorge Guerrero; Yessica Reyes; Luc\u00eda Belinch\u00f3n; Ver\u00f3nica Gonz\u00e1lez; Emmanuel L\u00f3pez; Marius Cirja; Laura \u00c1vila<\/p>\n<p>Video Edici\u00f3n Natalia Fari\u00f1as<\/p>\n<p>Colaborador: Javier Osona<\/p>\n<p>\u00a0<\/p>\n<p>https:\/\/youtu.be\/5dvfi_yVP5U<\/p>\n<p style=\"font-weight: 400\" data-original-attrs=\"{&quot;style&quot;:&quot;margin-bottom: 6.0pt; margin-left: 0cm; margin-right: 0cm; margin-top: 0cm;&quot;}\"><strong data-original-attrs=\"{&quot;style&quot;:&quot;mso-bidi-font-weight: normal;&quot;}\">Conferencia :<\/strong>\u00a015:30 16:30<\/p>\n<p style=\"font-weight: 400\" data-original-attrs=\"{&quot;style&quot;:&quot;margin-bottom: 6.0pt; margin-left: 0cm; margin-right: 0cm; margin-top: 0cm;&quot;}\"><strong data-original-attrs=\"{&quot;style&quot;:&quot;mso-bidi-font-weight: normal;&quot;}\">Workshop:<\/strong>\u00a016:30 a 17:30<\/p>\n<p style=\"font-weight: 400\" data-original-attrs=\"{&quot;style&quot;:&quot;margin-bottom: 6.0pt; margin-left: 0cm; margin-right: 0cm; margin-top: 0cm;&quot;}\"><strong data-original-attrs=\"{&quot;style&quot;:&quot;mso-bidi-font-weight: normal;&quot;}\">Sincronizaci\u00f3n con Plataforma Poliedro Sinest\u00e9sico<\/strong>: 17:30 a 18:00<\/p>\n<p style=\"font-weight: 400\" data-original-attrs=\"{&quot;style&quot;:&quot;margin-bottom: 6.0pt; margin-left: 0cm; margin-right: 0cm; margin-top: 0cm;&quot;}\"><strong data-original-attrs=\"{&quot;style&quot;:&quot;mso-bidi-font-weight: normal;&quot;}\">Concierto-Peformance:\u00a0\u00a0<\/strong>Hall de BB.AA. 18:30 a 19:30 h. (+GM01 Madrid) (para la participaci\u00f3n, traigan port\u00e1til y altavoces. Se podr\u00e1 participar en este horario de forma on-line a trav\u00e9s de hangout\/google +\u00a0<a href=\"https:\/\/www.blogger.com\/blog\/post\/edit\/2884920434846348943\/7917876305521329570?hl=es#\" data-original-attrs=\"{&quot;data-original-href&quot;:&quot;mailto:sy.molina@telefonica.net&quot;}\">sy.molina@telefonica.net<\/a>\u00a0grupo: poliedro)<\/p>\n<p style=\"font-weight: 400\" data-original-attrs=\"{&quot;style&quot;:&quot;margin-bottom: 6.0pt; margin-left: 0cm; margin-right: 0cm; margin-top: 0cm;&quot;}\">Espacio on-line:\u00a0<a href=\"https:\/\/www.blogger.com\/blog\/post\/edit\/2884920434846348943\/7917876305521329570?hl=es#\" data-original-attrs=\"{&quot;data-original-href&quot;:&quot;http:\/\/poliedronline.blogspot.com.ar\/p\/grupo-g.html&quot;}\"><u>http:\/\/poliedronline.blogspot.com.ar\/p\/grupo-g.html<\/u><\/a><\/p>\n<p style=\"font-weight: 400\" data-original-attrs=\"{&quot;style&quot;:&quot;margin-bottom: 6.0pt; margin-left: 0cm; margin-right: 0cm; margin-top: 0cm;&quot;}\"><u><br \/><\/u><br data-original-attrs=\"{&quot;style&quot;:&quot;mso-special-character: line-break;&quot;}\" \/><br data-original-attrs=\"{&quot;style&quot;:&quot;mso-special-character: line-break;&quot;}\" \/><\/p>\n<p style=\"font-weight: 400\" data-original-attrs=\"{&quot;style&quot;:&quot;margin-bottom: 16.2pt; margin-left: 0cm; margin-right: 0cm; margin-top: 0cm;&quot;}\">Bas\u00e1ndonos en la experiencia de creaci\u00f3n colectiva\u00a0<strong><em>Poliedro on line<a href=\"https:\/\/www.blogger.com\/blog\/post\/edit\/2884920434846348943\/7917876305521329570?hl=es#\" data-original-attrs=\"{&quot;data-original-href&quot;:&quot;http:\/\/www.blogger.com\/blogger.g?blogID=2884920434846348943#_ftn1&quot;,&quot;name&quot;:&quot;_ftnref1&quot;,&quot;style&quot;:&quot;mso-footnote-id: ftn1;&quot;}\">[1]<\/a><\/em><\/strong>, desarrollaremos una nueva modalidad\u00a0 de\u00a0<strong>Composici\u00f3n Musical Colectiva Multicanal<\/strong>\u00a0a trav\u00e9s de un taller colectivo y presencial con los alumnos de la Facultad de Bellas Artes de Cuenca.<\/p>\n<p style=\"font-weight: 400\" data-original-attrs=\"{&quot;style&quot;:&quot;margin-bottom: 16.2pt; margin-left: 0cm; margin-right: 0cm; margin-top: 0cm;&quot;}\">Este Taller pretende la creaci\u00f3n de una composici\u00f3n colectiva\u00a0 bas\u00e1ndonos en unos \u201cDOGMAS\u201d que ser\u00e1n el inicio detonante de toda la obra.<\/p>\n<p style=\"font-weight: 400\" data-original-attrs=\"{&quot;style&quot;:&quot;margin-bottom: 16.2pt; margin-left: 0cm; margin-right: 0cm; margin-top: 0cm;&quot;}\"><strong data-original-attrs=\"{&quot;style&quot;:&quot;mso-bidi-font-weight: normal;&quot;}\">\u201cDOGMAS POLI\u00c9DRICOS PARA UNA COMPOSICI\u00d3N\u00a0\u00a0PERFORMANCE MULTICANAL\u201d<\/strong><\/p>\n<p style=\"font-weight: 400\" data-original-attrs=\"{&quot;style&quot;:&quot;margin-bottom: 16.2pt; margin-left: 0cm; margin-right: 0cm; margin-top: 0cm;&quot;}\"><strong data-original-attrs=\"{&quot;style&quot;:&quot;mso-bidi-font-weight: normal;&quot;}\">1\u00ba DOGMA<\/strong>\u00a0Se asignan 4\u00a0 grupos de alumnos que se centrar\u00e1n en una definici\u00f3n:<\/p>\n<p style=\"font-weight: 400\" data-original-attrs=\"{&quot;style&quot;:&quot;margin-bottom: 16.2pt; margin-left: 0cm; margin-right: 0cm; margin-top: 0cm;&quot;}\">a.-\u00a0\u00a0<strong data-original-attrs=\"{&quot;style&quot;:&quot;mso-bidi-font-weight: normal;&quot;}\">Olfativa. Track 1<\/strong><\/p>\n<p>Autores: Sheila Monta\u00f1a; Alfredo Spiteri; Laura Villaluengo; Gonzalo L\u00f3pez; Adrian Gusano; Elena Casas; Cristina Campos.<\/p>\n<p style=\"font-weight: 400\" data-original-attrs=\"{&quot;style&quot;:&quot;margin-bottom: 16.2pt; margin-left: 0cm; margin-right: 0cm; margin-top: 0cm;&quot;}\">b<strong data-original-attrs=\"{&quot;style&quot;:&quot;mso-bidi-font-weight: normal;&quot;}\">.- T\u00e1ctil. Track 2<\/strong><\/p>\n<p>Autores: Cristian Jerez; Daniel Berdiel; Javier Alonso; Natalia O\u00f1ate; Miriam Freire; Ver\u00f3nica Bernad;<span style=\"font-weight: 400\">\u00a0<\/span>Laura D\u00edaz<\/p>\n<p style=\"font-weight: 400\" data-original-attrs=\"{&quot;style&quot;:&quot;margin-bottom: 16.2pt; margin-left: 0cm; margin-right: 0cm; margin-top: 0cm;&quot;}\">c.-\u00a0<strong data-original-attrs=\"{&quot;style&quot;:&quot;mso-bidi-font-weight: normal;&quot;}\">Visual. Track 3<\/strong><\/p>\n<p>Autores: Ana S\u00e1nchez; Azucena Ledesma; Noelia Mart\u00ednez; Juan Miguel Collado; David Iglesias; Mar\u00eda D\u00edaz ; Gema Campayo; Carmen Alcaide; Mar\u00eda Fernandez ; Jorge Guerrero<\/p>\n<p style=\"font-weight: 400\" data-original-attrs=\"{&quot;style&quot;:&quot;margin-bottom: 16.2pt; margin-left: 0cm; margin-right: 0cm; margin-top: 0cm;&quot;}\">d.-\u00a0<strong data-original-attrs=\"{&quot;style&quot;:&quot;mso-bidi-font-weight: normal;&quot;}\">Gustativa. Track 4<\/strong><\/p>\n<p>Autores: Yessica Reyes; Sebastian Ribera; Luc\u00eda Belinch\u00f3n; Ver\u00f3nica Gonz\u00e1lez; Emmanuel L\u00f3pez; Marius Constantin; Laura Avila<\/p>\n<p style=\"font-weight: 400\" data-original-attrs=\"{&quot;style&quot;:&quot;margin-bottom: 16.2pt; margin-left: 0cm; margin-right: 0cm; margin-top: 0cm;&quot;}\"><strong data-original-attrs=\"{&quot;style&quot;:&quot;mso-bidi-font-weight: normal;&quot;}\">2\u00ba DOGMA<\/strong>: A cada grupo de alumnos se le facilitar\u00e1 el material sonoro para ser reelaborado por cada miembro individualmente. Dispondr\u00e1n, al menos, de una semana para su tratamiento y realizaci\u00f3n.<\/p>\n<p style=\"font-weight: 400\" data-original-attrs=\"{&quot;style&quot;:&quot;margin-bottom: 16.2pt; margin-left: 0cm; margin-right: 0cm; margin-top: 0cm;&quot;}\"><strong data-original-attrs=\"{&quot;style&quot;:&quot;mso-bidi-font-weight: normal;&quot;}\">3\u00ba DOGMA.<\/strong>\u00a0Micro-Composici\u00f3n: La duraci\u00f3n del sonido elaborado ( o fragmentos de sonidos)\u00a0 no ser\u00e1 inferior a 30 seg. ni superior a 1 min. Una vez terminadas cada micro-composici\u00f3n se reenviar\u00e1 a todos los miembros de su grupo.<\/p>\n<p style=\"font-weight: 400\" data-original-attrs=\"{&quot;style&quot;:&quot;margin-bottom: 16.2pt; margin-left: 0cm; margin-right: 0cm; margin-top: 0cm;&quot;}\"><strong data-original-attrs=\"{&quot;style&quot;:&quot;mso-bidi-font-weight: normal;&quot;}\">4\u00ba DOGMA:\u00a0<\/strong>Con todas las micro-composiciones de sus compa\u00f1eros de grupo, cada compositor realizar\u00e1 una mezcla proporcional al n\u00ba de integrantes de su grupo, no superior a 3 min.de duraci\u00f3n.<\/p>\n<p style=\"font-weight: 400\" data-original-attrs=\"{&quot;style&quot;:&quot;margin-bottom: 16.2pt; margin-left: 0cm; margin-right: 0cm; margin-top: 0cm;&quot;}\"><strong data-original-attrs=\"{&quot;style&quot;:&quot;mso-bidi-font-weight: normal;&quot;}\">5\u00ba DOGMA<\/strong>\u00a0Cada grupo realizar\u00e1 una mezcla con el total de\u00a0 sus integrantes<\/p>\n<p style=\"font-weight: 400\" data-original-attrs=\"{&quot;style&quot;:&quot;margin-bottom: 16.2pt; margin-left: 0cm; margin-right: 0cm; margin-top: 0cm;&quot;}\"><strong data-original-attrs=\"{&quot;style&quot;:&quot;mso-bidi-font-weight: normal;&quot;}\">6\u00ba DOGMA<\/strong>\u00a0 El resultado total se expondr\u00e1 en 4 tracks en una plataforma multicanal (POLIEDR \/ o similar) para ser reinterpretada\u00a0 On \u2013 LINE por todo el que est\u00e9 interesado<\/p>\n<p style=\"font-weight: 400\" data-original-attrs=\"{&quot;style&quot;:&quot;margin-bottom: 16.2pt; margin-left: 0cm; margin-right: 0cm; margin-top: 0cm;&quot;}\"><strong data-original-attrs=\"{&quot;style&quot;:&quot;mso-bidi-font-weight: normal;&quot;}\">7\u00ba DOGMA<\/strong>\u00a0La Obra ser\u00e1 ejecutada -remezclada en tiempo real- por los propios integrantes en una composici\u00f3n colectiva con una duraci\u00f3n indeterminada, creando un paisaje sonoro distribuido\u00a0 por toda la universidad u otro lugar a determinar.<\/p>\n<p style=\"font-weight: 400\" data-original-attrs=\"{&quot;style&quot;:&quot;margin-bottom: 16.2pt; margin-left: 0cm; margin-right: 0cm; margin-top: 0cm;&quot;}\"><strong data-original-attrs=\"{&quot;style&quot;:&quot;mso-bidi-font-weight: normal;&quot;}\">8\u00ba DOGMA<\/strong>\u00a0existen tantas obras como interpretaciones.<\/p>\n<p><a href=\"https:\/\/www.blogger.com\/blog\/post\/edit\/2884920434846348943\/7917876305521329570?hl=es#\" data-original-attrs=\"{&quot;data-original-href&quot;:&quot;http:\/\/www.blogger.com\/blogger.g?blogID=2884920434846348943#_ftnref1&quot;,&quot;name&quot;:&quot;_ftn1&quot;,&quot;style&quot;:&quot;mso-footnote-id: ftn1;&quot;}\">[1]<\/a>\u00a0\u00a9 2011 . Sociedad Argentina para las Ciencias Cognitivas de la M\u00fasica (SACCoM) &#8211; ISBN: 978-987-27082-0-7 420<\/p>\n<p><a href=\"https:\/\/www.blogger.com\/blog\/post\/edit\/2884920434846348943\/7917876305521329570?hl=es#\" data-original-attrs=\"{&quot;data-original-href&quot;:&quot;http:\/\/issuu.com\/fabianestebanluna\/docs\/creacion_colectiva&quot;}\">http:\/\/issuu.com\/fabianestebanluna\/docs\/creacion_colectiva<\/a><\/p>\n<p>Dicha propuesta fue presentada en el \u201cXX Festival Internacional de M\u00fasica Electroac\u00fastica. Punto de Encuentro\u201d el 14 de noviembre de 2013 en el Auditorio del Conservatorio Superior de M\u00fasica &#8216;Joaqu\u00edn Rodrigo&#8217; (Valencia -Spain-). La presentaci\u00f3n corri\u00f3 a cargo de Julio Sanz V\u00e1zquez y fue organizada por la AMEE (Asociaci\u00f3n de M\u00fasica Electroac\u00fastica de Espa\u00f1a) (<a href=\"http:\/\/www.youtube.com\/watch?v=00Vf6ogYO7c\">http:\/\/www.youtube.com\/watch?v=00Vf6ogYO7c<\/a>)<\/p>\n<p>https:\/\/youtu.be\/00Vf6ogYO7c<\/p>\n<p>\u00a0<\/p>\n<p>Impacto:<\/p>\n<h3><a href=\"http:\/\/www.youtube.com\/watch?v=5dvfi_yVP5U\">POLIEDRO SINEST\u00c9SICO_ 2013 &#8211; YouTube<\/a><\/h3>\n<p><a href=\"http:\/\/www.youtube.com\/watch?v=5dvfi_yVP5U\">&#x25b6;\u00a07:15&#x25b6;\u00a07:15<\/a><\/p>\n<p>www.youtube.com\/watch?v=5dvfi_yVP5U<\/p>\n<p>16 de nov. de 2013 &#8211; Subido por Sylvia Molina Muro<\/p>\n<p><em>POLIEDRO SINEST\u00c9SICO<\/em> Composici\u00f3n Musical Colectiva Multicanal Julio Sanz V\u00e1zquez &amp; Sylvia <em>Molina<\/em> &#8230;<\/p>\n<h3><a href=\"http:\/\/www.youtube.com\/watch?v=00Vf6ogYO7c\">Poliedro Sinest\u00e9sico -Valencia- &#8211; YouTube<\/a><\/h3>\n<p><a href=\"http:\/\/www.youtube.com\/watch?v=00Vf6ogYO7c\">&#x25b6;\u00a05:45&#x25b6;\u00a05:45<\/a><\/p>\n<p>www.youtube.com\/watch?v=00Vf6ogYO7c<\/p>\n<p>19 de nov. de 2013 &#8211; Subido por Sylvia Molina Muro<\/p>\n<p>Colaboraci\u00f3n Sylvia <em>Molina<\/em> Facultad de BBAA (UCLM- Cuenca) Agradecimientos Fabian Luna Marco de &#8230;<\/p>\n<h3><a href=\"http:\/\/www.youtube.com\/watch?v=IBy9M42pdHI\">Poliedro Sinest\u00e9sico. Valencia Punto de Encuentro &#8211; YouTube<\/a><\/h3>\n<p><a href=\"http:\/\/www.youtube.com\/watch?v=IBy9M42pdHI\">&#x25b6;\u00a05:03&#x25b6;\u00a05:03<\/a><\/p>\n<p>www.youtube.com\/watch?v=IBy9M42pdHI<\/p>\n<p>17 de nov. de 2013 &#8211; Subido por Julio Sanz V\u00e1zquez<\/p>\n<p>Presentaci\u00f3n del <em>POLIEDRO SINEST\u00c9SICO<\/em> Composici\u00f3n Musical Colectiva Multicanal Julio Sanz V\u00e1zquez &#8230;<\/p>\n<h3><a href=\"http:\/\/poliedronline.blogspot.com\/p\/grupo-g.html\">Poliedro [On line]: Grupo G<\/a><\/h3>\n<p><strong>poliedro<\/strong>nline.blogspot.com\/p\/grupo-g.html<\/p>\n<ul>\n<li>6 de nov. de 2013 &#8211; Titulo: \u00ab<em>Poliedro Sinest\u00e9sico<\/em> #15&#8243; &#8211; (<em>Poliedro<\/em> [On line]) &#8230; en el marco del taller realizado y concebido por Julio Sanz Vazquez y Sylvia <em>Molina<\/em> &#8211;<\/li>\n<\/ul>\n<h3>\u00b7 <a href=\"http:\/\/sistemapoliedro.blogspot.com\/\">Sistema Poliedro<\/a><\/h3>\n<p>sistema<strong>poliedro<\/strong>.blogspot.com\/<\/p>\n<ul>\n<li>hace 5 d\u00edas &#8211; &#8230; Sylvia <em>Molina<\/em> y Julio Sanz Vazquez han llevado adelante (como en el 2013 con el proyecto <em>Poliedro Sinest\u00e9sico<\/em>) un nuevo taller colectivo\u00a0&#8230;<\/li>\n<\/ul>\n<h3>\u00b7 <a href=\"http:\/\/sistemapoliedro.blogspot.com\/2013\/11\/difusion-poliedrica-en-facultad-de.html\">Sistema Poliedro: Difusi\u00f3n Poli\u00e9drica con participacion de &#8230;<\/a><\/h3>\n<p>sistema<strong>poliedro<\/strong>.blogspot.com\/&#8230;\/difusion-poliedrica-en-facultad-de.html<\/p>\n<ul>\n<li>4 de nov. de 2013 &#8211; Sylvia <em>Molina<\/em>, de la Facultad de Cuenca, de la Universidad de Castilla, &#8230; Sincronizaci\u00f3n con Plataforma <em>Poliedro Sinest\u00e9sico<\/em>: 17:30 a 18:00.<\/li>\n<\/ul>\n<h3>\u00b7 <a href=\"https:\/\/plus.google.com\/events\/cpa4qinomu86q6nv7ro7lqp210s?cfem=1\">POLIEDRO SINEST\u00c9SICO Composici\u00f3n Musical Colectiva &#8230;<\/a><\/h3>\n<p>https:\/\/plus.google.com\/events\/cpa4qinomu86q6nv7ro7lqp210s?cfem=1<\/p>\n<ul>\n<li>6 de nov. de 2013 &#8211; <em>POLIEDRO SINEST\u00c9SICO<\/em> Composici\u00f3n Musical Colectiva Multicanal Julio Sanz V\u00e1zquez &amp; Sylvia <em>Molina<\/em> Bas\u00e1ndonos en la experiencia de\u00a0&#8230;<\/li>\n<\/ul>\n<h3>\u00b7 <a href=\"http:\/\/issuu.com\/fabianestebanluna\/docs\/presentaciones_poliedro\">ISSUU &#8211; Poliedro difusion by Fabian Esteban Luna<\/a><\/h3>\n<p>issuu.com\/fabianestebanluna\/docs\/presentaciones_<strong>poliedro<\/strong><\/p>\n<ul>\n<li>7 de ene. de 2012 &#8211; 3 Concierto en: Espa\u00f1a Fecha: 11 de Marzo del 2014 Obras: \u201c<em>Poliedro Sinestesico<\/em>\u201d &#8211; Grupo <em>Poliedro<\/em> 15 Presentaron: Sylvia <em>Molina<\/em> y Julio\u00a0&#8230;<\/li>\n<\/ul>\n<h3>\u00b7 <a href=\"https:\/\/es.linkedin.com\/pub\/julio-sanz-v%C3%A1zquez\/35\/708\/495\">Julio Sanz V\u00e1zquez | LinkedIn<\/a><\/h3>\n<p>https:\/\/es.linkedin.com\/pub\/julio-sanz-v\u00e1zquez\/35\/708\/495<\/p>\n<p>Castilla &#8211; La Mancha, Spain &#8211; \u200eM\u00fasico, Compositor.Artista Multidisciplinar<\/p>\n<p>The members of the group, Joaquin R. Diaz, Sylvia <em>Molina<\/em>, Julio Sanz and Javier Osona, &#8230; Sincronizaci\u00f3n con Plataforma <em>Poliedro Sinest\u00e9sico<\/em>: 17:30 a 18:00<\/p>\n<h3>\u00b7 <a href=\"https:\/\/es.linkedin.com\/pub\/sylvia-molina\/30\/769\/2b9\">Sylvia Molina | LinkedIn<\/a><\/h3>\n<p>https:\/\/es.linkedin.com\/pub\/sylvia-<strong>molina<\/strong>\/30\/&#8230;\/2b9 &#8211; <a href=\"http:\/\/translate.google.es\/translate?hl=es&amp;sl=en&amp;u=https:\/\/es.linkedin.com\/pub\/sylvia-molina\/30\/769\/2b9&amp;prev=search\">Traducir esta p\u00e1gina<\/a><\/p>\n<p>Castilla &#8211; La Mancha, Spain &#8211; \u200ePhD Professor- Faculty of Fine Arts -Cuenca, Spain-<\/p>\n<p>Ver el perfil profesional de Sylvia <em>Molina<\/em> (Espa\u00f1a) en LinkedIn. LinkedIn es la red de &#8230; Sincronizaci\u00f3n con Plataforma <em>Poliedro Sinest\u00e9sico<\/em>: 17:30 a 18:00<\/p>\n<h3>\u00b7 <a href=\"https:\/\/plus.google.com\/106862038012847536632\/posts\/2Kn7EZqkB3T\">Poliedro sinest\u00e9sico degusta el sonido, toca la m\u00fasica &#8230;<\/a><\/h3>\n<p>https:\/\/plus.google.com\/&#8230;\/posts\/2Kn7EZqkB3T<\/p>\n<p>16 de nov. de 2013 &#8211; <em>Poliedro sinest\u00e9sico<\/em> degusta el sonido, toca la m\u00fasica, huele lo sonoro, ve la composici\u00f3n. <em>Poliedro sinest\u00e9sico<\/em> es un tiempo cristalino parafraseando a Deleuze <strong>&#8230;<\/strong><\/p>\n<h3>\u00b7 <a href=\"https:\/\/plus.google.com\/103078482921229002666\/posts\/T1Jn4ukgk9v\">Anoche Julio Sanz presento junto con Sylvia Molina y 37 &#8230;<\/a><\/h3>\n<p>https:\/\/plus.google.com\/&#8230;\/posts\/T1Jn4ukgk9v<\/p>\n<p>15 de nov. de 2013 &#8211; Anoche Julio Sanz presento junto con Sylvia <em>Molina<\/em> y 37 alumnos de la Facultad de BB.AA de Cuenca de la UCLM la obra electoacustica <em>Poliedro Sinest\u00e9sico<\/em> en <strong>&#8230;<\/strong><\/p>\n<h3><a href=\"https:\/\/www.facebook.com\/permalink.php?id=1528358827410567&amp;story_fbid=1554779644768485\">Trayectoria de ACuOSO (Asociaci\u00f3n de&#8230; &#8211; EDUCACI\u00d3N &#8230;<\/a><\/h3>\n<p>https:\/\/www.facebook.com\/permalink.php?id=1528358827410567&#8230;<\/p>\n<ul>\n<li>TIC: Sylvia <em>Molina<\/em>-Javier Osona- Julio Sanz- Natalia Fari\u00f1as&#8230; &#8230; accesible y abierto a todos que surge tras la realizaci\u00f3n del taller \u201d<em>Poliedro Sinest\u00e9sico<\/em>\u201d.<\/li>\n<\/ul>\n<p>Visitaste esta p\u00e1gina el 25\/01\/15.<\/p>\n<h3>\u00b7 <a href=\"http:\/\/bellasartes.uclm.es\/wp-index.php\/profesores-invitados-201415\/julio-sanz-el-miercoles-10-en-la-facultad\/\">Bellas Artes \u2013UCLM \u00bb Julio Sanz, el mi\u00e9rcoles 10 en la &#8230;<\/a><\/h3>\n<p>bellasartes.uclm.es\/wp-index&#8230;\/julio-sanz-el-miercoles-10-en-la-facultad\/<\/p>\n<ul>\n<li>9 de dic. de 2014 &#8211; Bas\u00e1ndonos en la experiencia de creaci\u00f3n colectiva <em>Poliedro<\/em> on line de &#8230; la experiencia <em>Poliedro<\/em> (2012) y <em>Poliedro Sinest\u00e9sico<\/em> (2013) hoy con entidad &#8230; con Julio Sanz V\u00e1zquez &amp; Sylvia <em>Molina<\/em> y la colaboraci\u00f3n de Javier\u00a0&#8230;<\/li>\n<\/ul>\n<p>Visitaste esta p\u00e1gina el 25\/01\/15.<\/p>\n<h3>\u00b7 <a href=\"http:\/\/videos.leeehd.net\/sylvia-molina-muro.html\">Sylvia Molina Muro &#8211; Descarga Musica y videos a tu celular<\/a><\/h3>\n<p>videos.leeehd.net\/sylvia-<strong>molina<\/strong>-muro.html<\/p>\n<ul>\n<li>Metropolis1997_ [extracto Sylvia <em>Molina<\/em> &amp; Proyecto \u00df] &#8230; <em>POLIEDRO SINEST\u00c9SICO<\/em> Composici\u00f3n Musical Colectiva Multicanal Julio Sanz V\u00e1zquez &amp; Sylvia\u00a0&#8230;<\/li>\n<\/ul>\n<h3>\u00b7 <a href=\"http:\/\/mobi-mp3.org\/?mp3=JULIO%20MOLINA%20Y%20LA%20FACULTAD&amp;f=t5z5u2u2y3r4r574q4w4h4&amp;d=320\">\u0421\u043a\u0430\u0447\u0430\u0442\u044c &#8211; JULIO MOLINA Y LA FACULTAD \u0432 MP3 \u0444\u043e\u0440\u043c\u0430\u0442\u0435 &#8230;<\/a><\/h3>\n<p>mobi-mp3.org\/?&#8230;JULIO%20<strong>MOLINA<\/strong>%20Y%20LA%20FACULTAD&#8230;<\/p>\n<ul>\n<li>\u0421\u043a\u0430\u0447\u0430\u0442\u044c \u0432 \u0444\u043e\u0440\u043c\u0430\u0442\u0435 MP3 &#8211; JULIO <em>MOLINA<\/em> Y LA FACULTAD BitRate: 320\u043a\u0431\u0438\u0442\/c. &#8230; <em>Poliedro Sinest\u00e9sico<\/em>. Valencia Punto de Encuentro.mp3, 5:03, \u0421\u043b\u0443\u0448\u0430\u0442\u044c\u00a0&#8230;<\/li>\n<\/ul>\n<h3>\u00b7 <a href=\"https:\/\/www.pinterest.com\/juliosanzvaz\/julio-sanz-v%C3%A1zquez\/\">Julio Sanz V\u00e1zquez on Pinterest<\/a><\/h3>\n<p>https:\/\/www.pinterest.com\/juliosanzvaz\/julio-sanz-v\u00e1zquez\/<\/p>\n<ul>\n<li><em>Poliedro sinest\u00e9sico<\/em> Composici\u00f3n Musical Colectiva multi-canal de 37 &#8230; Julio Sanz Vazquez y Sylvia <em>Molina<\/em> &#8211; FACULTAD DE BELLAS ARTES DE CUENCA.<\/li>\n<\/ul>\n<h3>\u00b7 <a href=\"http:\/\/www.mediander.com\/connects\/43604881\/rodrigo-de-osona\/#%21\/video\">Rodrigo de Osona | Mediander | Connects | Media<\/a><\/h3>\n<p>www.mediander.com\/connects\/&#8230;\/rodrigo-de-osona\/&#8230;<\/p>\n<p>Desde 1929. Santiago, Chile. by Rodrigo Gonz\u00e1lez \u00b7 25. Thumbnail for <em>Poliedro Sinest\u00e9sico<\/em> -Valencia-. <em>Poliedro Sinest\u00e9sico<\/em> -Valencia- by Sylvia <em>Molina<\/em> Muro.<\/p>\n<h3>\u00b7 <a href=\"http:\/\/www.buscarall.com\/personas\/cristian+rodrigo+molina+zamora\">V\u00eddeo cristian rodrigo molina zamora &#8211; | Correo electr\u00f3nico &#8230;<\/a><\/h3>\n<p>www.buscarall.com\/personas\/cristian+rodrigo+<strong>molina<\/strong>+zamora<\/p>\n<p>\u00a0<\/p>\n<h3><a href=\"http:\/\/www.yasni.de\/sylvia+molina\/person+information\">Sylvia Molina &#8211; Info zur Person mit Bilder, News &amp; Links &#8230;<\/a><\/h3>\n<p>www.yasni.de\/sylvia+<strong>molina<\/strong>\/person+information &#8211; <a href=\"http:\/\/translate.google.es\/translate?hl=es&amp;sl=de&amp;u=http:\/\/www.yasni.de\/sylvia%2Bmolina\/person%2Binformation&amp;prev=search\">Traducir esta p\u00e1gina<\/a><\/p>\n<p><em>POLIEDRO<\/em> SINEST\u00c9SICO_ 2013 <em>POLIEDRO SINEST\u00c9SICO<\/em> Composici\u00f3n Musical Colectiva Multicanal Julio Sanz V\u00e1zquez &amp; Sylvia <em>Molina<\/em> Duration: 435\u00a0&#8230;<\/p>\n<p>\u00a0<\/p>\n<h3>\u00b7 <a href=\"http:\/\/www.pinterest.com\/pin\/297026537895357913\/\">Julio Sanz V\u00e1zquez &#8211; Pinterest<\/a><\/h3>\n<p>www.pinterest.com\/pin\/297026537895357913\/<\/p>\n<p><em>Poliedro sinest\u00e9sico<\/em> Composici\u00f3n Musical Colectiva multi-canal de 37 alumnos, &#8230; Sanz Vazquez y Sylvia <em>Molina<\/em> &#8211; FACULTAD DE BELLAS ARTES DE CUENCA.<\/p>\n<h3>\u00b7 <a href=\"http:\/\/www.mediander.com\/connects\/43604881\/rodrigo-de-osona\/#%21\/video\">Rodrigo de Osona | Mediander | Connects | Media<\/a><\/h3>\n<p>www.mediander.com\/connects\/&#8230;\/rodrigo-de-osona\/&#8230;<\/p>\n<p>Desde 1929. Santiago, Chile. by Rodrigo Gonz\u00e1lez \u00b7 25. Thumbnail for <em>Poliedro Sinest\u00e9sico<\/em> -Valencia-. <em>Poliedro Sinest\u00e9sico<\/em> -Valencia- by Sylvia <em>Molina<\/em> Muro.<\/p>\n<h3>\u00b7 <a href=\"http:\/\/www.yasni.de\/sylvia+molina\/person+information\">Sylvia Molina &#8211; Info zur Person mit Bilder, News &amp; Links &#8230;<\/a><\/h3>\n<p>www.yasni.de\/sylvia+<strong>molina<\/strong>\/person+information &#8211; <a href=\"http:\/\/translate.google.es\/translate?hl=es&amp;sl=de&amp;u=http:\/\/www.yasni.de\/sylvia%2Bmolina\/person%2Binformation&amp;prev=search\">Traducir esta p\u00e1gina<\/a><\/p>\n<p><em>POLIEDRO<\/em> SINEST\u00c9SICO_ 2013 <em>POLIEDRO SINEST\u00c9SICO<\/em> Composici\u00f3n Musical Colectiva Multicanal Julio Sanz V\u00e1zquez &amp; Sylvia <em>Molina<\/em> Duration: 435\u00a0&#8230;<\/p>\n<h3>\u00b7 <a href=\"http:\/\/article.wn.com\/view\/2013\/10\/09\/Tabare_Vazquez_viaja_a_Argentina_para_distincion_y_encuentro\/\">Tabar\u00e9 V\u00e1zquez viaja a Argentina para distinci\u00f3n y &#8230;<\/a><\/h3>\n<p>article.wn.com\/&#8230;\/Tabare_Vazquez_viaja_a_Argentina_para_distincion_y_&#8230;<\/p>\n<p>9 de oct. de 2013 &#8211; Presentaci\u00f3n del <em>POLIEDRO SINEST\u00c9SICO<\/em> Composici\u00f3n Musical Colectiva Multicanal Julio Sanz V\u00e1zquez &amp; Sylvia <em>Molina<\/em> XX FESTIVAL\u00a0&#8230;<\/p>\n<h3>\u00b7 <a href=\"http:\/\/radioartnet.net\/11\/members-2\/maria\/activity\/friends\/?acpage=9\">Maria Ponce | Activity Streams | radioartnet<\/a><\/h3>\n<p>radioartnet.net\/11\/members-2\/maria\/activity\/friends\/?acpage=9<\/p>\n<ul>\n<li>Titulo: \u201c<em>Poliedro Sinest\u00e9sico<\/em> #15\u2033 \u2013 (<em>Poliedro<\/em> [On line]) &#8230; 37 alumnos, en el marco del taller realizado y concebido por Julio Sanz Vazquez y Sylvia <em>Molina<\/em> \u2013<\/li>\n<\/ul>\n<h3><a href=\"http:\/\/www.google.es\/url?sa=t&amp;rct=j&amp;q=&amp;esrc=s&amp;source=web&amp;cd=33&amp;cad=rja&amp;uact=8&amp;ved=0CCsQFjACOB4&amp;url=http%3A%2F%2Fvideos.drole.ch%2Fprofile%2FSylvia%2520Molina%2520Muro%2F&amp;ei=y_vZVNdnhP1QscOCqA0&amp;usg=AFQjCNHnu6jcA2Z5bKsrmY_tGwZgiifRzQ&amp;sig2=tkLk8Dw-qStN4u8HtOOE2A&amp;bvm=bv.85464276,d.d24\">Sylvia Molina Muro videos &#8211; DR\u00f4LE.ch<\/a><\/h3>\n<p>videos.drole.ch\/profile\/Sylvia%20<strong>Molina<\/strong>%20Muro\/<\/p>\n<p>Metropolis1997_ [extracto Sylvia <em>Molina<\/em> &amp; Proyecto \u00df] &#8230; <em>POLIEDRO SINEST\u00c9SICO<\/em> Composici\u00f3n Musical Colectiva Multicanal Julio Sanz V\u00e1zquez &amp; Sylvia\u00a0&#8230;[:]<\/p>\n\n\n<figure class=\"wp-block-gallery columns-3 is-cropped wp-block-gallery-1 is-layout-flex wp-block-gallery-is-layout-flex\"><ul class=\"blocks-gallery-grid\"><li class=\"blocks-gallery-item\"><figure><img loading=\"lazy\" decoding=\"async\" width=\"1024\" height=\"591\" src=\"https:\/\/blog.uclm.es\/sylviamolina\/wp-content\/uploads\/sites\/84\/2013\/11\/Captura-de-pantalla-2014-10-17-a-las-17.24.22-2-1024x591.png\" alt=\"\" data-id=\"8607\" data-full-url=\"https:\/\/blog.uclm.es\/sylviamolina\/wp-content\/uploads\/sites\/84\/2013\/11\/Captura-de-pantalla-2014-10-17-a-las-17.24.22-2.png\" data-link=\"https:\/\/sylviamolina.es\/2013\/11\/poliedro-sinestesico\/captura-de-pantalla-2014-10-17-a-las-17-24-22-2\/\" class=\"wp-image-8607\" srcset=\"https:\/\/blog.uclm.es\/sylviamolina\/wp-content\/uploads\/sites\/84\/2013\/11\/Captura-de-pantalla-2014-10-17-a-las-17.24.22-2-1024x591.png 1024w, https:\/\/blog.uclm.es\/sylviamolina\/wp-content\/uploads\/sites\/84\/2013\/11\/Captura-de-pantalla-2014-10-17-a-las-17.24.22-2-300x173.png 300w, https:\/\/blog.uclm.es\/sylviamolina\/wp-content\/uploads\/sites\/84\/2013\/11\/Captura-de-pantalla-2014-10-17-a-las-17.24.22-2-768x443.png 768w, https:\/\/blog.uclm.es\/sylviamolina\/wp-content\/uploads\/sites\/84\/2013\/11\/Captura-de-pantalla-2014-10-17-a-las-17.24.22-2-1536x886.png 1536w, https:\/\/blog.uclm.es\/sylviamolina\/wp-content\/uploads\/sites\/84\/2013\/11\/Captura-de-pantalla-2014-10-17-a-las-17.24.22-2.png 1680w\" sizes=\"auto, (max-width: 767px) 89vw, (max-width: 1000px) 54vw, (max-width: 1071px) 543px, 580px\" \/><\/figure><\/li><li class=\"blocks-gallery-item\"><figure><img loading=\"lazy\" decoding=\"async\" width=\"1024\" height=\"587\" src=\"https:\/\/blog.uclm.es\/sylviamolina\/wp-content\/uploads\/sites\/84\/2013\/11\/Captura-de-pantalla-2014-10-17-a-las-17.24.40-2-1024x587.png\" alt=\"\" data-id=\"8603\" data-full-url=\"https:\/\/blog.uclm.es\/sylviamolina\/wp-content\/uploads\/sites\/84\/2013\/11\/Captura-de-pantalla-2014-10-17-a-las-17.24.40-2.png\" data-link=\"https:\/\/sylviamolina.es\/2013\/11\/poliedro-sinestesico\/captura-de-pantalla-2014-10-17-a-las-17-24-40-2\/\" class=\"wp-image-8603\" srcset=\"https:\/\/blog.uclm.es\/sylviamolina\/wp-content\/uploads\/sites\/84\/2013\/11\/Captura-de-pantalla-2014-10-17-a-las-17.24.40-2-1024x587.png 1024w, https:\/\/blog.uclm.es\/sylviamolina\/wp-content\/uploads\/sites\/84\/2013\/11\/Captura-de-pantalla-2014-10-17-a-las-17.24.40-2-300x172.png 300w, https:\/\/blog.uclm.es\/sylviamolina\/wp-content\/uploads\/sites\/84\/2013\/11\/Captura-de-pantalla-2014-10-17-a-las-17.24.40-2-768x440.png 768w, https:\/\/blog.uclm.es\/sylviamolina\/wp-content\/uploads\/sites\/84\/2013\/11\/Captura-de-pantalla-2014-10-17-a-las-17.24.40-2.png 1240w\" sizes=\"auto, (max-width: 767px) 89vw, (max-width: 1000px) 54vw, (max-width: 1071px) 543px, 580px\" \/><\/figure><\/li><li class=\"blocks-gallery-item\"><figure><img loading=\"lazy\" decoding=\"async\" width=\"1024\" height=\"585\" src=\"https:\/\/blog.uclm.es\/sylviamolina\/wp-content\/uploads\/sites\/84\/2013\/11\/Captura-de-pantalla-2014-10-17-a-las-17.23.06-2-1024x585.png\" alt=\"\" data-id=\"8602\" data-full-url=\"https:\/\/blog.uclm.es\/sylviamolina\/wp-content\/uploads\/sites\/84\/2013\/11\/Captura-de-pantalla-2014-10-17-a-las-17.23.06-2.png\" data-link=\"https:\/\/sylviamolina.es\/2013\/11\/poliedro-sinestesico\/captura-de-pantalla-2014-10-17-a-las-17-23-06-2\/\" class=\"wp-image-8602\" srcset=\"https:\/\/blog.uclm.es\/sylviamolina\/wp-content\/uploads\/sites\/84\/2013\/11\/Captura-de-pantalla-2014-10-17-a-las-17.23.06-2-1024x585.png 1024w, https:\/\/blog.uclm.es\/sylviamolina\/wp-content\/uploads\/sites\/84\/2013\/11\/Captura-de-pantalla-2014-10-17-a-las-17.23.06-2-300x171.png 300w, https:\/\/blog.uclm.es\/sylviamolina\/wp-content\/uploads\/sites\/84\/2013\/11\/Captura-de-pantalla-2014-10-17-a-las-17.23.06-2-768x439.png 768w, https:\/\/blog.uclm.es\/sylviamolina\/wp-content\/uploads\/sites\/84\/2013\/11\/Captura-de-pantalla-2014-10-17-a-las-17.23.06-2-1536x878.png 1536w, https:\/\/blog.uclm.es\/sylviamolina\/wp-content\/uploads\/sites\/84\/2013\/11\/Captura-de-pantalla-2014-10-17-a-las-17.23.06-2.png 1680w\" sizes=\"auto, (max-width: 767px) 89vw, (max-width: 1000px) 54vw, (max-width: 1071px) 543px, 580px\" \/><\/figure><\/li><li class=\"blocks-gallery-item\"><figure><img loading=\"lazy\" decoding=\"async\" width=\"1024\" height=\"583\" src=\"https:\/\/blog.uclm.es\/sylviamolina\/wp-content\/uploads\/sites\/84\/2013\/11\/Captura-de-pantalla-2014-10-17-a-las-17.23.21-2-1024x583.png\" alt=\"\" data-id=\"8591\" data-full-url=\"https:\/\/blog.uclm.es\/sylviamolina\/wp-content\/uploads\/sites\/84\/2013\/11\/Captura-de-pantalla-2014-10-17-a-las-17.23.21-2.png\" data-link=\"https:\/\/sylviamolina.es\/2013\/11\/poliedro-sinestesico\/captura-de-pantalla-2014-10-17-a-las-17-23-21-2\/\" class=\"wp-image-8591\" srcset=\"https:\/\/blog.uclm.es\/sylviamolina\/wp-content\/uploads\/sites\/84\/2013\/11\/Captura-de-pantalla-2014-10-17-a-las-17.23.21-2-1024x583.png 1024w, https:\/\/blog.uclm.es\/sylviamolina\/wp-content\/uploads\/sites\/84\/2013\/11\/Captura-de-pantalla-2014-10-17-a-las-17.23.21-2-300x171.png 300w, https:\/\/blog.uclm.es\/sylviamolina\/wp-content\/uploads\/sites\/84\/2013\/11\/Captura-de-pantalla-2014-10-17-a-las-17.23.21-2-768x437.png 768w, https:\/\/blog.uclm.es\/sylviamolina\/wp-content\/uploads\/sites\/84\/2013\/11\/Captura-de-pantalla-2014-10-17-a-las-17.23.21-2.png 1240w\" sizes=\"auto, (max-width: 767px) 89vw, (max-width: 1000px) 54vw, (max-width: 1071px) 543px, 580px\" \/><\/figure><\/li><li class=\"blocks-gallery-item\"><figure><img loading=\"lazy\" decoding=\"async\" width=\"1024\" height=\"640\" src=\"https:\/\/blog.uclm.es\/sylviamolina\/wp-content\/uploads\/sites\/84\/2013\/11\/fondo-Youtube_sk-1024x640.png\" alt=\"\" data-id=\"8542\" data-full-url=\"https:\/\/blog.uclm.es\/sylviamolina\/wp-content\/uploads\/sites\/84\/2013\/11\/fondo-Youtube_sk.png\" data-link=\"https:\/\/sylviamolina.es\/2013\/11\/poliedro-sinestesico\/fondo-youtube_sk\/\" class=\"wp-image-8542\" srcset=\"https:\/\/blog.uclm.es\/sylviamolina\/wp-content\/uploads\/sites\/84\/2013\/11\/fondo-Youtube_sk-1024x640.png 1024w, https:\/\/blog.uclm.es\/sylviamolina\/wp-content\/uploads\/sites\/84\/2013\/11\/fondo-Youtube_sk-300x188.png 300w, https:\/\/blog.uclm.es\/sylviamolina\/wp-content\/uploads\/sites\/84\/2013\/11\/fondo-Youtube_sk-768x480.png 768w, https:\/\/blog.uclm.es\/sylviamolina\/wp-content\/uploads\/sites\/84\/2013\/11\/fondo-Youtube_sk.png 1240w\" sizes=\"auto, (max-width: 767px) 89vw, (max-width: 1000px) 54vw, (max-width: 1071px) 543px, 580px\" \/><\/figure><\/li><li class=\"blocks-gallery-item\"><figure><img loading=\"lazy\" decoding=\"async\" width=\"1024\" height=\"592\" src=\"https:\/\/blog.uclm.es\/sylviamolina\/wp-content\/uploads\/sites\/84\/2013\/11\/Captura-de-pantalla-2014-10-17-a-las-17.25.13-2-1024x592.png\" alt=\"\" data-id=\"8585\" data-full-url=\"https:\/\/blog.uclm.es\/sylviamolina\/wp-content\/uploads\/sites\/84\/2013\/11\/Captura-de-pantalla-2014-10-17-a-las-17.25.13-2.png\" data-link=\"https:\/\/sylviamolina.es\/2013\/11\/poliedro-sinestesico\/captura-de-pantalla-2014-10-17-a-las-17-25-13-2\/\" class=\"wp-image-8585\" srcset=\"https:\/\/blog.uclm.es\/sylviamolina\/wp-content\/uploads\/sites\/84\/2013\/11\/Captura-de-pantalla-2014-10-17-a-las-17.25.13-2-1024x592.png 1024w, https:\/\/blog.uclm.es\/sylviamolina\/wp-content\/uploads\/sites\/84\/2013\/11\/Captura-de-pantalla-2014-10-17-a-las-17.25.13-2-300x173.png 300w, https:\/\/blog.uclm.es\/sylviamolina\/wp-content\/uploads\/sites\/84\/2013\/11\/Captura-de-pantalla-2014-10-17-a-las-17.25.13-2-768x444.png 768w, https:\/\/blog.uclm.es\/sylviamolina\/wp-content\/uploads\/sites\/84\/2013\/11\/Captura-de-pantalla-2014-10-17-a-las-17.25.13-2.png 1240w\" sizes=\"auto, (max-width: 767px) 89vw, (max-width: 1000px) 54vw, (max-width: 1071px) 543px, 580px\" \/><\/figure><\/li><li class=\"blocks-gallery-item\"><figure><img loading=\"lazy\" decoding=\"async\" width=\"1024\" height=\"640\" src=\"https:\/\/blog.uclm.es\/sylviamolina\/wp-content\/uploads\/sites\/84\/2013\/11\/Captura-de-pantalla-2014-10-18-a-las-11.30.33-2-1024x640.png\" alt=\"\" data-id=\"8543\" data-full-url=\"https:\/\/blog.uclm.es\/sylviamolina\/wp-content\/uploads\/sites\/84\/2013\/11\/Captura-de-pantalla-2014-10-18-a-las-11.30.33-2.png\" data-link=\"https:\/\/sylviamolina.es\/2013\/11\/poliedro-sinestesico\/captura-de-pantalla-2014-10-18-a-las-11-30-33-2\/\" class=\"wp-image-8543\" srcset=\"https:\/\/blog.uclm.es\/sylviamolina\/wp-content\/uploads\/sites\/84\/2013\/11\/Captura-de-pantalla-2014-10-18-a-las-11.30.33-2-1024x640.png 1024w, https:\/\/blog.uclm.es\/sylviamolina\/wp-content\/uploads\/sites\/84\/2013\/11\/Captura-de-pantalla-2014-10-18-a-las-11.30.33-2-300x188.png 300w, https:\/\/blog.uclm.es\/sylviamolina\/wp-content\/uploads\/sites\/84\/2013\/11\/Captura-de-pantalla-2014-10-18-a-las-11.30.33-2-768x480.png 768w, https:\/\/blog.uclm.es\/sylviamolina\/wp-content\/uploads\/sites\/84\/2013\/11\/Captura-de-pantalla-2014-10-18-a-las-11.30.33-2.png 1240w\" sizes=\"auto, (max-width: 767px) 89vw, (max-width: 1000px) 54vw, (max-width: 1071px) 543px, 580px\" \/><\/figure><\/li><li class=\"blocks-gallery-item\"><figure><img loading=\"lazy\" decoding=\"async\" width=\"1024\" height=\"601\" src=\"https:\/\/blog.uclm.es\/sylviamolina\/wp-content\/uploads\/sites\/84\/2013\/11\/Captura-de-pantalla-2014-10-17-a-las-17.48.34-2-1024x601.png\" alt=\"\" data-id=\"8576\" data-full-url=\"https:\/\/blog.uclm.es\/sylviamolina\/wp-content\/uploads\/sites\/84\/2013\/11\/Captura-de-pantalla-2014-10-17-a-las-17.48.34-2.png\" data-link=\"https:\/\/sylviamolina.es\/2013\/11\/poliedro-sinestesico\/captura-de-pantalla-2014-10-17-a-las-17-48-34-2\/\" class=\"wp-image-8576\" srcset=\"https:\/\/blog.uclm.es\/sylviamolina\/wp-content\/uploads\/sites\/84\/2013\/11\/Captura-de-pantalla-2014-10-17-a-las-17.48.34-2-1024x601.png 1024w, https:\/\/blog.uclm.es\/sylviamolina\/wp-content\/uploads\/sites\/84\/2013\/11\/Captura-de-pantalla-2014-10-17-a-las-17.48.34-2-300x176.png 300w, https:\/\/blog.uclm.es\/sylviamolina\/wp-content\/uploads\/sites\/84\/2013\/11\/Captura-de-pantalla-2014-10-17-a-las-17.48.34-2-768x450.png 768w, https:\/\/blog.uclm.es\/sylviamolina\/wp-content\/uploads\/sites\/84\/2013\/11\/Captura-de-pantalla-2014-10-17-a-las-17.48.34-2.png 1473w\" sizes=\"auto, (max-width: 767px) 89vw, (max-width: 1000px) 54vw, (max-width: 1071px) 543px, 580px\" \/><\/figure><\/li><li class=\"blocks-gallery-item\"><figure><img loading=\"lazy\" decoding=\"async\" width=\"729\" height=\"838\" src=\"https:\/\/blog.uclm.es\/sylviamolina\/wp-content\/uploads\/sites\/84\/2013\/11\/Captura-de-pantalla-2013-12-06-a-las-11.02.57.png\" alt=\"\" data-id=\"8540\" data-full-url=\"https:\/\/blog.uclm.es\/sylviamolina\/wp-content\/uploads\/sites\/84\/2013\/11\/Captura-de-pantalla-2013-12-06-a-las-11.02.57.png\" data-link=\"https:\/\/sylviamolina.es\/2013\/11\/poliedro-sinestesico\/captura-de-pantalla-2013-12-06-a-las-11-02-57\/\" class=\"wp-image-8540\" srcset=\"https:\/\/blog.uclm.es\/sylviamolina\/wp-content\/uploads\/sites\/84\/2013\/11\/Captura-de-pantalla-2013-12-06-a-las-11.02.57.png 729w, https:\/\/blog.uclm.es\/sylviamolina\/wp-content\/uploads\/sites\/84\/2013\/11\/Captura-de-pantalla-2013-12-06-a-las-11.02.57-261x300.png 261w\" sizes=\"auto, (max-width: 729px) 100vw, 729px\" \/><\/figure><\/li><li class=\"blocks-gallery-item\"><figure><img loading=\"lazy\" decoding=\"async\" width=\"1024\" height=\"591\" src=\"https:\/\/blog.uclm.es\/sylviamolina\/wp-content\/uploads\/sites\/84\/2013\/11\/Captura-de-pantalla-2014-10-17-a-las-17.25.08-2-1024x591.png\" alt=\"\" data-id=\"8574\" data-full-url=\"https:\/\/blog.uclm.es\/sylviamolina\/wp-content\/uploads\/sites\/84\/2013\/11\/Captura-de-pantalla-2014-10-17-a-las-17.25.08-2.png\" data-link=\"https:\/\/sylviamolina.es\/2013\/11\/poliedro-sinestesico\/captura-de-pantalla-2014-10-17-a-las-17-25-08-2\/\" class=\"wp-image-8574\" srcset=\"https:\/\/blog.uclm.es\/sylviamolina\/wp-content\/uploads\/sites\/84\/2013\/11\/Captura-de-pantalla-2014-10-17-a-las-17.25.08-2-1024x591.png 1024w, https:\/\/blog.uclm.es\/sylviamolina\/wp-content\/uploads\/sites\/84\/2013\/11\/Captura-de-pantalla-2014-10-17-a-las-17.25.08-2-300x173.png 300w, https:\/\/blog.uclm.es\/sylviamolina\/wp-content\/uploads\/sites\/84\/2013\/11\/Captura-de-pantalla-2014-10-17-a-las-17.25.08-2-768x443.png 768w, https:\/\/blog.uclm.es\/sylviamolina\/wp-content\/uploads\/sites\/84\/2013\/11\/Captura-de-pantalla-2014-10-17-a-las-17.25.08-2-1536x886.png 1536w, https:\/\/blog.uclm.es\/sylviamolina\/wp-content\/uploads\/sites\/84\/2013\/11\/Captura-de-pantalla-2014-10-17-a-las-17.25.08-2.png 1680w\" sizes=\"auto, (max-width: 767px) 89vw, (max-width: 1000px) 54vw, (max-width: 1071px) 543px, 580px\" \/><\/figure><\/li><li class=\"blocks-gallery-item\"><figure><img loading=\"lazy\" decoding=\"async\" width=\"1024\" height=\"587\" src=\"https:\/\/blog.uclm.es\/sylviamolina\/wp-content\/uploads\/sites\/84\/2013\/11\/Captura-de-pantalla-2014-10-17-a-las-17.24.29-2-1024x587.png\" alt=\"\" data-id=\"8558\" data-full-url=\"https:\/\/blog.uclm.es\/sylviamolina\/wp-content\/uploads\/sites\/84\/2013\/11\/Captura-de-pantalla-2014-10-17-a-las-17.24.29-2.png\" data-link=\"https:\/\/sylviamolina.es\/2013\/11\/poliedro-sinestesico\/captura-de-pantalla-2014-10-17-a-las-17-24-29-2\/\" class=\"wp-image-8558\" srcset=\"https:\/\/blog.uclm.es\/sylviamolina\/wp-content\/uploads\/sites\/84\/2013\/11\/Captura-de-pantalla-2014-10-17-a-las-17.24.29-2-1024x587.png 1024w, https:\/\/blog.uclm.es\/sylviamolina\/wp-content\/uploads\/sites\/84\/2013\/11\/Captura-de-pantalla-2014-10-17-a-las-17.24.29-2-300x172.png 300w, https:\/\/blog.uclm.es\/sylviamolina\/wp-content\/uploads\/sites\/84\/2013\/11\/Captura-de-pantalla-2014-10-17-a-las-17.24.29-2-768x440.png 768w, https:\/\/blog.uclm.es\/sylviamolina\/wp-content\/uploads\/sites\/84\/2013\/11\/Captura-de-pantalla-2014-10-17-a-las-17.24.29-2-1536x880.png 1536w, https:\/\/blog.uclm.es\/sylviamolina\/wp-content\/uploads\/sites\/84\/2013\/11\/Captura-de-pantalla-2014-10-17-a-las-17.24.29-2.png 1680w\" sizes=\"auto, (max-width: 767px) 89vw, (max-width: 1000px) 54vw, (max-width: 1071px) 543px, 580px\" \/><\/figure><\/li><li class=\"blocks-gallery-item\"><figure><img loading=\"lazy\" decoding=\"async\" width=\"1024\" height=\"576\" src=\"https:\/\/blog.uclm.es\/sylviamolina\/wp-content\/uploads\/sites\/84\/2013\/11\/ful-verde-1024x576.png\" alt=\"\" data-id=\"8555\" data-full-url=\"https:\/\/blog.uclm.es\/sylviamolina\/wp-content\/uploads\/sites\/84\/2013\/11\/ful-verde.png\" data-link=\"https:\/\/sylviamolina.es\/2013\/11\/poliedro-sinestesico\/ful-verde\/\" class=\"wp-image-8555\" srcset=\"https:\/\/blog.uclm.es\/sylviamolina\/wp-content\/uploads\/sites\/84\/2013\/11\/ful-verde-1024x576.png 1024w, https:\/\/blog.uclm.es\/sylviamolina\/wp-content\/uploads\/sites\/84\/2013\/11\/ful-verde-300x169.png 300w, https:\/\/blog.uclm.es\/sylviamolina\/wp-content\/uploads\/sites\/84\/2013\/11\/ful-verde-768x432.png 768w, https:\/\/blog.uclm.es\/sylviamolina\/wp-content\/uploads\/sites\/84\/2013\/11\/ful-verde.png 1240w\" sizes=\"auto, (max-width: 767px) 89vw, (max-width: 1000px) 54vw, (max-width: 1071px) 543px, 580px\" \/><\/figure><\/li><li class=\"blocks-gallery-item\"><figure><img loading=\"lazy\" decoding=\"async\" width=\"1024\" height=\"576\" src=\"https:\/\/blog.uclm.es\/sylviamolina\/wp-content\/uploads\/sites\/84\/2013\/11\/Captura-de-pantalla-2014-01-30-a-las-20.34.09-1024x576.png\" alt=\"\" data-id=\"8553\" data-full-url=\"https:\/\/blog.uclm.es\/sylviamolina\/wp-content\/uploads\/sites\/84\/2013\/11\/Captura-de-pantalla-2014-01-30-a-las-20.34.09.png\" data-link=\"https:\/\/sylviamolina.es\/2013\/11\/poliedro-sinestesico\/captura-de-pantalla-2014-01-30-a-las-20-34-09\/\" class=\"wp-image-8553\" srcset=\"https:\/\/blog.uclm.es\/sylviamolina\/wp-content\/uploads\/sites\/84\/2013\/11\/Captura-de-pantalla-2014-01-30-a-las-20.34.09-1024x576.png 1024w, https:\/\/blog.uclm.es\/sylviamolina\/wp-content\/uploads\/sites\/84\/2013\/11\/Captura-de-pantalla-2014-01-30-a-las-20.34.09-300x169.png 300w, https:\/\/blog.uclm.es\/sylviamolina\/wp-content\/uploads\/sites\/84\/2013\/11\/Captura-de-pantalla-2014-01-30-a-las-20.34.09-768x432.png 768w, https:\/\/blog.uclm.es\/sylviamolina\/wp-content\/uploads\/sites\/84\/2013\/11\/Captura-de-pantalla-2014-01-30-a-las-20.34.09.png 1240w\" sizes=\"auto, (max-width: 767px) 89vw, (max-width: 1000px) 54vw, (max-width: 1071px) 543px, 580px\" \/><\/figure><\/li><li class=\"blocks-gallery-item\"><figure><img loading=\"lazy\" decoding=\"async\" width=\"1024\" height=\"576\" src=\"https:\/\/blog.uclm.es\/sylviamolina\/wp-content\/uploads\/sites\/84\/2013\/11\/Captura-de-pantalla-2014-01-30-a-las-20.31.48-1-1024x576.png\" alt=\"\" data-id=\"8551\" data-full-url=\"https:\/\/blog.uclm.es\/sylviamolina\/wp-content\/uploads\/sites\/84\/2013\/11\/Captura-de-pantalla-2014-01-30-a-las-20.31.48-1.png\" data-link=\"https:\/\/sylviamolina.es\/2013\/11\/poliedro-sinestesico\/captura-de-pantalla-2014-01-30-a-las-20-31-48-1\/\" class=\"wp-image-8551\" srcset=\"https:\/\/blog.uclm.es\/sylviamolina\/wp-content\/uploads\/sites\/84\/2013\/11\/Captura-de-pantalla-2014-01-30-a-las-20.31.48-1-1024x576.png 1024w, https:\/\/blog.uclm.es\/sylviamolina\/wp-content\/uploads\/sites\/84\/2013\/11\/Captura-de-pantalla-2014-01-30-a-las-20.31.48-1-300x169.png 300w, https:\/\/blog.uclm.es\/sylviamolina\/wp-content\/uploads\/sites\/84\/2013\/11\/Captura-de-pantalla-2014-01-30-a-las-20.31.48-1-768x432.png 768w, https:\/\/blog.uclm.es\/sylviamolina\/wp-content\/uploads\/sites\/84\/2013\/11\/Captura-de-pantalla-2014-01-30-a-las-20.31.48-1.png 1240w\" sizes=\"auto, (max-width: 767px) 89vw, (max-width: 1000px) 54vw, (max-width: 1071px) 543px, 580px\" \/><\/figure><\/li><li class=\"blocks-gallery-item\"><figure><img loading=\"lazy\" decoding=\"async\" width=\"1024\" height=\"576\" src=\"https:\/\/blog.uclm.es\/sylviamolina\/wp-content\/uploads\/sites\/84\/2013\/11\/Captura-de-pantalla-2014-01-30-a-las-20.34.23-1-1024x576.png\" alt=\"\" data-id=\"8550\" data-full-url=\"https:\/\/blog.uclm.es\/sylviamolina\/wp-content\/uploads\/sites\/84\/2013\/11\/Captura-de-pantalla-2014-01-30-a-las-20.34.23-1.png\" data-link=\"https:\/\/sylviamolina.es\/2013\/11\/poliedro-sinestesico\/captura-de-pantalla-2014-01-30-a-las-20-34-23-1\/\" class=\"wp-image-8550\" srcset=\"https:\/\/blog.uclm.es\/sylviamolina\/wp-content\/uploads\/sites\/84\/2013\/11\/Captura-de-pantalla-2014-01-30-a-las-20.34.23-1-1024x576.png 1024w, https:\/\/blog.uclm.es\/sylviamolina\/wp-content\/uploads\/sites\/84\/2013\/11\/Captura-de-pantalla-2014-01-30-a-las-20.34.23-1-300x169.png 300w, https:\/\/blog.uclm.es\/sylviamolina\/wp-content\/uploads\/sites\/84\/2013\/11\/Captura-de-pantalla-2014-01-30-a-las-20.34.23-1-768x432.png 768w, https:\/\/blog.uclm.es\/sylviamolina\/wp-content\/uploads\/sites\/84\/2013\/11\/Captura-de-pantalla-2014-01-30-a-las-20.34.23-1.png 1240w\" sizes=\"auto, (max-width: 767px) 89vw, (max-width: 1000px) 54vw, (max-width: 1071px) 543px, 580px\" \/><\/figure><\/li><li class=\"blocks-gallery-item\"><figure><img loading=\"lazy\" decoding=\"async\" width=\"1024\" height=\"576\" src=\"https:\/\/blog.uclm.es\/sylviamolina\/wp-content\/uploads\/sites\/84\/2013\/11\/Captura-de-pantalla-2014-01-30-a-las-20.31.53-2-1024x576.png\" alt=\"\" data-id=\"8549\" data-full-url=\"https:\/\/blog.uclm.es\/sylviamolina\/wp-content\/uploads\/sites\/84\/2013\/11\/Captura-de-pantalla-2014-01-30-a-las-20.31.53-2.png\" data-link=\"https:\/\/sylviamolina.es\/2013\/11\/poliedro-sinestesico\/captura-de-pantalla-2014-01-30-a-las-20-31-53-2\/\" class=\"wp-image-8549\" srcset=\"https:\/\/blog.uclm.es\/sylviamolina\/wp-content\/uploads\/sites\/84\/2013\/11\/Captura-de-pantalla-2014-01-30-a-las-20.31.53-2-1024x576.png 1024w, https:\/\/blog.uclm.es\/sylviamolina\/wp-content\/uploads\/sites\/84\/2013\/11\/Captura-de-pantalla-2014-01-30-a-las-20.31.53-2-300x169.png 300w, https:\/\/blog.uclm.es\/sylviamolina\/wp-content\/uploads\/sites\/84\/2013\/11\/Captura-de-pantalla-2014-01-30-a-las-20.31.53-2-768x432.png 768w, https:\/\/blog.uclm.es\/sylviamolina\/wp-content\/uploads\/sites\/84\/2013\/11\/Captura-de-pantalla-2014-01-30-a-las-20.31.53-2.png 1240w\" sizes=\"auto, (max-width: 767px) 89vw, (max-width: 1000px) 54vw, (max-width: 1071px) 543px, 580px\" \/><\/figure><\/li><li class=\"blocks-gallery-item\"><figure><img loading=\"lazy\" decoding=\"async\" width=\"1024\" height=\"576\" src=\"https:\/\/blog.uclm.es\/sylviamolina\/wp-content\/uploads\/sites\/84\/2013\/11\/Captura-de-pantalla-2014-01-30-a-las-20.34.21-2-1024x576.png\" alt=\"\" data-id=\"8548\" data-full-url=\"https:\/\/blog.uclm.es\/sylviamolina\/wp-content\/uploads\/sites\/84\/2013\/11\/Captura-de-pantalla-2014-01-30-a-las-20.34.21-2.png\" data-link=\"https:\/\/sylviamolina.es\/2013\/11\/poliedro-sinestesico\/captura-de-pantalla-2014-01-30-a-las-20-34-21-2\/\" class=\"wp-image-8548\" srcset=\"https:\/\/blog.uclm.es\/sylviamolina\/wp-content\/uploads\/sites\/84\/2013\/11\/Captura-de-pantalla-2014-01-30-a-las-20.34.21-2-1024x576.png 1024w, https:\/\/blog.uclm.es\/sylviamolina\/wp-content\/uploads\/sites\/84\/2013\/11\/Captura-de-pantalla-2014-01-30-a-las-20.34.21-2-300x169.png 300w, https:\/\/blog.uclm.es\/sylviamolina\/wp-content\/uploads\/sites\/84\/2013\/11\/Captura-de-pantalla-2014-01-30-a-las-20.34.21-2-768x432.png 768w, https:\/\/blog.uclm.es\/sylviamolina\/wp-content\/uploads\/sites\/84\/2013\/11\/Captura-de-pantalla-2014-01-30-a-las-20.34.21-2.png 1240w\" sizes=\"auto, (max-width: 767px) 89vw, (max-width: 1000px) 54vw, (max-width: 1071px) 543px, 580px\" \/><\/figure><\/li><li class=\"blocks-gallery-item\"><figure><img loading=\"lazy\" decoding=\"async\" width=\"1024\" height=\"576\" src=\"https:\/\/blog.uclm.es\/sylviamolina\/wp-content\/uploads\/sites\/84\/2013\/11\/Captura-de-pantalla-2014-01-30-a-las-20.31.53-3-1024x576.png\" alt=\"\" data-id=\"8547\" data-full-url=\"https:\/\/blog.uclm.es\/sylviamolina\/wp-content\/uploads\/sites\/84\/2013\/11\/Captura-de-pantalla-2014-01-30-a-las-20.31.53-3.png\" data-link=\"https:\/\/sylviamolina.es\/2013\/11\/poliedro-sinestesico\/captura-de-pantalla-2014-01-30-a-las-20-31-53-3\/\" class=\"wp-image-8547\" srcset=\"https:\/\/blog.uclm.es\/sylviamolina\/wp-content\/uploads\/sites\/84\/2013\/11\/Captura-de-pantalla-2014-01-30-a-las-20.31.53-3-1024x576.png 1024w, https:\/\/blog.uclm.es\/sylviamolina\/wp-content\/uploads\/sites\/84\/2013\/11\/Captura-de-pantalla-2014-01-30-a-las-20.31.53-3-300x169.png 300w, https:\/\/blog.uclm.es\/sylviamolina\/wp-content\/uploads\/sites\/84\/2013\/11\/Captura-de-pantalla-2014-01-30-a-las-20.31.53-3-768x432.png 768w, https:\/\/blog.uclm.es\/sylviamolina\/wp-content\/uploads\/sites\/84\/2013\/11\/Captura-de-pantalla-2014-01-30-a-las-20.31.53-3.png 1240w\" sizes=\"auto, (max-width: 767px) 89vw, (max-width: 1000px) 54vw, (max-width: 1071px) 543px, 580px\" \/><\/figure><\/li><li class=\"blocks-gallery-item\"><figure><img loading=\"lazy\" decoding=\"async\" width=\"1024\" height=\"576\" src=\"https:\/\/blog.uclm.es\/sylviamolina\/wp-content\/uploads\/sites\/84\/2013\/11\/Captura-de-pantalla-2014-01-30-a-las-20.31.51-1-1024x576.png\" alt=\"\" data-id=\"8546\" data-full-url=\"https:\/\/blog.uclm.es\/sylviamolina\/wp-content\/uploads\/sites\/84\/2013\/11\/Captura-de-pantalla-2014-01-30-a-las-20.31.51-1.png\" data-link=\"https:\/\/sylviamolina.es\/2013\/11\/poliedro-sinestesico\/captura-de-pantalla-2014-01-30-a-las-20-31-51-1\/\" class=\"wp-image-8546\" srcset=\"https:\/\/blog.uclm.es\/sylviamolina\/wp-content\/uploads\/sites\/84\/2013\/11\/Captura-de-pantalla-2014-01-30-a-las-20.31.51-1-1024x576.png 1024w, https:\/\/blog.uclm.es\/sylviamolina\/wp-content\/uploads\/sites\/84\/2013\/11\/Captura-de-pantalla-2014-01-30-a-las-20.31.51-1-300x169.png 300w, https:\/\/blog.uclm.es\/sylviamolina\/wp-content\/uploads\/sites\/84\/2013\/11\/Captura-de-pantalla-2014-01-30-a-las-20.31.51-1-768x432.png 768w, https:\/\/blog.uclm.es\/sylviamolina\/wp-content\/uploads\/sites\/84\/2013\/11\/Captura-de-pantalla-2014-01-30-a-las-20.31.51-1.png 1240w\" sizes=\"auto, (max-width: 767px) 89vw, (max-width: 1000px) 54vw, (max-width: 1071px) 543px, 580px\" \/><\/figure><\/li><\/ul><\/figure>\n","protected":false},"excerpt":{"rendered":"<p>[:en] POLIEDRO SINEST\u00c9SICO Composici\u00f3n Musical Colectiva Multicanal Julio Sanz V\u00e1zquez &amp; Sylvia Molina\u2028Bas\u00e1ndonos en la experiencia de creaci\u00f3n colectiva Poliedro on line de \u00a0Fabian Esteban Luna (Argentina) Gracias a la colaboraci\u00f3n del Departamento de Arte y Fabi\u00e1n Esteban (http:\/\/poliedronline.blogspot.com.ar\/p\/grupo-g.html) Direcci\u00f3n: Julio Sanz V\u00e1zquez &amp; Sylvia Molina Autores: Sheila Monta\u00f1a; Alfredo Spiteri; Laura Villaluenga; Gonzalo L\u00f3pez; &hellip; <\/p>\n<p class=\"link-more\"><a href=\"https:\/\/blog.uclm.es\/sylviamolina\/2013\/11\/06\/poliedro-sinestesico\/\" class=\"more-link\">Continuar leyendo<span class=\"screen-reader-text\"> \u00abPoliedro Sinest\u00e9sico\u00bb<\/span><\/a><\/p>\n","protected":false},"author":181,"featured_media":8548,"comment_status":"open","ping_status":"open","sticky":false,"template":"","format":"standard","meta":{"footnotes":""},"categories":[6,74,9,10,78,80,62,64,69],"tags":[],"class_list":["post-981","post","type-post","status-publish","format-standard","has-post-thumbnail","hentry","category-acuoso","category-bbaa_uclm","category-conciertos","category-conferencias","category-talleres-dirigidso","category-talleres-impartidos","category-sinestesia","category-sonido","category-workshop"],"_links":{"self":[{"href":"https:\/\/blog.uclm.es\/sylviamolina\/wp-json\/wp\/v2\/posts\/981","targetHints":{"allow":["GET"]}}],"collection":[{"href":"https:\/\/blog.uclm.es\/sylviamolina\/wp-json\/wp\/v2\/posts"}],"about":[{"href":"https:\/\/blog.uclm.es\/sylviamolina\/wp-json\/wp\/v2\/types\/post"}],"author":[{"embeddable":true,"href":"https:\/\/blog.uclm.es\/sylviamolina\/wp-json\/wp\/v2\/users\/181"}],"replies":[{"embeddable":true,"href":"https:\/\/blog.uclm.es\/sylviamolina\/wp-json\/wp\/v2\/comments?post=981"}],"version-history":[{"count":0,"href":"https:\/\/blog.uclm.es\/sylviamolina\/wp-json\/wp\/v2\/posts\/981\/revisions"}],"wp:featuredmedia":[{"embeddable":true,"href":"https:\/\/blog.uclm.es\/sylviamolina\/wp-json\/wp\/v2\/media\/8548"}],"wp:attachment":[{"href":"https:\/\/blog.uclm.es\/sylviamolina\/wp-json\/wp\/v2\/media?parent=981"}],"wp:term":[{"taxonomy":"category","embeddable":true,"href":"https:\/\/blog.uclm.es\/sylviamolina\/wp-json\/wp\/v2\/categories?post=981"},{"taxonomy":"post_tag","embeddable":true,"href":"https:\/\/blog.uclm.es\/sylviamolina\/wp-json\/wp\/v2\/tags?post=981"}],"curies":[{"name":"wp","href":"https:\/\/api.w.org\/{rel}","templated":true}]}}