{"id":950,"date":"2013-10-07T11:51:15","date_gmt":"2013-10-07T11:51:15","guid":{"rendered":"http:\/\/www3.uclm.es\/profesorado\/symolina\/wordpress\/?p=950"},"modified":"2013-10-07T11:51:15","modified_gmt":"2013-10-07T11:51:15","slug":"liquida-v1-4a","status":"publish","type":"post","link":"https:\/\/blog.uclm.es\/sylviamolina\/2013\/10\/07\/liquida-v1-4a\/","title":{"rendered":"L\u00edquida v1.4a"},"content":{"rendered":"<p>[:en]<\/p>\n<p class=\"p1\">T\u00edtulo del trabajo: Presentaci\u00f3n &#8216;L\u00edquida v1.0&#8217; &amp; revista Mi.MO<\/p>\n<p class=\"p1\">Nombre del evento: Opening \u2018Video Match\u201913<\/p>\n<p class=\"p1\">Ciudad de celebraci\u00f3n: Ljubljana. Eslovenia.,<\/p>\n<p class=\"p1\">Fecha de celebraci\u00f3n: 15\/10\/2013<\/p>\n<p class=\"p1\">Entidad organizadora: Galler\u00eda ZDSLU (The Slovenian Association of Fine Arts Societies)<\/p>\n<h2><img loading=\"lazy\" decoding=\"async\" class=\"alignnone size-full wp-image-2666\" src=\"http:\/\/sylviamolina.es\/wp-content\/uploads\/1992\/05\/Captura-de-pantalla-2016-06-07-a-las-13.56.51.png\" alt=\"\" width=\"1048\" height=\"783\" \/>L\u00edquida v1.4a<\/h2>\n<p>Grupo art\u00edsitico: If\u2026then. Autores: Joaqu\u00edn D\u00edaz; Sylvia Molina; Javier Osona; Julio Sanz.<\/p>\n<p>&nbsp;<\/p>\n<p>The &#8216;Liquid v1.4a&#8217; is a facility that allows us to capture the processes based on the viewer&#8217;s presence. The viewer observes a process, a non-lineal guidelines that another viewer generate simultaneously at the other side of space. Two space come together thanks to the technology. The actuator&#8217;s shadow is present at the same time in the same space. It generates a dialogue between the different spaces.<\/p>\n<p>This is the mock play of the &#8216;real&#8217;.<\/p>\n<p>The processes are not static and suggests the multiplicity of possibilities. The work moves between mathematical structures and poetry derived signic patterned on a &#8216;score of behaviors&#8217; that the viewer has to interpret acting.<\/p>\n<p>This project exists at the time of the execution, not earlier than later, so that&#8217;s why this piece exists.<\/p>\n<p>The machine needs to run in a way that express interactivity. An invisible device produced by the presence of the viewer.<\/p>\n<p>&nbsp;<\/p>\n<h2><img loading=\"lazy\" decoding=\"async\" class=\"alignnone size-full wp-image-2532\" src=\"http:\/\/sylviamolina.es\/wp-content\/uploads\/2018\/06\/liquidaMontajeJoaquin.jpg\" alt=\"\" width=\"1600\" height=\"1035\" \/><\/h2>\n<p>Exposiciones (<a href=\"http:\/\/www3.uclm.es\/profesorado\/symolina\/wordpress\/?p=823\" target=\"_blank\" rel=\"noopener\">ver otras versiones de l\u00edquida<\/a>)<\/p>\n<p style=\"padding-left: 30px\">\u2018<strong>Video Match\u201913<\/strong>.<\/p>\n<p style=\"padding-left: 30px\">Galler\u00eda ZDSLU.<\/p>\n<p style=\"padding-left: 30px\">Ljubljana. Eslovenia.<\/p>\n<p style=\"padding-left: 30px\">15\/10\/2013- 19\/10\/2013.<\/p>\n<p>&nbsp;<\/p>\n<h3>Videos relacionados:<\/h3>\n<p>L\u00edquida para la revista <a href=\"http:\/\/bellasartes.uclm.es\/mimo\" target=\"_blank\" rel=\"noopener\">Mi.MO 2013<\/a>:<\/p>\n<p>https:\/\/youtu.be\/CLqN3GNr_80<\/p>\n<p>&nbsp;<\/p>\n<p>&nbsp;<\/p>\n<p>Presentaci\u00f3n Inauguraci\u00f3n Ljubjana:<\/p>\n<p>https:\/\/youtu.be\/BP91cI4GtEE<\/p>\n<p>&nbsp;<\/p>\n<h3>Galer\u00eda de im\u00e1genes:<\/h3>\n<p><img decoding=\"async\" class=\"ngg_displayed_gallery mceItem\" src=\"http:\/\/www3.uclm.es\/profesorado\/symolina\/wordpress\/index.php\/nextgen-attach_to_post\/preview\/id--977\" \/><\/p>\n<p>&nbsp;<\/p>\n<p>[gview file=\u00bbhttp:\/\/www3.uclm.es\/profesorado\/symolina\/websanteriores\/2016\/ifThen\/liquida\/2013_Liquida_v1-4a\/DOCs\/Liquidav14a_14Oct2013.pdf\u00bb save=\u00bb0&#8243;]<\/p>\n<p>&nbsp;<\/p>\n<p>&nbsp;<\/p>\n<p>&nbsp;<\/p>\n<p>&nbsp;<\/p>\n<p>[:]<\/p>\n","protected":false},"excerpt":{"rendered":"<p>[:en] T\u00edtulo del trabajo: Presentaci\u00f3n &#8216;L\u00edquida v1.0&#8217; &amp; revista Mi.MO Nombre del evento: Opening \u2018Video Match\u201913 Ciudad de celebraci\u00f3n: Ljubljana. Eslovenia., Fecha de celebraci\u00f3n: 15\/10\/2013 Entidad organizadora: Galler\u00eda ZDSLU (The Slovenian Association of Fine Arts Societies) L\u00edquida v1.4a Grupo art\u00edsitico: If\u2026then. Autores: Joaqu\u00edn D\u00edaz; Sylvia Molina; Javier Osona; Julio Sanz. &nbsp; The &#8216;Liquid v1.4a&#8217; is &hellip; <\/p>\n<p class=\"link-more\"><a href=\"https:\/\/blog.uclm.es\/sylviamolina\/2013\/10\/07\/liquida-v1-4a\/\" class=\"more-link\">Continuar leyendo<span class=\"screen-reader-text\"> \u00abL\u00edquida v1.4a\u00bb<\/span><\/a><\/p>\n","protected":false},"author":181,"featured_media":3576,"comment_status":"open","ping_status":"open","sticky":false,"template":"","format":"standard","meta":{"footnotes":""},"categories":[12,13,24,33,35,36,64],"tags":[],"class_list":["post-950","post","type-post","status-publish","format-standard","has-post-thumbnail","hentry","category-cv-part01","category-cv_part02","category-exposiciones","category-if-then","category-instalaciones","category-interactivos","category-sonido"],"_links":{"self":[{"href":"https:\/\/blog.uclm.es\/sylviamolina\/wp-json\/wp\/v2\/posts\/950","targetHints":{"allow":["GET"]}}],"collection":[{"href":"https:\/\/blog.uclm.es\/sylviamolina\/wp-json\/wp\/v2\/posts"}],"about":[{"href":"https:\/\/blog.uclm.es\/sylviamolina\/wp-json\/wp\/v2\/types\/post"}],"author":[{"embeddable":true,"href":"https:\/\/blog.uclm.es\/sylviamolina\/wp-json\/wp\/v2\/users\/181"}],"replies":[{"embeddable":true,"href":"https:\/\/blog.uclm.es\/sylviamolina\/wp-json\/wp\/v2\/comments?post=950"}],"version-history":[{"count":0,"href":"https:\/\/blog.uclm.es\/sylviamolina\/wp-json\/wp\/v2\/posts\/950\/revisions"}],"wp:featuredmedia":[{"embeddable":true,"href":"https:\/\/blog.uclm.es\/sylviamolina\/wp-json\/wp\/v2\/media\/3576"}],"wp:attachment":[{"href":"https:\/\/blog.uclm.es\/sylviamolina\/wp-json\/wp\/v2\/media?parent=950"}],"wp:term":[{"taxonomy":"category","embeddable":true,"href":"https:\/\/blog.uclm.es\/sylviamolina\/wp-json\/wp\/v2\/categories?post=950"},{"taxonomy":"post_tag","embeddable":true,"href":"https:\/\/blog.uclm.es\/sylviamolina\/wp-json\/wp\/v2\/tags?post=950"}],"curies":[{"name":"wp","href":"https:\/\/api.w.org\/{rel}","templated":true}]}}