{"id":9205,"date":"2021-10-11T08:41:16","date_gmt":"2021-10-11T08:41:16","guid":{"rendered":"https:\/\/sylviamolina.es\/?p=9205"},"modified":"2021-10-11T08:41:16","modified_gmt":"2021-10-11T08:41:16","slug":"a-la-luz-de-mis-sombras-acompanado-de-relatos-poeticos","status":"publish","type":"post","link":"https:\/\/blog.uclm.es\/sylviamolina\/2021\/10\/11\/a-la-luz-de-mis-sombras-acompanado-de-relatos-poeticos\/","title":{"rendered":"&#8216;A la luz de mis sombras&#8217; acompa\u00f1ado de relatos po\u00e9ticos."},"content":{"rendered":"\n<figure class=\"wp-block-image size-large\"><img loading=\"lazy\" decoding=\"async\" width=\"1024\" height=\"626\" src=\"https:\/\/sylviamolina.es\/wp-content\/uploads\/2021\/10\/Captura-de-pantalla-2021-10-11-a-las-10.31.38-1024x626.png\" alt=\"\" class=\"wp-image-9206\" srcset=\"https:\/\/blog.uclm.es\/sylviamolina\/wp-content\/uploads\/sites\/84\/2021\/10\/Captura-de-pantalla-2021-10-11-a-las-10.31.38-1024x626.png 1024w, https:\/\/blog.uclm.es\/sylviamolina\/wp-content\/uploads\/sites\/84\/2021\/10\/Captura-de-pantalla-2021-10-11-a-las-10.31.38-300x183.png 300w, https:\/\/blog.uclm.es\/sylviamolina\/wp-content\/uploads\/sites\/84\/2021\/10\/Captura-de-pantalla-2021-10-11-a-las-10.31.38-768x470.png 768w, https:\/\/blog.uclm.es\/sylviamolina\/wp-content\/uploads\/sites\/84\/2021\/10\/Captura-de-pantalla-2021-10-11-a-las-10.31.38-1536x939.png 1536w, https:\/\/blog.uclm.es\/sylviamolina\/wp-content\/uploads\/sites\/84\/2021\/10\/Captura-de-pantalla-2021-10-11-a-las-10.31.38.png 1756w\" sizes=\"auto, (max-width: 767px) 89vw, (max-width: 1000px) 54vw, (max-width: 1071px) 543px, 580px\" \/><\/figure>\n\n\n\n<p>Filtmoteca de Murcia presenta el corto <a rel=\"noreferrer noopener\" href=\"https:\/\/fjinsa.com\/blog\/2021\/03\/26\/a-la-luz-de-mis-sombras-se-convierte-en-un-corto\/\" target=\"_blank\">\u00abA LA LUZ DE MIS SOMBRAS\u00bb se convierte en un corto<\/a> realizado por el Director Cayetano L\u00f3pez Cayuelas e inspirado en el poemario de Francisco Javier Insa.<\/p>\n\n\n\n<p>Para su presentacion en la Filmoteca de Murcia el pr\u00f3ximo 16 de Octubre, habr\u00e1 un recital po\u00e9tico de:<\/p>\n\n\n\n<ol class=\"wp-block-list\"><li>Maria Jos\u00e9 del Rivero Asensio <\/li><li> Inmaculada Barranco. <\/li><li>Amnist\u00eda internacional<\/li><li>Y. S. Bacha (Sylvia Molina)<\/li><li>Cinta P\u00e9rez<\/li><li>Alejandro L\u00f3pez Pomares<\/li><li>Francisco Javier Insa Garc\u00eda<\/li><li>Ninfa ECO.  Gaby Sambucetti.<\/li><\/ol>\n\n\n\n<p>Os esperamos!<\/p>\n\n\n\n<p><a href=\"http:\/\/www.filmotecamurcia.es\/servlet\/s.Sl?sit=c,884,m,3610,a,0&amp;r=Portal-47546-DETALLE_EVENTO\" target=\"_blank\" rel=\"noreferrer noopener\">http:\/\/www.filmotecamurcia.es\/servlet\/s.Sl?sit=c,884,m,3610,a,0&amp;r=Portal-47546-DETALLE_EVENTO<\/a><\/p>\n\n\n\n<p><\/p>\n","protected":false},"excerpt":{"rendered":"<p>Filtmoteca de Murcia presenta el corto \u00abA LA LUZ DE MIS SOMBRAS\u00bb se convierte en un corto realizado por el Director Cayetano L\u00f3pez Cayuelas e inspirado en el poemario de Francisco Javier Insa. Para su presentacion en la Filmoteca de Murcia el pr\u00f3ximo 16 de Octubre, habr\u00e1 un recital po\u00e9tico de: Maria Jos\u00e9 del Rivero &hellip; <\/p>\n<p class=\"link-more\"><a href=\"https:\/\/blog.uclm.es\/sylviamolina\/2021\/10\/11\/a-la-luz-de-mis-sombras-acompanado-de-relatos-poeticos\/\" class=\"more-link\">Continuar leyendo<span class=\"screen-reader-text\"> \u00ab&#8216;A la luz de mis sombras&#8217; acompa\u00f1ado de relatos po\u00e9ticos.\u00bb<\/span><\/a><\/p>\n","protected":false},"author":181,"featured_media":9209,"comment_status":"closed","ping_status":"open","sticky":false,"template":"","format":"standard","meta":{"footnotes":""},"categories":[10,59,71],"tags":[],"class_list":["post-9205","post","type-post","status-publish","format-standard","has-post-thumbnail","hentry","category-conferencias","category-relata2","category-y-s-bacha"],"_links":{"self":[{"href":"https:\/\/blog.uclm.es\/sylviamolina\/wp-json\/wp\/v2\/posts\/9205","targetHints":{"allow":["GET"]}}],"collection":[{"href":"https:\/\/blog.uclm.es\/sylviamolina\/wp-json\/wp\/v2\/posts"}],"about":[{"href":"https:\/\/blog.uclm.es\/sylviamolina\/wp-json\/wp\/v2\/types\/post"}],"author":[{"embeddable":true,"href":"https:\/\/blog.uclm.es\/sylviamolina\/wp-json\/wp\/v2\/users\/181"}],"replies":[{"embeddable":true,"href":"https:\/\/blog.uclm.es\/sylviamolina\/wp-json\/wp\/v2\/comments?post=9205"}],"version-history":[{"count":0,"href":"https:\/\/blog.uclm.es\/sylviamolina\/wp-json\/wp\/v2\/posts\/9205\/revisions"}],"wp:featuredmedia":[{"embeddable":true,"href":"https:\/\/blog.uclm.es\/sylviamolina\/wp-json\/wp\/v2\/media\/9209"}],"wp:attachment":[{"href":"https:\/\/blog.uclm.es\/sylviamolina\/wp-json\/wp\/v2\/media?parent=9205"}],"wp:term":[{"taxonomy":"category","embeddable":true,"href":"https:\/\/blog.uclm.es\/sylviamolina\/wp-json\/wp\/v2\/categories?post=9205"},{"taxonomy":"post_tag","embeddable":true,"href":"https:\/\/blog.uclm.es\/sylviamolina\/wp-json\/wp\/v2\/tags?post=9205"}],"curies":[{"name":"wp","href":"https:\/\/api.w.org\/{rel}","templated":true}]}}