{"id":9190,"date":"2020-11-27T18:17:00","date_gmt":"2020-11-27T18:17:00","guid":{"rendered":"https:\/\/sylviamolina.es\/?p=9190"},"modified":"2020-11-27T18:17:00","modified_gmt":"2020-11-27T18:17:00","slug":"aprendiendo-del-error-alvaro-nunez","status":"publish","type":"post","link":"https:\/\/blog.uclm.es\/sylviamolina\/2020\/11\/27\/aprendiendo-del-error-alvaro-nunez\/","title":{"rendered":"Aprendiendo del error. \u00c1lvaro Nu\u00f1ez"},"content":{"rendered":"\n<p>El pr\u00f3ximo mi\u00e9rcoles d\u00eda 27 de Noviembre, a las 16.30 h. (Aula 3.04.) contaremos con la presencia de \u00c1lvaro N\u00fa\u00f1ez Beltr\u00e1n para charlar sobre sus procesos creativos en la conferencia que tiene por t\u00edtulo \u2018Aprendiendo del error\u2019.<\/p>\n\n\n\n<p>Facultad de Bellas Artes (Cuenca-UCLM). Prof. Responsable: Sylvia Molina.<\/p>\n\n\n\n<figure class=\"wp-block-image size-large\"><img loading=\"lazy\" decoding=\"async\" width=\"1024\" height=\"576\" src=\"https:\/\/sylviamolina.es\/wp-content\/uploads\/2021\/09\/APRENDIENDO-DEL-ERROR2.jpg\" alt=\"\" class=\"wp-image-9191\" srcset=\"https:\/\/blog.uclm.es\/sylviamolina\/wp-content\/uploads\/sites\/84\/2021\/09\/APRENDIENDO-DEL-ERROR2.jpg 1024w, https:\/\/blog.uclm.es\/sylviamolina\/wp-content\/uploads\/sites\/84\/2021\/09\/APRENDIENDO-DEL-ERROR2-300x169.jpg 300w, https:\/\/blog.uclm.es\/sylviamolina\/wp-content\/uploads\/sites\/84\/2021\/09\/APRENDIENDO-DEL-ERROR2-768x432.jpg 768w\" sizes=\"auto, (max-width: 767px) 89vw, (max-width: 1000px) 54vw, (max-width: 1071px) 543px, 580px\" \/><\/figure>\n","protected":false},"excerpt":{"rendered":"<p>El pr\u00f3ximo mi\u00e9rcoles d\u00eda 27 de Noviembre, a las 16.30 h. (Aula 3.04.) contaremos con la presencia de \u00c1lvaro N\u00fa\u00f1ez Beltr\u00e1n para charlar sobre sus procesos creativos en la conferencia que tiene por t\u00edtulo \u2018Aprendiendo del error\u2019. Facultad de Bellas Artes (Cuenca-UCLM). Prof. Responsable: Sylvia Molina.<\/p>\n","protected":false},"author":181,"featured_media":9191,"comment_status":"closed","ping_status":"open","sticky":false,"template":"","format":"standard","meta":{"footnotes":""},"categories":[74,78,16,69],"tags":[],"class_list":["post-9190","post","type-post","status-publish","format-standard","has-post-thumbnail","hentry","category-bbaa_uclm","category-talleres-dirigidso","category-educacion","category-workshop"],"_links":{"self":[{"href":"https:\/\/blog.uclm.es\/sylviamolina\/wp-json\/wp\/v2\/posts\/9190","targetHints":{"allow":["GET"]}}],"collection":[{"href":"https:\/\/blog.uclm.es\/sylviamolina\/wp-json\/wp\/v2\/posts"}],"about":[{"href":"https:\/\/blog.uclm.es\/sylviamolina\/wp-json\/wp\/v2\/types\/post"}],"author":[{"embeddable":true,"href":"https:\/\/blog.uclm.es\/sylviamolina\/wp-json\/wp\/v2\/users\/181"}],"replies":[{"embeddable":true,"href":"https:\/\/blog.uclm.es\/sylviamolina\/wp-json\/wp\/v2\/comments?post=9190"}],"version-history":[{"count":0,"href":"https:\/\/blog.uclm.es\/sylviamolina\/wp-json\/wp\/v2\/posts\/9190\/revisions"}],"wp:featuredmedia":[{"embeddable":true,"href":"https:\/\/blog.uclm.es\/sylviamolina\/wp-json\/wp\/v2\/media\/9191"}],"wp:attachment":[{"href":"https:\/\/blog.uclm.es\/sylviamolina\/wp-json\/wp\/v2\/media?parent=9190"}],"wp:term":[{"taxonomy":"category","embeddable":true,"href":"https:\/\/blog.uclm.es\/sylviamolina\/wp-json\/wp\/v2\/categories?post=9190"},{"taxonomy":"post_tag","embeddable":true,"href":"https:\/\/blog.uclm.es\/sylviamolina\/wp-json\/wp\/v2\/tags?post=9190"}],"curies":[{"name":"wp","href":"https:\/\/api.w.org\/{rel}","templated":true}]}}