{"id":91,"date":"2015-10-02T18:01:22","date_gmt":"2015-10-02T18:01:22","guid":{"rendered":"https:\/\/sylviamolina.wordpress.com\/?p=91"},"modified":"2015-10-02T18:01:22","modified_gmt":"2015-10-02T18:01:22","slug":"fuzzy-gab-4-lets-save-gme-de-cuenca-archivos-concierto","status":"publish","type":"post","link":"https:\/\/blog.uclm.es\/sylviamolina\/2015\/10\/02\/fuzzy-gab-4-lets-save-gme-de-cuenca-archivos-concierto\/","title":{"rendered":"Let\u2019s save GME de Cuenca  | Concierto"},"content":{"rendered":"<p>Let\u2019s save GME de Cuenca<\/p>\n<p>CONCIERTO_ LISBOA_ CIME-UNESCO<\/p>\n<p>La AMEE propone a numerosos compositores la participaci\u00f3n con una composici\u00f3n, fragmento de obra o sonido, para ser mezclada conjuntamente con todas las obras recibidas, en un sistema de difusi\u00f3n multicanal de 40 altavoces, y en plataforma on-line dentro del Congreso de la CIME-UNESCO anteriormente citado. El t\u00edtulo del concierto global con las aportaciones de los compositores[2] participantes fue \u201cLet\u2019s save the Cuenca Electroacoustic Archive\u201d. La difusi\u00f3n y mezcla del concierto corri\u00f3 a cargo de Julio Sanz V\u00e1zquez con la colaboraci\u00f3n de la asociaci\u00f3n ACuOSO, Sylvia Molina y Javier Osona en la plataforma on-line.<\/p>\n<p>http:\/\/www.musicaelectroacustica.com\/amee\/convocatorias\/convocatoria-para-socios-cime-lisboa\/<\/p>\n<p>Ver composiciones y sistema multitrack en: Let\u2019s save GME de Cuenca \u2014Archivos | Acci\u00f3n GME 2.4<\/p>\n<p>[2] La obra colectiva surge como consecuencia de la propuesta realizada por el presidente de la Asociaci\u00f3n Electroac\u00fastica de Espa\u00f1a \u2013AMEE-, Juan Luis Ferrer Molina, al Compositor Julio Sanz V\u00e1zquez en la que han colaborado miembros de la AMEE, ACuOSO, OSOMEX, Huerto del Sonido, Angel Albadalejo, Kio Oh (Susana Chioca), Equipo Elevador, Victor Aguado, Victor Vall\u00e9s, Ricardo de Armas, Diana P\u00e9rez Custodio, Adolfo N\u00fa\u00f1ez, Pedro Guajardo, Enrique Mateu, Carlos D. Perales, Merce Capdevila, Roberto Pineda Tenor, Jos\u00e9 Andr\u00e9s Prieto Franco, Pablo Vega, Julio Sanz V\u00e1zquez, Pedro Linde Navas, Miguel A. Garc\u00eda, Pablo Mart\u00ednez Garrido, Ricardo Climent, Apolo Vald\u00e9s, Sergio Bascu\u00f1ana, J. Antonio Lle\u00f3, Miguel Molina, El Padre Castillejo, Sylvia Molina, Eugenia D\u00edaz, Joaku de Sotavento (Joaqu\u00edn D\u00edaz), Mercedes Mestas, Jorge Sad Levi, Sophie Macuac y Marion Velasco con el soporte de la Plataforma Poliedro y la web Acci\u00f3nGME v2.4 con la colaboraci\u00f3n de Javier Osona y Daniel del Saz.<\/p>\n<p>Obra compuesta con los archivos enviados por colectivos y compositores reivindicando la necesidad de Salvar el Gabinete de M\u00fasica Electroac\u00fastica de Cuenca, tras a\u00f1os abandono y abocamiento al ostracismo institucional.<\/p>\n<p>Origen: <a href=\"http:\/\/fuzzygab.uclm.es\/2015\/10\/02\/lets-save-gme-de-cuenca-archivos-accion-gme-2-4\/\">Fuzzy Gab .4 \u00bb Let\u2019s save GME de Cuenca \u2014Archivos | Concierto<\/a>[:de]Let\u2019s save GME de Cuenca<\/p>\n<p>CONCIERTO_ LISBOA_ CIME-UNESCO<\/p>\n<p>\u00a0<\/p>\n<p>La AMEE propone a numerosos compositores la participaci\u00f3n con una composici\u00f3n, fragmento de obra o sonido, para ser mezclada conjuntamente con todas las obras recibidas, en un sistema de difusi\u00f3n multicanal de 40 altavoces, y en plataforma on-line dentro del Congreso de la CIME-UNESCO anteriormente citado. El t\u00edtulo del concierto global con las aportaciones de los compositores[2] participantes fue \u201cLet\u2019s save the Cuenca Electroacoustic Archive\u201d. La difusi\u00f3n y mezcla del concierto corri\u00f3 a cargo de Julio Sanz V\u00e1zquez con la colaboraci\u00f3n de la asociaci\u00f3n ACuOSO, Sylvia Molina y Javier Osona en la plataforma on-line.<\/p>\n<p>http:\/\/www.musicaelectroacustica.com\/amee\/convocatorias\/convocatoria-para-socios-cime-lisboa\/<\/p>\n<p>Ver composiciones y sistema multitrack en: Let\u2019s save GME de Cuenca \u2014Archivos | Acci\u00f3n GME 2.4<\/p>\n<p>[2] La obra colectiva surge como consecuencia de la propuesta realizada por el presidente de la Asociaci\u00f3n Electroac\u00fastica de Espa\u00f1a \u2013AMEE-, Juan Luis Ferrer Molina, al Compositor Julio Sanz V\u00e1zquez en la que han colaborado miembros de la AMEE, ACuOSO, OSOMEX, Huerto del Sonido, Angel Albadalejo, Kio Oh (Susana Chioca), Equipo Elevador, Victor Aguado, Victor Vall\u00e9s, Ricardo de Armas, Diana P\u00e9rez Custodio, Adolfo N\u00fa\u00f1ez, Pedro Guajardo, Enrique Mateu, Carlos D. Perales, Merce Capdevila, Roberto Pineda Tenor, Jos\u00e9 Andr\u00e9s Prieto Franco, Pablo Vega, Julio Sanz V\u00e1zquez, Pedro Linde Navas, Miguel A. Garc\u00eda, Pablo Mart\u00ednez Garrido, Ricardo Climent, Apolo Vald\u00e9s, Sergio Bascu\u00f1ana, J. Antonio Lle\u00f3, Miguel Molina, El Padre Castillejo, Sylvia Molina, Eugenia D\u00edaz, Joaku de Sotavento (Joaqu\u00edn D\u00edaz), Mercedes Mestas, Jorge Sad Levi, Sophie Macuac y Marion Velasco con el soporte de la Plataforma Poliedro y la web Acci\u00f3nGME v2.4 con la colaboraci\u00f3n de Javier Osona y Daniel del Saz.<\/p>\n<p>Obra compuesta con los archivos enviados por colectivos y compositores reivindicando la necesidad de Salvar el Gabinete de M\u00fasica Electroac\u00fastica de Cuenca, tras a\u00f1os abandono y abocamiento al ostracismo institucional.<\/p>\n<p>Origen: <a href=\"http:\/\/fuzzygab.uclm.es\/2015\/10\/02\/lets-save-gme-de-cuenca-archivos-accion-gme-2-4\/\">Fuzzy Gab .4 \u00bb Let\u2019s save GME de Cuenca \u2014Archivos | Concierto<\/a>[:]<\/p>\n\n\n<figure class=\"wp-block-gallery columns-2 is-cropped wp-block-gallery-1 is-layout-flex wp-block-gallery-is-layout-flex\"><ul class=\"blocks-gallery-grid\"><li class=\"blocks-gallery-item\"><figure><img loading=\"lazy\" decoding=\"async\" width=\"1024\" height=\"747\" src=\"https:\/\/blog.uclm.es\/sylviamolina\/wp-content\/uploads\/sites\/84\/2015\/10\/CIME-ICEM_2015_OcultoDaAjudaSmall100-1024x747.jpg\" alt=\"\" data-id=\"8367\" data-full-url=\"https:\/\/blog.uclm.es\/sylviamolina\/wp-content\/uploads\/sites\/84\/2015\/10\/CIME-ICEM_2015_OcultoDaAjudaSmall100.jpg\" data-link=\"https:\/\/sylviamolina.es\/2015\/10\/fuzzy-gab-4-lets-save-gme-de-cuenca-archivos-concierto\/cime-icem_2015_ocultodaajudasmall100\/\" class=\"wp-image-8367\" srcset=\"https:\/\/blog.uclm.es\/sylviamolina\/wp-content\/uploads\/sites\/84\/2015\/10\/CIME-ICEM_2015_OcultoDaAjudaSmall100-1024x747.jpg 1024w, https:\/\/blog.uclm.es\/sylviamolina\/wp-content\/uploads\/sites\/84\/2015\/10\/CIME-ICEM_2015_OcultoDaAjudaSmall100-300x219.jpg 300w, https:\/\/blog.uclm.es\/sylviamolina\/wp-content\/uploads\/sites\/84\/2015\/10\/CIME-ICEM_2015_OcultoDaAjudaSmall100-768x561.jpg 768w, https:\/\/blog.uclm.es\/sylviamolina\/wp-content\/uploads\/sites\/84\/2015\/10\/CIME-ICEM_2015_OcultoDaAjudaSmall100.jpg 1240w\" sizes=\"auto, (max-width: 767px) 89vw, (max-width: 1000px) 54vw, (max-width: 1071px) 543px, 580px\" \/><\/figure><\/li><li class=\"blocks-gallery-item\"><figure><img loading=\"lazy\" decoding=\"async\" width=\"1024\" height=\"819\" src=\"https:\/\/blog.uclm.es\/sylviamolina\/wp-content\/uploads\/sites\/84\/2015\/10\/Captura-de-pantalla-2015-10-02-a-las-14.51.31-2-1024x819.png\" alt=\"\" data-id=\"8360\" data-full-url=\"https:\/\/blog.uclm.es\/sylviamolina\/wp-content\/uploads\/sites\/84\/2015\/10\/Captura-de-pantalla-2015-10-02-a-las-14.51.31-2.png\" data-link=\"https:\/\/sylviamolina.es\/2015\/10\/lets-save-gme-cuenca-obra-accion-gme-2-4\/captura-de-pantalla-2015-10-02-a-las-14-51-31-2\/\" class=\"wp-image-8360\" srcset=\"https:\/\/blog.uclm.es\/sylviamolina\/wp-content\/uploads\/sites\/84\/2015\/10\/Captura-de-pantalla-2015-10-02-a-las-14.51.31-2-1024x819.png 1024w, https:\/\/blog.uclm.es\/sylviamolina\/wp-content\/uploads\/sites\/84\/2015\/10\/Captura-de-pantalla-2015-10-02-a-las-14.51.31-2-300x240.png 300w, https:\/\/blog.uclm.es\/sylviamolina\/wp-content\/uploads\/sites\/84\/2015\/10\/Captura-de-pantalla-2015-10-02-a-las-14.51.31-2-768x614.png 768w, https:\/\/blog.uclm.es\/sylviamolina\/wp-content\/uploads\/sites\/84\/2015\/10\/Captura-de-pantalla-2015-10-02-a-las-14.51.31-2.png 1280w\" sizes=\"auto, (max-width: 767px) 89vw, (max-width: 1000px) 54vw, (max-width: 1071px) 543px, 580px\" \/><\/figure><\/li><\/ul><\/figure>\n","protected":false},"excerpt":{"rendered":"<p>Let\u2019s save GME de Cuenca CONCIERTO_ LISBOA_ CIME-UNESCO La AMEE propone a numerosos compositores la participaci\u00f3n con una composici\u00f3n, fragmento de obra o sonido, para ser mezclada conjuntamente con todas las obras recibidas, en un sistema de difusi\u00f3n multicanal de 40 altavoces, y en plataforma on-line dentro del Congreso de la CIME-UNESCO anteriormente citado. El &hellip; <\/p>\n<p class=\"link-more\"><a href=\"https:\/\/blog.uclm.es\/sylviamolina\/2015\/10\/02\/fuzzy-gab-4-lets-save-gme-de-cuenca-archivos-concierto\/\" class=\"more-link\">Continuar leyendo<span class=\"screen-reader-text\"> \u00abLet\u2019s save GME de Cuenca  | Concierto\u00bb<\/span><\/a><\/p>\n","protected":false},"author":181,"featured_media":8367,"comment_status":"open","ping_status":"open","sticky":false,"template":"","format":"aside","meta":{"footnotes":""},"categories":[5,74,10,24,31,37,64],"tags":[],"class_list":["post-91","post","type-post","status-publish","format-aside","has-post-thumbnail","hentry","category-acciongme","category-bbaa_uclm","category-conferencias","category-exposiciones","category-fuzzy-gab-4","category-id","category-sonido","post_format-post-format-aside"],"_links":{"self":[{"href":"https:\/\/blog.uclm.es\/sylviamolina\/wp-json\/wp\/v2\/posts\/91","targetHints":{"allow":["GET"]}}],"collection":[{"href":"https:\/\/blog.uclm.es\/sylviamolina\/wp-json\/wp\/v2\/posts"}],"about":[{"href":"https:\/\/blog.uclm.es\/sylviamolina\/wp-json\/wp\/v2\/types\/post"}],"author":[{"embeddable":true,"href":"https:\/\/blog.uclm.es\/sylviamolina\/wp-json\/wp\/v2\/users\/181"}],"replies":[{"embeddable":true,"href":"https:\/\/blog.uclm.es\/sylviamolina\/wp-json\/wp\/v2\/comments?post=91"}],"version-history":[{"count":0,"href":"https:\/\/blog.uclm.es\/sylviamolina\/wp-json\/wp\/v2\/posts\/91\/revisions"}],"wp:featuredmedia":[{"embeddable":true,"href":"https:\/\/blog.uclm.es\/sylviamolina\/wp-json\/wp\/v2\/media\/8367"}],"wp:attachment":[{"href":"https:\/\/blog.uclm.es\/sylviamolina\/wp-json\/wp\/v2\/media?parent=91"}],"wp:term":[{"taxonomy":"category","embeddable":true,"href":"https:\/\/blog.uclm.es\/sylviamolina\/wp-json\/wp\/v2\/categories?post=91"},{"taxonomy":"post_tag","embeddable":true,"href":"https:\/\/blog.uclm.es\/sylviamolina\/wp-json\/wp\/v2\/tags?post=91"}],"curies":[{"name":"wp","href":"https:\/\/api.w.org\/{rel}","templated":true}]}}