{"id":9069,"date":"2021-06-04T17:13:00","date_gmt":"2021-06-04T17:13:00","guid":{"rendered":"https:\/\/sylviamolina.es\/?p=9069"},"modified":"2021-06-04T17:13:00","modified_gmt":"2021-06-04T17:13:00","slug":"arte-borroso-habitando-la-grieta-ciclo-las-afinidades-electivas","status":"publish","type":"post","link":"https:\/\/blog.uclm.es\/sylviamolina\/2021\/06\/04\/arte-borroso-habitando-la-grieta-ciclo-las-afinidades-electivas\/","title":{"rendered":"Arte Borroso. Habitando la Grieta. Ciclo &#8216;LAS AFINIDADES ELECTIVAS&#8217; 7 Julio"},"content":{"rendered":"\n<p>La Concejal\u00eda de Cultura del Ayuntamiento de Molina de Segura ha puesto en marcha los<strong>&nbsp;proyectos&nbsp;<em>Las Afinidades Electivas<\/em>&nbsp;y&nbsp;<em>Encuentros con las Artes<\/em><\/strong>, cuya programaci\u00f3n se desarrollar\u00e1 a lo largo de este a\u00f1o 2021 y ha sido presentada en rueda de prensa el mi\u00e9rcoles 17 de febrero, en el Sal\u00f3n de Plenos del Ayuntamiento. Han asistido la Concejala de Cultura, Soledad Nortes Navarro, y la directora esc\u00e9nica, soci\u00f3loga e interventora art\u00edstica y social, Eva Libertad Garc\u00eda.<\/p>\n\n\n\n<p><em><strong>LAS AFINIDADES ELECTIVAS.<\/strong>&nbsp;<\/em>Este programa multidisciplinar pretende visibilizar y poner en valor el talento y la excelencia locales en diferentes \u00e1mbitos culturales: literatura, filosof\u00eda, ciencia, m\u00fasica, cine, fotograf\u00eda, etc.; al tiempo que mostrar las continuidades espacio-temporales y la capacidad universalizadora de la cultura.<\/p>\n\n\n\n<p>Para esta edici\u00f3n, la Concejal\u00eda de Cultura ha recuperado aquella parte del programa de 2020 que hubo que suspender como consecuencia de la primera fase de la pandemia y se ha completado con otros destacados representantes locales del \u00e1mbito cultural.<\/p>\n\n\n\n<p>&#8211; 27 de febrero:&nbsp;<strong>Lola L\u00f3pez Mond\u00e9jar,&nbsp;<em>De Lolas y Lolitas<\/em>&nbsp;(Nabokov)<\/strong><br>Miniconcierto: Jos\u00e9 Antonio Candel Campillo<\/p>\n\n\n\n<p>&#8211; 27 de marzo:&nbsp;<strong>Juan Espallardo Jorquera,&nbsp;<em>Garabateando mi lugar en el mundo<\/em><\/strong><br>(Demetrio S\u00e1nchez G\u00f3mez)<br>Miniconcierto: L\u00e1zaro Fern\u00e1ndez Mill\u00e1n<\/p>\n\n\n\n<p>&#8211; 8 de mayo:&nbsp;<strong>Joaqu\u00edn Abell\u00e1n Garc\u00eda,&nbsp;<em>Diagn\u00f3stico del mundo moderno<\/em><\/strong>&nbsp;(Max Weber)<br>Miniconcierto: Jos\u00e9 Vicente Riquelme<\/p>\n\n\n\n<p>&#8211; 29 de mayo:&nbsp;<strong>Luis Alberto,&nbsp;M\u00fasico y compositor,&nbsp;<em>La m\u00fasica y los sentimientos<\/em><\/strong><br>Miniconcierto: Naira Perdu<\/p>\n\n\n\n<p>&#8211; 26 de junio:&nbsp;<strong>Joaqu\u00edn Jare\u00f1o,&nbsp;<em>La filosof\u00eda como teor\u00eda y como experiencia<\/em><\/strong>&nbsp;(Wittgenstein)<br>Miniconcierto: Francisco Javier Birruezo<\/p>\n\n\n\n<p>&#8211; 5 Julio:&nbsp;<strong>Vicente Garc\u00eda (Poeta),&nbsp;<em>ME DETUVE, Y TOQU\u00c9 EL SILENCIO<\/em><\/strong><\/p>\n\n\n\n<p><em>Solo el silencio es habitable.<\/em><br>Miniconcierto: Vicente Prieto Mart\u00ednez<\/p>\n\n\n\n<p>&#8211; 6 julio:&nbsp;<strong>Miriam Garlo,&nbsp;<em>Arte y comunidad sorda<\/em><\/strong><br>Miniconcierto: Miguel Luis Losada<\/p>\n\n\n\n<p>&#8211; Mi\u00e9rcoles 7 de julio:\u00a0<strong>Sylvia Molina,\u00a0<em>Arte borroso. Habitando en la grieta<\/em><\/strong><br>No le digas al viento, que no me encontraste volando<br>Miniconcierto: Francisco Delgado<\/p>\n\n\n\n<figure class=\"wp-block-embed is-type-video is-provider-youtube wp-block-embed-youtube wp-embed-aspect-16-9 wp-has-aspect-ratio\"><div class=\"wp-block-embed__wrapper\">\nhttps:\/\/youtu.be\/2aNdqZ6nVho\n<\/div><\/figure>\n\n\n\n<p>&#8211; 8 de julio:&nbsp;<strong>M\u00aa \u00c1ngeles Zapata Castillo,&nbsp;<em>\u00bfPara qu\u00e9 sirve la musicolog\u00eda?: tras las huellas de la escritura musical<\/em><\/strong>.<br>Miniconcierto:<\/p>\n\n\n\n<p>&#8211; 4 de septiembre:&nbsp;<strong>Juan de Dios Hern\u00e1ndez Vel\u00e1zquez.&nbsp;<em>Su primer viaje a Roma<\/em><\/strong><br>Miniconcierto: \u00c1ngel C\u00e1mara<\/p>\n\n\n\n<p>&#8211; 9 de octubre:&nbsp;<strong>Eva Libertad Garc\u00eda,&nbsp;<em>Mujeres y cine: cr\u00f3nica de una transgresi\u00f3n<\/em><\/strong><br>Miniconcierto: Roc\u00edo Pinar y Arturo Ruiz<\/p>\n\n\n\n<p>&#8211; 27 de noviembre:&nbsp;<strong>Francisco Torres Monreal,&nbsp;<em>Mis encuentros con Charles Baudelaire<\/em><\/strong><br>Pienso que Baudelaire divide la historia de la poes\u00eda en un antes y un despu\u00e9s. Es el poeta que m\u00e1s ha influido en mi desde un punto de vista est\u00e9tico y moral. <br>Miniconcierto: Javier Aparicio<\/p>\n\n\n\n<p>&#8211; 4 de diciembre:&nbsp;<strong>Carmen T\u00e1rraga Palmis, Psicolog\u00eda y pandemia<\/strong>&nbsp;(sin concretar, de momento)<br>Miniconcierto: Tamara Aroutunian<\/p>\n\n\n\n<figure class=\"wp-block-image size-large\"><img loading=\"lazy\" decoding=\"async\" width=\"189\" height=\"267\" src=\"https:\/\/sylviamolina.es\/wp-content\/uploads\/2021\/06\/AFINIDADES-1.jpeg\" alt=\"\" class=\"wp-image-9077\" \/><\/figure>\n\n\n\n<figure class=\"wp-block-image size-large\"><img loading=\"lazy\" decoding=\"async\" width=\"491\" height=\"276\" src=\"https:\/\/sylviamolina.es\/wp-content\/uploads\/2021\/06\/Cultura-ProyectosLasAfinidadesElectivasyEncuentrosconlasArtes-Presentacion-feb21-NOTICIA.jpeg\" alt=\"\" class=\"wp-image-9071\" srcset=\"https:\/\/blog.uclm.es\/sylviamolina\/wp-content\/uploads\/sites\/84\/2021\/06\/Cultura-ProyectosLasAfinidadesElectivasyEncuentrosconlasArtes-Presentacion-feb21-NOTICIA.jpeg 491w, https:\/\/blog.uclm.es\/sylviamolina\/wp-content\/uploads\/sites\/84\/2021\/06\/Cultura-ProyectosLasAfinidadesElectivasyEncuentrosconlasArtes-Presentacion-feb21-NOTICIA-300x169.jpeg 300w\" sizes=\"auto, (max-width: 491px) 100vw, 491px\" \/><\/figure>\n\n\n\n<p>http:\/\/portal.molinadesegura.es\/index.php?option=com_content&#038;view=article&#038;id=6731:la-concejalia-de-cultura-de-molina-de-segura-pone-en-marcha-los-proyectos-las-afinidades-electivas-y-encuentros-con-las-artes-para-2021&#038;catid=8&#038;Itemid=101<\/p>\n\n\n\n<p><\/p>\n\n\n\n<p><\/p>\n","protected":false},"excerpt":{"rendered":"<p>La Concejal\u00eda de Cultura del Ayuntamiento de Molina de Segura ha puesto en marcha los&nbsp;proyectos&nbsp;Las Afinidades Electivas&nbsp;y&nbsp;Encuentros con las Artes, cuya programaci\u00f3n se desarrollar\u00e1 a lo largo de este a\u00f1o 2021 y ha sido presentada en rueda de prensa el mi\u00e9rcoles 17 de febrero, en el Sal\u00f3n de Plenos del Ayuntamiento. Han asistido la Concejala &hellip; <\/p>\n<p class=\"link-more\"><a href=\"https:\/\/blog.uclm.es\/sylviamolina\/2021\/06\/04\/arte-borroso-habitando-la-grieta-ciclo-las-afinidades-electivas\/\" class=\"more-link\">Continuar leyendo<span class=\"screen-reader-text\"> \u00abArte Borroso. Habitando la Grieta. Ciclo &#8216;LAS AFINIDADES ELECTIVAS&#8217; 7 Julio\u00bb<\/span><\/a><\/p>\n","protected":false},"author":181,"featured_media":9079,"comment_status":"closed","ping_status":"closed","sticky":false,"template":"","format":"standard","meta":{"footnotes":""},"categories":[8,9,10,15,20,24,35,36,37,42,48,49,50,64,67],"tags":[],"class_list":["post-9069","post","type-post","status-publish","format-standard","has-post-thumbnail","hentry","category-cartografia","category-conciertos","category-conferencias","category-dialogos-inesperados","category-escritos","category-exposiciones","category-instalaciones","category-interactivos","category-id","category-kintsugi","category-narrativas-borrosas_neomudejar","category-paisaje","category-palimpsesto","category-sonido","category-videoart"],"_links":{"self":[{"href":"https:\/\/blog.uclm.es\/sylviamolina\/wp-json\/wp\/v2\/posts\/9069","targetHints":{"allow":["GET"]}}],"collection":[{"href":"https:\/\/blog.uclm.es\/sylviamolina\/wp-json\/wp\/v2\/posts"}],"about":[{"href":"https:\/\/blog.uclm.es\/sylviamolina\/wp-json\/wp\/v2\/types\/post"}],"author":[{"embeddable":true,"href":"https:\/\/blog.uclm.es\/sylviamolina\/wp-json\/wp\/v2\/users\/181"}],"replies":[{"embeddable":true,"href":"https:\/\/blog.uclm.es\/sylviamolina\/wp-json\/wp\/v2\/comments?post=9069"}],"version-history":[{"count":0,"href":"https:\/\/blog.uclm.es\/sylviamolina\/wp-json\/wp\/v2\/posts\/9069\/revisions"}],"wp:featuredmedia":[{"embeddable":true,"href":"https:\/\/blog.uclm.es\/sylviamolina\/wp-json\/wp\/v2\/media\/9079"}],"wp:attachment":[{"href":"https:\/\/blog.uclm.es\/sylviamolina\/wp-json\/wp\/v2\/media?parent=9069"}],"wp:term":[{"taxonomy":"category","embeddable":true,"href":"https:\/\/blog.uclm.es\/sylviamolina\/wp-json\/wp\/v2\/categories?post=9069"},{"taxonomy":"post_tag","embeddable":true,"href":"https:\/\/blog.uclm.es\/sylviamolina\/wp-json\/wp\/v2\/tags?post=9069"}],"curies":[{"name":"wp","href":"https:\/\/api.w.org\/{rel}","templated":true}]}}