{"id":9061,"date":"2021-06-04T16:03:00","date_gmt":"2021-06-04T16:03:00","guid":{"rendered":"https:\/\/sylviamolina.es\/?p=9061"},"modified":"2021-06-04T16:03:00","modified_gmt":"2021-06-04T16:03:00","slug":"mesa-redonda-de-lo-analogico-y-hacia-lo-digital-procesos-artistico-ecologicos","status":"publish","type":"post","link":"https:\/\/blog.uclm.es\/sylviamolina\/2021\/06\/04\/mesa-redonda-de-lo-analogico-y-hacia-lo-digital-procesos-artistico-ecologicos\/","title":{"rendered":"Mesa redonda: De lo anal\u00f3gico y hacia lo digital: Procesos art\u00edstico-ecol\u00f3gicos. 17 Junio"},"content":{"rendered":"\n<p><a href=\"https:\/\/estoyenetopia.es\/ecozine-film-festival-en-etopia\/\">17 de junio 2021. Mesa redonda: De lo anal\u00f3gico y hacia lo digital: Procesos art\u00edstico-ecol\u00f3gicos.<\/a><\/p>\n\n\n\n<p><strong>Participantes:<\/strong><\/p>\n\n\n\n<ul class=\"wp-block-list\"><li>Blanca de la Torre, Historiadora del arte, cr\u00edtica y comisaria de exposiciones.<\/li><li>Jon Astorquiza, Artista y fundador de ElektrART<\/li><li>Sylvia Molina, Artista visual<\/li><li>N\u00e9stor Lizalde, Artista visual<\/li><li>Ana Marcos, Comisaria Etopia para el Festival Ecozine<\/li><li>N\u00e9stor Prieto, Comisaria Etopia para el Festival Ecozine<\/li><\/ul>\n\n\n\n<p><strong>Modera<\/strong>:<\/p>\n\n\n\n<p>Francisco Brives, Co-director Museo La Neomud\u00e9jar<\/p>\n\n\n\n<p><a href=\"https:\/\/estoyenetopia.es\/ecozine-film-festival-en-etopia\/\" target=\"_blank\" rel=\"noreferrer noopener\">link<\/a><\/p>\n","protected":false},"excerpt":{"rendered":"<p>17 de junio 2021. Mesa redonda: De lo anal\u00f3gico y hacia lo digital: Procesos art\u00edstico-ecol\u00f3gicos. Participantes: Blanca de la Torre, Historiadora del arte, cr\u00edtica y comisaria de exposiciones. Jon Astorquiza, Artista y fundador de ElektrART Sylvia Molina, Artista visual N\u00e9stor Lizalde, Artista visual Ana Marcos, Comisaria Etopia para el Festival Ecozine N\u00e9stor Prieto, Comisaria Etopia &hellip; <\/p>\n<p class=\"link-more\"><a href=\"https:\/\/blog.uclm.es\/sylviamolina\/2021\/06\/04\/mesa-redonda-de-lo-analogico-y-hacia-lo-digital-procesos-artistico-ecologicos\/\" class=\"more-link\">Continuar leyendo<span class=\"screen-reader-text\"> \u00abMesa redonda: De lo anal\u00f3gico y hacia lo digital: Procesos art\u00edstico-ecol\u00f3gicos. 17 Junio\u00bb<\/span><\/a><\/p>\n","protected":false},"author":181,"featured_media":8649,"comment_status":"closed","ping_status":"closed","sticky":false,"template":"","format":"standard","meta":{"footnotes":""},"categories":[10,35,37,49,67],"tags":[],"class_list":["post-9061","post","type-post","status-publish","format-standard","has-post-thumbnail","hentry","category-conferencias","category-instalaciones","category-id","category-paisaje","category-videoart"],"_links":{"self":[{"href":"https:\/\/blog.uclm.es\/sylviamolina\/wp-json\/wp\/v2\/posts\/9061","targetHints":{"allow":["GET"]}}],"collection":[{"href":"https:\/\/blog.uclm.es\/sylviamolina\/wp-json\/wp\/v2\/posts"}],"about":[{"href":"https:\/\/blog.uclm.es\/sylviamolina\/wp-json\/wp\/v2\/types\/post"}],"author":[{"embeddable":true,"href":"https:\/\/blog.uclm.es\/sylviamolina\/wp-json\/wp\/v2\/users\/181"}],"replies":[{"embeddable":true,"href":"https:\/\/blog.uclm.es\/sylviamolina\/wp-json\/wp\/v2\/comments?post=9061"}],"version-history":[{"count":0,"href":"https:\/\/blog.uclm.es\/sylviamolina\/wp-json\/wp\/v2\/posts\/9061\/revisions"}],"wp:featuredmedia":[{"embeddable":true,"href":"https:\/\/blog.uclm.es\/sylviamolina\/wp-json\/wp\/v2\/media\/8649"}],"wp:attachment":[{"href":"https:\/\/blog.uclm.es\/sylviamolina\/wp-json\/wp\/v2\/media?parent=9061"}],"wp:term":[{"taxonomy":"category","embeddable":true,"href":"https:\/\/blog.uclm.es\/sylviamolina\/wp-json\/wp\/v2\/categories?post=9061"},{"taxonomy":"post_tag","embeddable":true,"href":"https:\/\/blog.uclm.es\/sylviamolina\/wp-json\/wp\/v2\/tags?post=9061"}],"curies":[{"name":"wp","href":"https:\/\/api.w.org\/{rel}","templated":true}]}}