{"id":9056,"date":"2021-06-01T16:35:00","date_gmt":"2021-06-01T16:35:00","guid":{"rendered":"https:\/\/sylviamolina.es\/?p=9056"},"modified":"2021-06-01T16:35:00","modified_gmt":"2021-06-01T16:35:00","slug":"re-componiendo-ngme-curso-de-musica-electroacustica-desde-las-artes","status":"publish","type":"post","link":"https:\/\/blog.uclm.es\/sylviamolina\/2021\/06\/01\/re-componiendo-ngme-curso-de-musica-electroacustica-desde-las-artes\/","title":{"rendered":"Re-Componiendo nGME: curso de M\u00fasica Electroac\u00fastica desde las Artes 28 de Junio-1Julio"},"content":{"rendered":"\n<p>T\u00edtulo: Re-Componiendo nGME: curso de M\u00fasica Electroac\u00fastica desde las Artes<\/p>\n\n\n\n<p>Periodo de celebraci\u00f3n: 28\/06\/2021 &#8211; 01\/07\/2021<\/p>\n\n\n\n<p>Requiere preinscripci\u00f3n: Si<\/p>\n\n\n\n<p>Periodo de preinscripci\u00f3n: 01\/06\/2021 &#8211; 13\/06\/2021<\/p>\n\n\n\n<p>Periodo de matr\u00edcula: 14\/06\/2021 &#8211; 22\/06\/2021<\/p>\n\n\n\n<p>Cr\u00e9ditos: 1,00<\/p>\n\n\n\n<p>Observaciones:<\/p>\n\n\n\n<p>El n\u00famero de plazas m\u00e1ximo presenciales es de 10 y el m\u00ednimo 5 plazas. (sin n\u00famero m\u00e1ximo de plazas para la modalidad online).<\/p>\n\n\n\n<p>&#8211; Precio para alumnos online: 75 \u20ac (Alumnos UCLM, antiguos alumnos GME y amigos de La Neomud\u00e9jar tendr\u00e1n un 15 % de descuento)<\/p>\n\n\n\n<p>&#8211; Precio para alumnos presenciales: 240 \u20ac (Alumnos UCLM, antiguos alumnos GME y amigos de La Neomud\u00e9jar tendr\u00e1n un 15 % de descuento)<\/p>\n\n\n\n<p>Curso Intensivo de lunes a jueves:<\/p>\n\n\n\n<p>Ma\u00f1anas de 10:00 h. a 13:00 h.<\/p>\n\n\n\n<p>Tardes de 16:00 h. a 19:30 h.<\/p>\n\n\n\n<p>Cerraremos el curso con unas charlas con dos compositores invitados y la apertura a composici\u00f3n de algunas obras.<\/p>\n\n\n\n<p>Grupos:<\/p>\n\n\n\n<p>ON LINE &#8211; \u00danico &#8211; FACULTAD DE BELLAS ARTES &#8211; CUENCA<\/p>\n\n\n\n<p>PRESENCIAL &#8211; \u00danico &#8211; FACULTAD DE BELLAS ARTES &#8211; CUENCA<\/p>\n\n\n\n<p><a href=\"https:\/\/cursosweb.uclm.es\/index.aspx?ccurso=259&amp;academico=20\/21\">https:\/\/cursosweb.uclm.es\/index.aspx?ccurso=259&amp;academico=20\/21<\/a><\/p>\n\n\n\n<p>V\u00eddeos promocionales:<\/p>\n\n\n\n<figure class=\"wp-block-embed is-type-video is-provider-youtube wp-block-embed-youtube wp-embed-aspect-16-9 wp-has-aspect-ratio\"><div class=\"wp-block-embed__wrapper\">\nhttps:\/\/youtu.be\/yD9TdNeFHQ8\n<\/div><\/figure>\n\n\n\n<figure class=\"wp-block-embed is-type-video is-provider-youtube wp-block-embed-youtube wp-embed-aspect-16-9 wp-has-aspect-ratio\"><div class=\"wp-block-embed__wrapper\">\nhttps:\/\/youtu.be\/UEs0yAQjCfc\n<\/div><\/figure>\n\n\n\n<p><a href=\"https:\/\/youtu.be\/lK9ULMkiF9k\">https:\/\/youtu.be\/lK9ULMkiF9k<\/a><\/p>\n","protected":false},"excerpt":{"rendered":"<p>T\u00edtulo: Re-Componiendo nGME: curso de M\u00fasica Electroac\u00fastica desde las Artes Periodo de celebraci\u00f3n: 28\/06\/2021 &#8211; 01\/07\/2021 Requiere preinscripci\u00f3n: Si Periodo de preinscripci\u00f3n: 01\/06\/2021 &#8211; 13\/06\/2021 Periodo de matr\u00edcula: 14\/06\/2021 &#8211; 22\/06\/2021 Cr\u00e9ditos: 1,00 Observaciones: El n\u00famero de plazas m\u00e1ximo presenciales es de 10 y el m\u00ednimo 5 plazas. (sin n\u00famero m\u00e1ximo de plazas para la &hellip; <\/p>\n<p class=\"link-more\"><a href=\"https:\/\/blog.uclm.es\/sylviamolina\/2021\/06\/01\/re-componiendo-ngme-curso-de-musica-electroacustica-desde-las-artes\/\" class=\"more-link\">Continuar leyendo<span class=\"screen-reader-text\"> \u00abRe-Componiendo nGME: curso de M\u00fasica Electroac\u00fastica desde las Artes 28 de Junio-1Julio\u00bb<\/span><\/a><\/p>\n","protected":false},"author":181,"featured_media":9057,"comment_status":"closed","ping_status":"closed","sticky":false,"template":"","format":"standard","meta":{"footnotes":""},"categories":[5,74,9,78,16,79,31,52,63,64,69],"tags":[],"class_list":["post-9056","post","type-post","status-publish","format-standard","has-post-thumbnail","hentry","category-acciongme","category-bbaa_uclm","category-conciertos","category-talleres-dirigidso","category-educacion","category-grupos-idi","category-fuzzy-gab-4","category-proy-docente","category-sist-educativos","category-sonido","category-workshop"],"_links":{"self":[{"href":"https:\/\/blog.uclm.es\/sylviamolina\/wp-json\/wp\/v2\/posts\/9056","targetHints":{"allow":["GET"]}}],"collection":[{"href":"https:\/\/blog.uclm.es\/sylviamolina\/wp-json\/wp\/v2\/posts"}],"about":[{"href":"https:\/\/blog.uclm.es\/sylviamolina\/wp-json\/wp\/v2\/types\/post"}],"author":[{"embeddable":true,"href":"https:\/\/blog.uclm.es\/sylviamolina\/wp-json\/wp\/v2\/users\/181"}],"replies":[{"embeddable":true,"href":"https:\/\/blog.uclm.es\/sylviamolina\/wp-json\/wp\/v2\/comments?post=9056"}],"version-history":[{"count":0,"href":"https:\/\/blog.uclm.es\/sylviamolina\/wp-json\/wp\/v2\/posts\/9056\/revisions"}],"wp:featuredmedia":[{"embeddable":true,"href":"https:\/\/blog.uclm.es\/sylviamolina\/wp-json\/wp\/v2\/media\/9057"}],"wp:attachment":[{"href":"https:\/\/blog.uclm.es\/sylviamolina\/wp-json\/wp\/v2\/media?parent=9056"}],"wp:term":[{"taxonomy":"category","embeddable":true,"href":"https:\/\/blog.uclm.es\/sylviamolina\/wp-json\/wp\/v2\/categories?post=9056"},{"taxonomy":"post_tag","embeddable":true,"href":"https:\/\/blog.uclm.es\/sylviamolina\/wp-json\/wp\/v2\/tags?post=9056"}],"curies":[{"name":"wp","href":"https:\/\/api.w.org\/{rel}","templated":true}]}}