{"id":9041,"date":"2020-10-29T16:26:00","date_gmt":"2020-10-29T16:26:00","guid":{"rendered":"https:\/\/sylviamolina.es\/?p=9041"},"modified":"2020-10-29T16:26:00","modified_gmt":"2020-10-29T16:26:00","slug":"narrativas-borrosas-reflexiones-sobre-la-exposicion-virtual","status":"publish","type":"post","link":"https:\/\/blog.uclm.es\/sylviamolina\/2020\/10\/29\/narrativas-borrosas-reflexiones-sobre-la-exposicion-virtual\/","title":{"rendered":"Narrativas Borrosas: Reflexiones sobre la \u00bfExposici\u00f3n Virtual?"},"content":{"rendered":"\n<h2 class=\"wp-block-heading\">Conversatorio con la ar(t)ista Sylvia Molina<\/h2>\n\n\n\n<p>Centro Cultural de Espa\u00f1a en Costa Rica. 29\/10\/2020<\/p>\n\n\n\n<p>Participan: <\/p>\n\n\n\n<ul class=\"wp-block-list\"><li>Paz Monge<\/li><li>Iris Lam<\/li><li>Fran Brives<\/li><li>Javier Moreno<\/li><li>Sylvia Molina<\/li><\/ul>\n\n\n\n<p><strong>Exposici\u00f3n \u00bfvirtual? De la Neomud\u00e9jar al CCECR<\/strong><\/p>\n\n\n\n<figure class=\"wp-block-embed is-type-video is-provider-youtube wp-block-embed-youtube wp-embed-aspect-16-9 wp-has-aspect-ratio\"><div class=\"wp-block-embed__wrapper\">\nhttps:\/\/youtu.be\/jpzmOrjF37g\n<\/div><\/figure>\n\n\n\n<ol class=\"wp-block-list\"><li>Exposici\u00f3n en la Neomud\u00e9jar_ La sala y CAT\u00c1LOGO.<\/li><li>SITUACI\u00d3N CONFINAMIENTO_ CAMBIOS (FECHAS, VIDEO<\/li><li>CONFINAMIENTO, 2 OBRAS M\u00c1S E INAUGURACI\u00d3N)<\/li><li>EXPOSICI\u00d3N EN CCECR_ CAMBIOS:<\/li><li>MUSEO VIRTUAL_ EFECTISMO TECNOL\u00d3GICO: <a href=\"https:\/\/app.emaze.com\/editor\/@AOWWOFFLI\">https:\/\/app.emaze.com\/editor\/@AOWWOFFLI<\/a><\/li><li>EFECTO PERO CON VISI\u00d3N REAL DEL ESPACIO:<ol><li>https:\/\/poly.google.com\/view\/62Uq9WKEDZ3 (Scene 1)<\/li><li>VER LOS OBJETOS 3D: https:\/\/bellasartescuenca. 000webhostapp.com\/indexPanoObj3D_03.html<\/li><li>QUE OCURRE CON EL TIEMPO Y LA LUZ: https:\/\/poly.google.com\/view\/62Uq9WKEDZ3 (Scene 2)<\/li><\/ol><\/li><li>APORTES DE LAS REDES<ol><li>VIDEOS: https:\/\/www.instagram.com\/sy.molina\/channel\/<\/li><li>LO QUE NO EST\u00c1 EN LA SALA (Sala 3): https:\/\/poly.google.com\/view\/62Uq9WKEDZ3 (Scene 3)<\/li><\/ol><\/li><\/ol>\n\n\n\n<figure class=\"wp-block-embed is-type-video is-provider-youtube wp-block-embed-youtube wp-embed-aspect-16-9 wp-has-aspect-ratio\"><div class=\"wp-block-embed__wrapper\">\nhttps:\/\/youtu.be\/4LteoMbUI8Y\n<\/div><\/figure>\n\n\n\n<div class=\"wp-block-file\"><a href=\"https:\/\/sylviamolina.es\/wp-content\/uploads\/2021\/05\/NarrativasBorrosas_Costa-Rica_Sylvia-Molina.pdf\">NarrativasBorrosas_Costa-Rica_Sylvia-Molina<\/a><a href=\"https:\/\/sylviamolina.es\/wp-content\/uploads\/2021\/05\/NarrativasBorrosas_Costa-Rica_Sylvia-Molina.pdf\" class=\"wp-block-file__button\" download>Descarga<\/a><\/div>\n\n\n\n<figure class=\"wp-block-image size-large\"><img loading=\"lazy\" decoding=\"async\" width=\"1024\" height=\"164\" src=\"https:\/\/sylviamolina.es\/wp-content\/uploads\/2021\/05\/NeomudejarTardeMontajeFinal-copia-1024x164.png\" alt=\"\" class=\"wp-image-9047\" srcset=\"https:\/\/blog.uclm.es\/sylviamolina\/wp-content\/uploads\/sites\/84\/2021\/05\/NeomudejarTardeMontajeFinal-copia-1024x164.png 1024w, https:\/\/blog.uclm.es\/sylviamolina\/wp-content\/uploads\/sites\/84\/2021\/05\/NeomudejarTardeMontajeFinal-copia-300x48.png 300w, https:\/\/blog.uclm.es\/sylviamolina\/wp-content\/uploads\/sites\/84\/2021\/05\/NeomudejarTardeMontajeFinal-copia-768x123.png 768w, https:\/\/blog.uclm.es\/sylviamolina\/wp-content\/uploads\/sites\/84\/2021\/05\/NeomudejarTardeMontajeFinal-copia.png 1240w\" sizes=\"auto, (max-width: 767px) 89vw, (max-width: 1000px) 54vw, (max-width: 1071px) 543px, 580px\" \/><\/figure>\n\n\n\n<p><\/p>\n","protected":false},"excerpt":{"rendered":"<p>Conversatorio con la ar(t)ista Sylvia Molina Centro Cultural de Espa\u00f1a en Costa Rica. 29\/10\/2020 Participan: Paz Monge Iris Lam Fran Brives Javier Moreno Sylvia Molina Exposici\u00f3n \u00bfvirtual? De la Neomud\u00e9jar al CCECR Exposici\u00f3n en la Neomud\u00e9jar_ La sala y CAT\u00c1LOGO. SITUACI\u00d3N CONFINAMIENTO_ CAMBIOS (FECHAS, VIDEO CONFINAMIENTO, 2 OBRAS M\u00c1S E INAUGURACI\u00d3N) EXPOSICI\u00d3N EN CCECR_ CAMBIOS: &hellip; <\/p>\n<p class=\"link-more\"><a href=\"https:\/\/blog.uclm.es\/sylviamolina\/2020\/10\/29\/narrativas-borrosas-reflexiones-sobre-la-exposicion-virtual\/\" class=\"more-link\">Continuar leyendo<span class=\"screen-reader-text\"> \u00abNarrativas Borrosas: Reflexiones sobre la \u00bfExposici\u00f3n Virtual?\u00bb<\/span><\/a><\/p>\n","protected":false},"author":181,"featured_media":9043,"comment_status":"closed","ping_status":"closed","sticky":false,"template":"","format":"standard","meta":{"footnotes":""},"categories":[74,10,24,37,48],"tags":[],"class_list":["post-9041","post","type-post","status-publish","format-standard","has-post-thumbnail","hentry","category-bbaa_uclm","category-conferencias","category-exposiciones","category-id","category-narrativas-borrosas_neomudejar"],"_links":{"self":[{"href":"https:\/\/blog.uclm.es\/sylviamolina\/wp-json\/wp\/v2\/posts\/9041","targetHints":{"allow":["GET"]}}],"collection":[{"href":"https:\/\/blog.uclm.es\/sylviamolina\/wp-json\/wp\/v2\/posts"}],"about":[{"href":"https:\/\/blog.uclm.es\/sylviamolina\/wp-json\/wp\/v2\/types\/post"}],"author":[{"embeddable":true,"href":"https:\/\/blog.uclm.es\/sylviamolina\/wp-json\/wp\/v2\/users\/181"}],"replies":[{"embeddable":true,"href":"https:\/\/blog.uclm.es\/sylviamolina\/wp-json\/wp\/v2\/comments?post=9041"}],"version-history":[{"count":0,"href":"https:\/\/blog.uclm.es\/sylviamolina\/wp-json\/wp\/v2\/posts\/9041\/revisions"}],"wp:featuredmedia":[{"embeddable":true,"href":"https:\/\/blog.uclm.es\/sylviamolina\/wp-json\/wp\/v2\/media\/9043"}],"wp:attachment":[{"href":"https:\/\/blog.uclm.es\/sylviamolina\/wp-json\/wp\/v2\/media?parent=9041"}],"wp:term":[{"taxonomy":"category","embeddable":true,"href":"https:\/\/blog.uclm.es\/sylviamolina\/wp-json\/wp\/v2\/categories?post=9041"},{"taxonomy":"post_tag","embeddable":true,"href":"https:\/\/blog.uclm.es\/sylviamolina\/wp-json\/wp\/v2\/tags?post=9041"}],"curies":[{"name":"wp","href":"https:\/\/api.w.org\/{rel}","templated":true}]}}