{"id":8970,"date":"2012-03-22T16:14:00","date_gmt":"2012-03-22T16:14:00","guid":{"rendered":"https:\/\/sylviamolina.es\/?p=8970"},"modified":"2012-03-22T16:14:00","modified_gmt":"2012-03-22T16:14:00","slug":"alpunto","status":"publish","type":"post","link":"https:\/\/blog.uclm.es\/sylviamolina\/2012\/03\/22\/alpunto\/","title":{"rendered":"alpunto"},"content":{"rendered":"\n<p>Primeras jornadas de dise\u00f1o. Escuela de Arte de Albacete.<\/p>\n\n\n\n<p>T\u00edtulo ponencia: Interfaces Borrosas<\/p>\n\n\n\n<p>Nombre del congreso: alpunto. <\/p>\n\n\n\n<p>Ciudad de celebraci\u00f3n: Albacete &#8211; Espa\u00f1a,<\/p>\n\n\n\n<p>Fecha de celebraci\u00f3n: 22\/03\/2012<\/p>\n\n\n\n<p><\/p>\n\n\n\n<p>PROGRAMACI\u00d3N PONENCIAS<\/p>\n\n\n\n<p><strong>Mi\u00e9rcoles, 21 de marzo<\/strong><br>9.30 h.<br>INAUGURACI\u00d3N DE LAS PRIMERAS JORNADAS DE DISE\u00d1O<br>Lugar: Sala de conferencias de la Diputaci\u00f3n de Albacete<\/p>\n\n\n\n<p>10.00 h. Conferencia.<br>JOAQU\u00cdN REYES. Dibujar es lo mejor del mundo.<br>Lugar: Sala de conferencias de la Diputaci\u00f3n de Albacete<\/p>\n\n\n\n<p>11.30 h. Conferencia.<br>ASOCIACI\u00d3N DE DISE\u00d1ADORES PROFESIONALES DE ALBACETE<br>Lugar: Sala de conferencias de la Diputaci\u00f3n de Albacete<\/p>\n\n\n\n<p>13.00 h. Conferencia.<br>VITRA \u2013 Pilar Escolano. Chair &amp; Home Specialist.<br>Lugar: Sala de conferencias de la Diputaci\u00f3n de Albacete<\/p>\n\n\n\n<p><strong>Jueves, 22 de marzo<\/strong><br>10.00 h. Conferencia.<br>JORGE MAR\u00cdN CAMPOY. Profesor del TALLER DE AN\u00c1LISIS DE TENDENCIAS en Dise\u00f1o de Producto. EASDA-Alicante.<br>Tendencias en el dise\u00f1o de producto, cambios para un futuro pr\u00f3ximo.<br>Lugar: Sala de conferencias de la Diputaci\u00f3n de Albacete<\/p>\n\n\n\n<p>11.30 h. Conferencia.<br>SYLVIA MOLINA. \u201cInterfaces borrosas\u201d<br>Lugar: Sala de conferencias de la Diputaci\u00f3n de Albacete<\/p>\n\n\n\n<p>13.00 h. Conferencia.<br>LEVIATHAN. Dos d\u00e9cadas de dise\u00f1o en la escena rock.<br>Lugar: Sala de conferencias de la Diputaci\u00f3n de Albacete<\/p>\n\n\n\n<p><strong>Viernes, 23 de marzo<\/strong><br>10.00 h. Conferencia.<br>IGNACIO CERVANTES. Director de Marketing de Arcos.<br>\u201cEl Valor del Dise\u00f1o en ARCOS: Pasi\u00f3n y Estrategia en un Mercado Global\u201d<br>Lugar: Teatro de la Paz.<\/p>\n\n\n\n<div class=\"wp-block-file\"><a href=\"https:\/\/sylviamolina.es\/wp-content\/uploads\/2021\/05\/al-punto.pdf\">al-punto<\/a><a href=\"https:\/\/sylviamolina.es\/wp-content\/uploads\/2021\/05\/al-punto.pdf\" class=\"wp-block-file__button\" download>Descarga<\/a><\/div>\n\n\n\n<figure class=\"wp-block-image size-large\"><img loading=\"lazy\" decoding=\"async\" width=\"725\" height=\"804\" src=\"https:\/\/blog.uclm.es\/sylviamolina\/wp-content\/uploads\/sites\/84\/2021\/05\/jornadas_Albacete02alpunto.jpeg\" alt=\"\" class=\"wp-image-8971\" srcset=\"https:\/\/blog.uclm.es\/sylviamolina\/wp-content\/uploads\/sites\/84\/2021\/05\/jornadas_Albacete02alpunto.jpeg 725w, https:\/\/blog.uclm.es\/sylviamolina\/wp-content\/uploads\/sites\/84\/2021\/05\/jornadas_Albacete02alpunto-271x300.jpeg 271w\" sizes=\"auto, (max-width: 725px) 100vw, 725px\" \/><\/figure>\n\n\n\n<p>_____<br>+info:&nbsp;<a rel=\"noreferrer noopener\" href=\"http:\/\/alpuntojornadas.wordpress.com\/\" target=\"_blank\">alpuntojornadas.wordpress.com<\/a><\/p>\n\n\n\n<p>PRENSA:<\/p>\n\n\n\n<figure class=\"wp-block-image size-large\"><img loading=\"lazy\" decoding=\"async\" width=\"1024\" height=\"884\" src=\"https:\/\/sylviamolina.es\/wp-content\/uploads\/2021\/05\/alpuntopress-1024x884.png\" alt=\"\" class=\"wp-image-8988\" srcset=\"https:\/\/blog.uclm.es\/sylviamolina\/wp-content\/uploads\/sites\/84\/2021\/05\/alpuntopress-1024x884.png 1024w, https:\/\/blog.uclm.es\/sylviamolina\/wp-content\/uploads\/sites\/84\/2021\/05\/alpuntopress-300x259.png 300w, https:\/\/blog.uclm.es\/sylviamolina\/wp-content\/uploads\/sites\/84\/2021\/05\/alpuntopress-768x663.png 768w, https:\/\/blog.uclm.es\/sylviamolina\/wp-content\/uploads\/sites\/84\/2021\/05\/alpuntopress.png 1240w\" sizes=\"auto, (max-width: 767px) 89vw, (max-width: 1000px) 54vw, (max-width: 1071px) 543px, 580px\" \/><\/figure>\n\n\n\n<p><a href=\"https:\/\/graffica.info\/1as-jornadas-de-diseno-al-punto\/\">https:\/\/graffica.info\/1as-jornadas-de-diseno-al-punto\/<\/a><\/p>\n\n\n\n<figure class=\"wp-block-embed is-type-link is-provider-disiarte wp-block-embed-disiarte\"><div class=\"wp-block-embed__wrapper\">\nhttps:\/\/disiarte.wordpress.com\/2012\/03\/26\/fin-de-las-jornadas-de-diseno-al-punto-albacete\/\n<\/div><\/figure>\n\n\n\n<p><\/p>\n","protected":false},"excerpt":{"rendered":"<p>Primeras jornadas de dise\u00f1o. Escuela de Arte de Albacete. T\u00edtulo ponencia: Interfaces Borrosas Nombre del congreso: alpunto. Ciudad de celebraci\u00f3n: Albacete &#8211; Espa\u00f1a, Fecha de celebraci\u00f3n: 22\/03\/2012 PROGRAMACI\u00d3N PONENCIAS Mi\u00e9rcoles, 21 de marzo9.30 h.INAUGURACI\u00d3N DE LAS PRIMERAS JORNADAS DE DISE\u00d1OLugar: Sala de conferencias de la Diputaci\u00f3n de Albacete 10.00 h. Conferencia.JOAQU\u00cdN REYES. Dibujar es lo &hellip; <\/p>\n<p class=\"link-more\"><a href=\"https:\/\/blog.uclm.es\/sylviamolina\/2012\/03\/22\/alpunto\/\" class=\"more-link\">Continuar leyendo<span class=\"screen-reader-text\"> \u00abalpunto\u00bb<\/span><\/a><\/p>\n","protected":false},"author":181,"featured_media":8971,"comment_status":"closed","ping_status":"closed","sticky":false,"template":"","format":"standard","meta":{"footnotes":""},"categories":[10,37],"tags":[],"class_list":["post-8970","post","type-post","status-publish","format-standard","has-post-thumbnail","hentry","category-conferencias","category-id"],"_links":{"self":[{"href":"https:\/\/blog.uclm.es\/sylviamolina\/wp-json\/wp\/v2\/posts\/8970","targetHints":{"allow":["GET"]}}],"collection":[{"href":"https:\/\/blog.uclm.es\/sylviamolina\/wp-json\/wp\/v2\/posts"}],"about":[{"href":"https:\/\/blog.uclm.es\/sylviamolina\/wp-json\/wp\/v2\/types\/post"}],"author":[{"embeddable":true,"href":"https:\/\/blog.uclm.es\/sylviamolina\/wp-json\/wp\/v2\/users\/181"}],"replies":[{"embeddable":true,"href":"https:\/\/blog.uclm.es\/sylviamolina\/wp-json\/wp\/v2\/comments?post=8970"}],"version-history":[{"count":0,"href":"https:\/\/blog.uclm.es\/sylviamolina\/wp-json\/wp\/v2\/posts\/8970\/revisions"}],"wp:featuredmedia":[{"embeddable":true,"href":"https:\/\/blog.uclm.es\/sylviamolina\/wp-json\/wp\/v2\/media\/8971"}],"wp:attachment":[{"href":"https:\/\/blog.uclm.es\/sylviamolina\/wp-json\/wp\/v2\/media?parent=8970"}],"wp:term":[{"taxonomy":"category","embeddable":true,"href":"https:\/\/blog.uclm.es\/sylviamolina\/wp-json\/wp\/v2\/categories?post=8970"},{"taxonomy":"post_tag","embeddable":true,"href":"https:\/\/blog.uclm.es\/sylviamolina\/wp-json\/wp\/v2\/tags?post=8970"}],"curies":[{"name":"wp","href":"https:\/\/api.w.org\/{rel}","templated":true}]}}