{"id":8952,"date":"2009-09-07T14:39:00","date_gmt":"2009-09-07T14:39:00","guid":{"rendered":"https:\/\/sylviamolina.es\/?p=8952"},"modified":"2009-09-07T14:39:00","modified_gmt":"2009-09-07T14:39:00","slug":"interaccion-basada-en-la-posicion-mapa-de-conceptos-y-escenarios-de-aplicacion","status":"publish","type":"post","link":"https:\/\/blog.uclm.es\/sylviamolina\/2009\/09\/07\/interaccion-basada-en-la-posicion-mapa-de-conceptos-y-escenarios-de-aplicacion\/","title":{"rendered":"Interacci\u00f3n Basada en la Posici\u00f3n: Mapa de Conceptos y Escenarios de Aplicaci\u00f3n"},"content":{"rendered":"\n<p>Nombre del congreso: INTERACCI\u00d3N 2009. X Congreso Internacional de Interacci\u00f3n Persona-Ordenador<\/p>\n\n\n\n<p>Barcelona &#8211; Espa\u00f1a, Del 7 al 9 de septiembre de 2009<\/p>\n\n\n\n<p>Sylvia Molina Muro; Maria Elena de la Guia Cantero; Pedro Gonzalez Villanueva; Jose Antonio Gallud Lazaro; Ricardo Tesoriero; Gabriel Sebastian Rivera; Ana Navarrete Tudela. <\/p>\n\n\n\n<p><em>Proceedings of the\u00a0Interacci\u00f3n 2009, X Congreso Internacional de Interacci\u00f3n Persona-Ordenador<\/em>. Barcelona. 2009. ISBN-13:978-84-692-5005-1..<\/p>\n\n\n\n<p>Sylvia Molina Muro; Olivia Caro; Pedro Gonzalez Villanueva; Jose Antonio Gallud Lazaro; Ricardo Tesoriero; Gabriel Sebastian; Ana Navarrete Tudela. <strong>Interacci\u00f3n basada en la posici\u00f3n: mapa de conceptos y escenarios de aplicaci\u00f3n.<\/strong> Interacci\u00f3n 2009. IX Congreso Internacional de Interacci\u00f3n Persona-Ordenador. pp. cd-rom. ISBN-13:978-84-692-5005-1. <\/p>\n\n\n\n<p>Sylvia Molina Muro; Ana Navarrete Tudela; Ricardo Tesoriero; Jose Antonio Gallud Lazaro; Maria Dolores Lozano Perez; Pedro Gonzalez Villanueva. <strong>Metodol\u00f3gica para especificar escenarios de interacci\u00f3n a partir de modos de interacci\u00f3n. <\/strong>Interacci\u00f3n 2009. IX Congreso Internacional de Interacci\u00f3n Persona-Ordenador. pp. cd-rom. ISBN-13:978-84-692-5005-1.<\/p>\n","protected":false},"excerpt":{"rendered":"<p>Nombre del congreso: INTERACCI\u00d3N 2009. X Congreso Internacional de Interacci\u00f3n Persona-Ordenador Barcelona &#8211; Espa\u00f1a, Del 7 al 9 de septiembre de 2009 Sylvia Molina Muro; Maria Elena de la Guia Cantero; Pedro Gonzalez Villanueva; Jose Antonio Gallud Lazaro; Ricardo Tesoriero; Gabriel Sebastian Rivera; Ana Navarrete Tudela. Proceedings of the\u00a0Interacci\u00f3n 2009, X Congreso Internacional de Interacci\u00f3n &hellip; <\/p>\n<p class=\"link-more\"><a href=\"https:\/\/blog.uclm.es\/sylviamolina\/2009\/09\/07\/interaccion-basada-en-la-posicion-mapa-de-conceptos-y-escenarios-de-aplicacion\/\" class=\"more-link\">Continuar leyendo<span class=\"screen-reader-text\"> \u00abInteracci\u00f3n Basada en la Posici\u00f3n: Mapa de Conceptos y Escenarios de Aplicaci\u00f3n\u00bb<\/span><\/a><\/p>\n","protected":false},"author":181,"featured_media":8955,"comment_status":"closed","ping_status":"closed","sticky":false,"template":"","format":"standard","meta":{"footnotes":""},"categories":[10,79,30,37,56],"tags":[],"class_list":["post-8952","post","type-post","status-publish","format-standard","has-post-thumbnail","hentry","category-conferencias","category-grupos-idi","category-2001-14-indevol","category-id","category-publicaciones"],"_links":{"self":[{"href":"https:\/\/blog.uclm.es\/sylviamolina\/wp-json\/wp\/v2\/posts\/8952","targetHints":{"allow":["GET"]}}],"collection":[{"href":"https:\/\/blog.uclm.es\/sylviamolina\/wp-json\/wp\/v2\/posts"}],"about":[{"href":"https:\/\/blog.uclm.es\/sylviamolina\/wp-json\/wp\/v2\/types\/post"}],"author":[{"embeddable":true,"href":"https:\/\/blog.uclm.es\/sylviamolina\/wp-json\/wp\/v2\/users\/181"}],"replies":[{"embeddable":true,"href":"https:\/\/blog.uclm.es\/sylviamolina\/wp-json\/wp\/v2\/comments?post=8952"}],"version-history":[{"count":0,"href":"https:\/\/blog.uclm.es\/sylviamolina\/wp-json\/wp\/v2\/posts\/8952\/revisions"}],"wp:featuredmedia":[{"embeddable":true,"href":"https:\/\/blog.uclm.es\/sylviamolina\/wp-json\/wp\/v2\/media\/8955"}],"wp:attachment":[{"href":"https:\/\/blog.uclm.es\/sylviamolina\/wp-json\/wp\/v2\/media?parent=8952"}],"wp:term":[{"taxonomy":"category","embeddable":true,"href":"https:\/\/blog.uclm.es\/sylviamolina\/wp-json\/wp\/v2\/categories?post=8952"},{"taxonomy":"post_tag","embeddable":true,"href":"https:\/\/blog.uclm.es\/sylviamolina\/wp-json\/wp\/v2\/tags?post=8952"}],"curies":[{"name":"wp","href":"https:\/\/api.w.org\/{rel}","templated":true}]}}