{"id":8942,"date":"2013-09-18T14:22:00","date_gmt":"2013-09-18T14:22:00","guid":{"rendered":"https:\/\/sylviamolina.es\/?p=8942"},"modified":"2013-09-18T14:22:00","modified_gmt":"2013-09-18T14:22:00","slug":"cartografias-borrosas-en-la-educacion-liquida-fmole","status":"publish","type":"post","link":"https:\/\/blog.uclm.es\/sylviamolina\/2013\/09\/18\/cartografias-borrosas-en-la-educacion-liquida-fmole\/","title":{"rendered":"Cartograf\u00edas borrosas en la educaci\u00f3n l\u00edquida -FMoLE-"},"content":{"rendered":"\n<p>V JORNADAS DE DISE\u00d1O EN LA SOCIEDAD DE LA INFORMACI\u00d3N. VISUALIZACI\u00d3N DE LA INFORMACI\u00d3N DEPORTIVA. EXPERIENCIAS DIN\u00c1MICAS EN AUDIOVISUAL: CINE, TV E INTERNET.<\/p>\n\n\n\n<p>Organiza: Dpto. de ciencias de la comunicaci\u00f3n I y II de la Facultad de Ciencias de la Comunicaci\u00f3n.<\/p>\n\n\n\n<p>Universidad Rey Juan Carlos<\/p>\n\n\n\n<p>17 y 18 de septiembre de 2013<\/p>\n\n\n\n<figure class=\"wp-block-image size-large\"><img loading=\"lazy\" decoding=\"async\" width=\"842\" height=\"1024\" src=\"https:\/\/sylviamolina.es\/wp-content\/uploads\/2021\/05\/VJornadasDisen\u0303oReyJuanCarlos-1.jpeg\" alt=\"\" class=\"wp-image-8944\" srcset=\"https:\/\/blog.uclm.es\/sylviamolina\/wp-content\/uploads\/sites\/84\/2021\/05\/VJornadasDisen\u0303oReyJuanCarlos-1.jpeg 842w, https:\/\/blog.uclm.es\/sylviamolina\/wp-content\/uploads\/sites\/84\/2021\/05\/VJornadasDisen\u0303oReyJuanCarlos-1-247x300.jpeg 247w, https:\/\/blog.uclm.es\/sylviamolina\/wp-content\/uploads\/sites\/84\/2021\/05\/VJornadasDisen\u0303oReyJuanCarlos-1-768x934.jpeg 768w\" sizes=\"auto, (max-width: 767px) 89vw, (max-width: 1000px) 54vw, (max-width: 1071px) 543px, 580px\" \/><\/figure>\n\n\n\n<p><\/p>\n","protected":false},"excerpt":{"rendered":"<p>V JORNADAS DE DISE\u00d1O EN LA SOCIEDAD DE LA INFORMACI\u00d3N. VISUALIZACI\u00d3N DE LA INFORMACI\u00d3N DEPORTIVA. EXPERIENCIAS DIN\u00c1MICAS EN AUDIOVISUAL: CINE, TV E INTERNET. Organiza: Dpto. de ciencias de la comunicaci\u00f3n I y II de la Facultad de Ciencias de la Comunicaci\u00f3n. Universidad Rey Juan Carlos 17 y 18 de septiembre de 2013<\/p>\n","protected":false},"author":181,"featured_media":8943,"comment_status":"closed","ping_status":"closed","sticky":false,"template":"","format":"standard","meta":{"footnotes":""},"categories":[10,37],"tags":[],"class_list":["post-8942","post","type-post","status-publish","format-standard","has-post-thumbnail","hentry","category-conferencias","category-id"],"_links":{"self":[{"href":"https:\/\/blog.uclm.es\/sylviamolina\/wp-json\/wp\/v2\/posts\/8942","targetHints":{"allow":["GET"]}}],"collection":[{"href":"https:\/\/blog.uclm.es\/sylviamolina\/wp-json\/wp\/v2\/posts"}],"about":[{"href":"https:\/\/blog.uclm.es\/sylviamolina\/wp-json\/wp\/v2\/types\/post"}],"author":[{"embeddable":true,"href":"https:\/\/blog.uclm.es\/sylviamolina\/wp-json\/wp\/v2\/users\/181"}],"replies":[{"embeddable":true,"href":"https:\/\/blog.uclm.es\/sylviamolina\/wp-json\/wp\/v2\/comments?post=8942"}],"version-history":[{"count":0,"href":"https:\/\/blog.uclm.es\/sylviamolina\/wp-json\/wp\/v2\/posts\/8942\/revisions"}],"wp:featuredmedia":[{"embeddable":true,"href":"https:\/\/blog.uclm.es\/sylviamolina\/wp-json\/wp\/v2\/media\/8943"}],"wp:attachment":[{"href":"https:\/\/blog.uclm.es\/sylviamolina\/wp-json\/wp\/v2\/media?parent=8942"}],"wp:term":[{"taxonomy":"category","embeddable":true,"href":"https:\/\/blog.uclm.es\/sylviamolina\/wp-json\/wp\/v2\/categories?post=8942"},{"taxonomy":"post_tag","embeddable":true,"href":"https:\/\/blog.uclm.es\/sylviamolina\/wp-json\/wp\/v2\/tags?post=8942"}],"curies":[{"name":"wp","href":"https:\/\/api.w.org\/{rel}","templated":true}]}}