{"id":8939,"date":"1997-05-22T14:17:00","date_gmt":"1997-05-22T14:17:00","guid":{"rendered":"https:\/\/sylviamolina.es\/?p=8939"},"modified":"1997-05-22T14:17:00","modified_gmt":"1997-05-22T14:17:00","slug":"encontro-de-metodologia-e-praticas-educativas-97-em-educaca0-visual-e-tecnologica","status":"publish","type":"post","link":"https:\/\/blog.uclm.es\/sylviamolina\/1997\/05\/22\/encontro-de-metodologia-e-praticas-educativas-97-em-educaca0-visual-e-tecnologica\/","title":{"rendered":"Encontro de Metodologia e Pr\u00e1ticas Educativas 97 em Educa\u00e7\u00e30 Visual e Tecnol\u00f3gica"},"content":{"rendered":"\n<p>Conferencia: Arte interactiva e apresenta\u00e7\u00e3o do cd-rom OVUM\/FUGE LEMOINE.<\/p>\n\n\n\n<p>Instituto Polit\u00e9cnico de Coimbra<\/p>\n\n\n\n<p>Escola superior de educa\u00e7ao<\/p>\n\n\n\n<p>22-23 mayo 1997<\/p>\n","protected":false},"excerpt":{"rendered":"<p>Conferencia: Arte interactiva e apresenta\u00e7\u00e3o do cd-rom OVUM\/FUGE LEMOINE. Instituto Polit\u00e9cnico de Coimbra Escola superior de educa\u00e7ao 22-23 mayo 1997<\/p>\n","protected":false},"author":181,"featured_media":8940,"comment_status":"closed","ping_status":"closed","sticky":false,"template":"","format":"standard","meta":{"footnotes":""},"categories":[10,37],"tags":[],"class_list":["post-8939","post","type-post","status-publish","format-standard","has-post-thumbnail","hentry","category-conferencias","category-id"],"_links":{"self":[{"href":"https:\/\/blog.uclm.es\/sylviamolina\/wp-json\/wp\/v2\/posts\/8939","targetHints":{"allow":["GET"]}}],"collection":[{"href":"https:\/\/blog.uclm.es\/sylviamolina\/wp-json\/wp\/v2\/posts"}],"about":[{"href":"https:\/\/blog.uclm.es\/sylviamolina\/wp-json\/wp\/v2\/types\/post"}],"author":[{"embeddable":true,"href":"https:\/\/blog.uclm.es\/sylviamolina\/wp-json\/wp\/v2\/users\/181"}],"replies":[{"embeddable":true,"href":"https:\/\/blog.uclm.es\/sylviamolina\/wp-json\/wp\/v2\/comments?post=8939"}],"version-history":[{"count":0,"href":"https:\/\/blog.uclm.es\/sylviamolina\/wp-json\/wp\/v2\/posts\/8939\/revisions"}],"wp:featuredmedia":[{"embeddable":true,"href":"https:\/\/blog.uclm.es\/sylviamolina\/wp-json\/wp\/v2\/media\/8940"}],"wp:attachment":[{"href":"https:\/\/blog.uclm.es\/sylviamolina\/wp-json\/wp\/v2\/media?parent=8939"}],"wp:term":[{"taxonomy":"category","embeddable":true,"href":"https:\/\/blog.uclm.es\/sylviamolina\/wp-json\/wp\/v2\/categories?post=8939"},{"taxonomy":"post_tag","embeddable":true,"href":"https:\/\/blog.uclm.es\/sylviamolina\/wp-json\/wp\/v2\/tags?post=8939"}],"curies":[{"name":"wp","href":"https:\/\/api.w.org\/{rel}","templated":true}]}}