{"id":8004,"date":"2019-04-08T09:50:00","date_gmt":"2019-04-08T09:50:00","guid":{"rendered":"https:\/\/sylviamolina.es\/?p=8004"},"modified":"2019-04-08T09:50:00","modified_gmt":"2019-04-08T09:50:00","slug":"si-fuese-tu-encuentro-sobre-metodologias-de-investigacion-en-practicas-artisticas","status":"publish","type":"post","link":"https:\/\/blog.uclm.es\/sylviamolina\/2019\/04\/08\/si-fuese-tu-encuentro-sobre-metodologias-de-investigacion-en-practicas-artisticas\/","title":{"rendered":"Si fuese t\u00fa. Encuentro sobre metodolog\u00edas de investigaci\u00f3n en pr\u00e1cticas art\u00edsticas"},"content":{"rendered":"\n<figure class=\"wp-block-image size-large\"><img loading=\"lazy\" decoding=\"async\" width=\"1024\" height=\"724\" src=\"https:\/\/blog.uclm.es\/sylviamolina\/wp-content\/uploads\/sites\/84\/2021\/05\/cartel_jornadas_a3-1024x724.png\" alt=\"\" class=\"wp-image-8005\" srcset=\"https:\/\/blog.uclm.es\/sylviamolina\/wp-content\/uploads\/sites\/84\/2021\/05\/cartel_jornadas_a3-1024x724.png 1024w, https:\/\/blog.uclm.es\/sylviamolina\/wp-content\/uploads\/sites\/84\/2021\/05\/cartel_jornadas_a3-300x212.png 300w, https:\/\/blog.uclm.es\/sylviamolina\/wp-content\/uploads\/sites\/84\/2021\/05\/cartel_jornadas_a3-768x543.png 768w, https:\/\/blog.uclm.es\/sylviamolina\/wp-content\/uploads\/sites\/84\/2021\/05\/cartel_jornadas_a3-1536x1085.png 1536w, https:\/\/blog.uclm.es\/sylviamolina\/wp-content\/uploads\/sites\/84\/2021\/05\/cartel_jornadas_a3.png 2048w\" sizes=\"auto, (max-width: 767px) 89vw, (max-width: 1000px) 54vw, (max-width: 1071px) 543px, 580px\" \/><\/figure>\n\n\n\n<figure class=\"wp-block-embed is-type-link is-provider-si-fuese-tu wp-block-embed-si-fuese-tu\"><div class=\"wp-block-embed__wrapper\">\nhttps:\/\/sifuesetu458187153.wordpress.com\/\n<\/div><figcaption>link a la web<\/figcaption><\/figure>\n\n\n\n<h4 class=\"wp-block-heading\">Cod. junto a Jos\u00e9 Antonio S\u00e1nchez del Encuentro de Investigaci\u00f3n del M\u00e1ster Universitario de Investigaci\u00f3n en Pr\u00e1cticas Art\u00edsticas y Visuales y del M\u00e1ster en Pr\u00e1ctica Esc\u00e9nica y Cultura Visual en Artes: &#8216;Si fuese t\u00fa&#8230;&#8217;<\/h4>\n\n\n\n<h4 class=\"wp-block-heading\">Organizado por el M\u00e1ster de Investigaci\u00f3n en Pr\u00e1cticas Art\u00edsticas y Visuales de la UCLM. Participan tambi\u00e9n investigadores de doctorado de la UCLM, estudiantes y egresados del MPECV y de la MITAV (Colombia).<\/h4>\n\n\n\n<p>Este encuentro se propone con el objetivo de compartir metodolog\u00edas de investigaci\u00f3n art\u00edstica: se trata de generar un marco en el que ponernos en el lugar de los otros para comprender los caminos que cada cual trata de recorrer y colectivamente aventurarnos en la formulaci\u00f3n de preguntas ins\u00f3litas y en la comprensi\u00f3n de realidades complejas.&nbsp;<\/p>\n\n\n\n<p>Investigar es siempre ponerse fuera de s\u00ed, arriesgarse m\u00e1s all\u00e1 de la posici\u00f3n de seguridad en la que habitualmente trabajamos. Investigar en arte implica un desplazamiento de la subjetividad misma de quien investiga, y no s\u00f3lo del sujeto abstracto de conocimiento. En ese desplazamiento, la subjetividad del artista se&nbsp;vulnerabiliza, pero tambi\u00e9n se dispone a derivas y desviaciones que pueden ir acompa\u00f1adas de experimentaciones sensibles, exploraciones&nbsp;identitarias&nbsp;o elaboraciones discursivas. En esa fase de b\u00fasqueda, cualquier est\u00edmulo externo puede resonar en beneficio del proceso interno, y cualquier proceso ajeno puede ser recibido como familiar.&nbsp;<\/p>\n\n\n\n<p><em>Si fuese t\u00fa<\/em>\u2026 manifiesta una apertura al intercambio de identidades, un deseo de compartir problemas, hallazgos, inquietudes y experiencias. El saber no est\u00e1 re\u00f1ido con el juego. Y es que no hay arte sin juego, como no hay pr\u00e1ctica art\u00edstica intensa que escape a la realidad y, por tanto, a la necesidad de pensar qu\u00e9 ver\u00eda, qu\u00e9 sentir\u00eda, que har\u00eda\u2026\u00a0<em>si fuese t\u00fa<\/em>.<\/p>\n\n\n\n<figure class=\"wp-block-embed is-type-link is-provider-si-fuese-tu wp-block-embed-si-fuese-tu\"><div class=\"wp-block-embed__wrapper\">\nhttps:\/\/sifuesetu458187153.wordpress.com\/\n<\/div><\/figure>\n","protected":false},"excerpt":{"rendered":"<p>Cod. junto a Jos\u00e9 Antonio S\u00e1nchez del Encuentro de Investigaci\u00f3n del M\u00e1ster Universitario de Investigaci\u00f3n en Pr\u00e1cticas Art\u00edsticas y Visuales y del M\u00e1ster en Pr\u00e1ctica Esc\u00e9nica y Cultura Visual en Artes: &#8216;Si fuese t\u00fa&#8230;&#8217; Organizado por el M\u00e1ster de Investigaci\u00f3n en Pr\u00e1cticas Art\u00edsticas y Visuales de la UCLM. Participan tambi\u00e9n investigadores de doctorado de la &hellip; <\/p>\n<p class=\"link-more\"><a href=\"https:\/\/blog.uclm.es\/sylviamolina\/2019\/04\/08\/si-fuese-tu-encuentro-sobre-metodologias-de-investigacion-en-practicas-artisticas\/\" class=\"more-link\">Continuar leyendo<span class=\"screen-reader-text\"> \u00abSi fuese t\u00fa. Encuentro sobre metodolog\u00edas de investigaci\u00f3n en pr\u00e1cticas art\u00edsticas\u00bb<\/span><\/a><\/p>\n","protected":false},"author":181,"featured_media":8005,"comment_status":"closed","ping_status":"closed","sticky":false,"template":"","format":"standard","meta":{"footnotes":""},"categories":[2,74,10,16,79,31,37,52,69],"tags":[],"class_list":["post-8004","post","type-post","status-publish","format-standard","has-post-thumbnail","hentry","category-groups","category-bbaa_uclm","category-conferencias","category-educacion","category-grupos-idi","category-fuzzy-gab-4","category-id","category-proy-docente","category-workshop"],"_links":{"self":[{"href":"https:\/\/blog.uclm.es\/sylviamolina\/wp-json\/wp\/v2\/posts\/8004","targetHints":{"allow":["GET"]}}],"collection":[{"href":"https:\/\/blog.uclm.es\/sylviamolina\/wp-json\/wp\/v2\/posts"}],"about":[{"href":"https:\/\/blog.uclm.es\/sylviamolina\/wp-json\/wp\/v2\/types\/post"}],"author":[{"embeddable":true,"href":"https:\/\/blog.uclm.es\/sylviamolina\/wp-json\/wp\/v2\/users\/181"}],"replies":[{"embeddable":true,"href":"https:\/\/blog.uclm.es\/sylviamolina\/wp-json\/wp\/v2\/comments?post=8004"}],"version-history":[{"count":0,"href":"https:\/\/blog.uclm.es\/sylviamolina\/wp-json\/wp\/v2\/posts\/8004\/revisions"}],"wp:featuredmedia":[{"embeddable":true,"href":"https:\/\/blog.uclm.es\/sylviamolina\/wp-json\/wp\/v2\/media\/8005"}],"wp:attachment":[{"href":"https:\/\/blog.uclm.es\/sylviamolina\/wp-json\/wp\/v2\/media?parent=8004"}],"wp:term":[{"taxonomy":"category","embeddable":true,"href":"https:\/\/blog.uclm.es\/sylviamolina\/wp-json\/wp\/v2\/categories?post=8004"},{"taxonomy":"post_tag","embeddable":true,"href":"https:\/\/blog.uclm.es\/sylviamolina\/wp-json\/wp\/v2\/tags?post=8004"}],"curies":[{"name":"wp","href":"https:\/\/api.w.org\/{rel}","templated":true}]}}