{"id":8000,"date":"2020-03-09T09:34:00","date_gmt":"2020-03-09T09:34:00","guid":{"rendered":"https:\/\/sylviamolina.es\/?p=8000"},"modified":"2020-03-09T09:34:00","modified_gmt":"2020-03-09T09:34:00","slug":"imaginar-futuros-activar-presentes-imaginar-presentes-activar-futuros","status":"publish","type":"post","link":"https:\/\/blog.uclm.es\/sylviamolina\/2020\/03\/09\/imaginar-futuros-activar-presentes-imaginar-presentes-activar-futuros\/","title":{"rendered":"Imaginar futuros, activar presentes\/ Imaginar presentes, activar futuros"},"content":{"rendered":"\n<figure class=\"wp-block-image size-large\"><img loading=\"lazy\" decoding=\"async\" width=\"724\" height=\"1024\" src=\"https:\/\/sylviamolina.es\/wp-content\/uploads\/2021\/05\/poster2020sinweb-2-724x1024.jpeg\" alt=\"\" class=\"wp-image-8001\" srcset=\"https:\/\/blog.uclm.es\/sylviamolina\/wp-content\/uploads\/sites\/84\/2021\/05\/poster2020sinweb-2-724x1024.jpeg 724w, https:\/\/blog.uclm.es\/sylviamolina\/wp-content\/uploads\/sites\/84\/2021\/05\/poster2020sinweb-2-212x300.jpeg 212w, https:\/\/blog.uclm.es\/sylviamolina\/wp-content\/uploads\/sites\/84\/2021\/05\/poster2020sinweb-2-768x1086.jpeg 768w, https:\/\/blog.uclm.es\/sylviamolina\/wp-content\/uploads\/sites\/84\/2021\/05\/poster2020sinweb-2.jpeg 877w\" sizes=\"auto, (max-width: 724px) 100vw, 724px\" \/><\/figure>\n\n\n\n<figure class=\"wp-block-embed\"><div class=\"wp-block-embed__wrapper\">\nhttps:\/\/imaginaractivar.law.blog\/\n<\/div><figcaption>Encuentros 2020<\/figcaption><\/figure>\n\n\n\n<p>Cod. junto a Jos\u00e9 Antonio S\u00e1nchez del Encuentro de Investigaci\u00f3n del M\u00e1ster Universitario de Investigaci\u00f3n en Pr\u00e1cticas Art\u00edsticas y Visuales y del M\u00e1ster en Pr\u00e1ctica Esc\u00e9nica y Cultura Visual en Artes: \u201cImaginar futuros, activar presentes\/ Imaginar presentes, activar futuros\u201d.<\/p>\n\n\n\n<p><\/p>\n","protected":false},"excerpt":{"rendered":"<p>Cod. junto a Jos\u00e9 Antonio S\u00e1nchez del Encuentro de Investigaci\u00f3n del M\u00e1ster Universitario de Investigaci\u00f3n en Pr\u00e1cticas Art\u00edsticas y Visuales y del M\u00e1ster en Pr\u00e1ctica Esc\u00e9nica y Cultura Visual en Artes: \u201cImaginar futuros, activar presentes\/ Imaginar presentes, activar futuros\u201d.<\/p>\n","protected":false},"author":181,"featured_media":8002,"comment_status":"closed","ping_status":"closed","sticky":false,"template":"","format":"standard","meta":{"footnotes":""},"categories":[2,74,10,16,79,31,37,52,65,69],"tags":[],"class_list":["post-8000","post","type-post","status-publish","format-standard","has-post-thumbnail","hentry","category-groups","category-bbaa_uclm","category-conferencias","category-educacion","category-grupos-idi","category-fuzzy-gab-4","category-id","category-proy-docente","category-uncategorized","category-workshop"],"_links":{"self":[{"href":"https:\/\/blog.uclm.es\/sylviamolina\/wp-json\/wp\/v2\/posts\/8000","targetHints":{"allow":["GET"]}}],"collection":[{"href":"https:\/\/blog.uclm.es\/sylviamolina\/wp-json\/wp\/v2\/posts"}],"about":[{"href":"https:\/\/blog.uclm.es\/sylviamolina\/wp-json\/wp\/v2\/types\/post"}],"author":[{"embeddable":true,"href":"https:\/\/blog.uclm.es\/sylviamolina\/wp-json\/wp\/v2\/users\/181"}],"replies":[{"embeddable":true,"href":"https:\/\/blog.uclm.es\/sylviamolina\/wp-json\/wp\/v2\/comments?post=8000"}],"version-history":[{"count":0,"href":"https:\/\/blog.uclm.es\/sylviamolina\/wp-json\/wp\/v2\/posts\/8000\/revisions"}],"wp:featuredmedia":[{"embeddable":true,"href":"https:\/\/blog.uclm.es\/sylviamolina\/wp-json\/wp\/v2\/media\/8002"}],"wp:attachment":[{"href":"https:\/\/blog.uclm.es\/sylviamolina\/wp-json\/wp\/v2\/media?parent=8000"}],"wp:term":[{"taxonomy":"category","embeddable":true,"href":"https:\/\/blog.uclm.es\/sylviamolina\/wp-json\/wp\/v2\/categories?post=8000"},{"taxonomy":"post_tag","embeddable":true,"href":"https:\/\/blog.uclm.es\/sylviamolina\/wp-json\/wp\/v2\/tags?post=8000"}],"curies":[{"name":"wp","href":"https:\/\/api.w.org\/{rel}","templated":true}]}}