{"id":750,"date":"2001-04-01T20:08:56","date_gmt":"2001-04-01T20:08:56","guid":{"rendered":"http:\/\/www3.uclm.es\/profesorado\/symolina\/wordpress\/?p=750"},"modified":"2001-04-01T20:08:56","modified_gmt":"2001-04-01T20:08:56","slug":"narraciones-multimedia","status":"publish","type":"post","link":"https:\/\/blog.uclm.es\/sylviamolina\/2001\/04\/01\/narraciones-multimedia\/","title":{"rendered":"Narraciones Multimedia"},"content":{"rendered":"<p>[:en]::::::::::::::::::::::::::::::::::::::::::::::::::::::::::::::::::::::::::::::::::::::::::::::::::::::::::::<\/p>\n<p><strong><em><img loading=\"lazy\" decoding=\"async\" class=\"size-full wp-image-2797 alignleft\" src=\"https:\/\/blog.uclm.es\/sylviamolina\/wp-content\/uploads\/sites\/84\/1992\/05\/narracionesMultimedia.png\" alt=\"\" width=\"280\" height=\"145\" \/>Narraciones Multimedia<\/em><\/strong>. CD-ROM Art\u00edstico Interactivo que propone una Interfaz de Navegaci\u00f3n para recorrer la recopilaci\u00f3n de trabajos de becarios del MIDE (museo de Electrograf\u00eda) desde 1994 al 2000. Facultad de Bellas Artes. UCLM. Cuenca ISBN 84-8427-136-6<\/p>\n<p>AUTORES: <u>Sylvia Molina<\/u>;<\/p>\n<p style=\"text-align: center\">[gview file=\u00bbhttp:\/\/www3.uclm.es\/profesorado\/symolina\/websanteriores\/2007\/04Verde_becasCursosTrabajos\/narraciones\/NarracionesMultim.pdf\u00bb save=\u00bb1&#8243;]<\/p>\n<p>LUGARES EXHIBICI\u00d3N:<\/p>\n<ul>\n<li>Situaciones 2001. Cuenca<\/li>\n<li>Impacto en la literatura especializada:<\/li>\n<\/ul>\n<h3>\u00b7\u00a0\u00a0\u00a0\u00a0\u00a0\u00a0 <a href=\"http:\/\/artesescenicas.uclm.es\/archivos_subidos\/subcontextos\/11\/Memoria%20situaciones2001.pdf\">Memoria situaciones2001.pdf &#8211; Universidad de Castilla-La &#8230;<\/a><\/h3>\n<p><strong>artes<\/strong>escenicas.uclm.es\/archivos&#8230;\/11\/Memoria%20<strong>situaciones2001<\/strong>.pdf<\/p>\n<p><em>situaciones2001<\/em>. <em>Situaciones<\/em> ocupa el casco hist\u00f3rico de <em>Cuenca<\/em>, se despliega en iglesias, conventos, &#8230; <em>de Bellas Artes<\/em>, en complicidad con responsables de diferentes instituciones culturales y el soporte de &#8230;. <em>Narraciones Multimedia<\/em>: 14.<\/p>\n<h3>\u00b7\u00a0\u00a0\u00a0\u00a0\u00a0\u00a0 <a href=\"http:\/\/www.mide.uclm.es\/f_i_p01.html\">Museo Internacional de Electrograf\u00eda<\/a><\/h3>\n<p>www.mide.uclm.es\/f_i_p01.html<\/p>\n<p>El Museo Internacional de Electrograf\u00eda (MIDE) de <em>Cuenca<\/em> es un Museo-Centro &#8230; Imagen en la <em>Facultad de Bellas Artes<\/em> de <em>Cuenca<\/em>), y bajo el asesoramiento de un grupo &#8230;. En diciembre de <em>2001<\/em> le fue concedido el 3\u222b premio del prestigioso concurso &#8230; <em>Narraciones Multimedia<\/em>\u00bb presentada en 1995 fue el primer trabajo\u00a0&#8230;<\/p>\n<h3>\u00b7\u00a0\u00a0\u00a0\u00a0\u00a0\u00a0 <a href=\"http:\/\/poligrafiabinaria.blogia.com\/pagina\/9\/\">Siguientes &#8211; Poligraf\u00eda Binaria &#8211; Blogia<\/a><\/h3>\n<p>poligrafiabinaria.blogia.com\/pagina\/9\/<\/p>\n<p>20 de may. de 2002 &#8211; &#8230; (fundamentalmente los de la <em>Facultad de Bellas Artes<\/em> de <em>Cuenca<\/em>, la Escuela &#8230;. En diciembre de <em>2001<\/em> le fue concedido el 3\u00ba premio del prestigioso concurso &#8230; \u00ab<em>Narraciones Multimedia<\/em>\u00bb presentada en 1995 fue el primer trabajo &#8230; pieza <em>multimedia<\/em> interactiva \u00ab<em>Situaciones<\/em> Nurse\u00bb, creada ex-profeso para\u00a0&#8230;<\/p>\n<h3>\u00b7\u00a0\u00a0\u00a0\u00a0\u00a0\u00a0 <a href=\"http:\/\/artesescenicas.uclm.es\/index.php?sec=inves&amp;id=18\">Jos\u00e9 A. S\u00e1nchez &#8211; Archivo Virtual de Artes Esc\u00e9nicas<\/a><\/h3>\n<p><strong>artes<\/strong>escenicas.uclm.es\/index.php?sec=inves&amp;id=18<\/p>\n<p>Profesor en la <em>Facultad de Bellas Artes<\/em> de <em>Cuenca<\/em>, actualmente reside en Londres, &#8230; <em>Situaciones<\/em> (<em>Cuenca<\/em>, 1999-2002) y Desviaciones (Madrid, 1997-<em>2001<\/em>)<\/p>\n<h3>\u00b7\u00a0\u00a0\u00a0\u00a0\u00a0\u00a0 \u00b7 <a href=\"https:\/\/books.google.es\/books?id=CcdtlDLqWIIC&amp;pg=PT127&amp;lpg=PT127&amp;dq=situaciones+2001+Facultad+de+Bellas+Artes+Cuenca&amp;source=bl&amp;ots=sQndnOIINM&amp;sig=uzEtjTQTbpugT5Z1U2AbwJvhSqA&amp;hl=es&amp;sa=X&amp;ei=JEfaVOGUA4L6UoW8gLgF&amp;ved=0CCAQ6AEwADgK\">Explorando el laberinto: creaci\u00f3n e investigaci\u00f3n en torno &#8230;<\/a><\/h3>\n<p>https:\/\/books.google.es\/books?isbn=8484273865<\/p>\n<p>Universidad de Castilla-La Mancha. Servicio de Publicaciones &#8211; 2004 &#8211; \u200eArt<\/p>\n<p>Hacia una virtualizaci\u00f3n de la pr\u00e1ctica del Arte\u00bb, XV Trobada de Pl\u00e1stica: &#8230; Alcal\u00e1, )os\u00e9 Ram\u00f3n: \u00abTecnophobias &amp; Tecnophilias\u00bb, <em>Situaciones<\/em>, cat\u00e1logo. <em>Facultad de Bellas Artes<\/em>, <em>Cuenca<\/em>, Abril <em>2001<\/em>, pp. 28-53. Alcal\u00e1, Jos\u00e9 Ram\u00f3n (coord.)\u00a0&#8230;<\/p>\n<h3>\u00b7\u00a0\u00a0\u00a0\u00a0\u00a0\u00a0 \u00b7 <a href=\"https:\/\/books.google.es\/books?id=G3XOphELploC&amp;pg=PA74&amp;lpg=PA74&amp;dq=situaciones+2001+Facultad+de+Bellas+Artes+Cuenca&amp;source=bl&amp;ots=41pCvBVPui&amp;sig=hECF-N47UonlPACxPIF9pb24tPk&amp;hl=es&amp;sa=X&amp;ei=JEfaVOGUA4L6UoW8gLgF&amp;ved=0CCIQ6AEwATgK\">Memoria 2001<\/a><\/h3>\n<p>https:\/\/books.google.es\/books?isbn=9683699006<\/p>\n<p>Exposiciones colectivas <em>2001 Situaciones<\/em>. Casa Zabala, Universidad de Castilla, La mancha, <em>Facultad de Bellas Artes<\/em>, <em>Cuenca<\/em>, Espa\u00f1a. 2000 Premios Villa de\u00a0&#8230;<\/p>\n<h3>\u00b7\u00a0\u00a0\u00a0\u00a0\u00a0\u00a0 <a href=\"https:\/\/books.google.es\/books?id=3afdLJXAh0gC&amp;pg=PA49&amp;lpg=PA49&amp;dq=situaciones+2001+Facultad+de+Bellas+Artes+Cuenca&amp;source=bl&amp;ots=8ktN41o8C7&amp;sig=pgMQs1R4CEPfbwoNbomuDuEcsqQ&amp;hl=es&amp;sa=X&amp;ei=JEfaVOGUA4L6UoW8gLgF&amp;ved=0CDoQ6AEwBjgK\">Pr\u00e1ctica art\u00edstica y pol\u00edticas culturales: algunas &#8230;<\/a><\/h3>\n<p>https:\/\/books.google.es\/books?isbn=8483713977<\/p>\n<p><a href=\"https:\/\/www.google.es\/search?sa=N&amp;biw=1260&amp;bih=653&amp;tbm=bks&amp;q=inauthor:%22Jos%C3%A9+A.+S%C3%A1nchez%22&amp;ei=JEfaVOGUA4L6UoW8gLgF&amp;ved=0CDsQ9AgwBjgK\">Jos\u00e9 A. S\u00e1nchez<\/a> &#8211; 2003 &#8211; \u200eEducation<\/p>\n<p>The show mustgo 011 (<em>2001<\/em>). tambi\u00e9n de Jer\u00f3me Bel. funciona mucho mejor fuera de &#8230; <em>Situaciones<\/em>, el proyecto que dirig\u00ed en <em>Cuenca<\/em> durante tres a\u00f1os, tambi\u00e9n se &#8230; El edificio de la <em>Facultad de Bellas Artes<\/em>, donde se gest\u00f3 el proyecto,\u00a0&#8230;<\/p>\n<h3>\u00b7\u00a0\u00a0\u00a0\u00a0\u00a0\u00a0 <a href=\"http:\/\/www.europeana.eu\/portal\/record\/2022101\/urn_axmedis_00000_obj_c398e70f_8cd3_43dc_a781_77ec7f957eb1.html\">Cat\u00e1logo del Festival Situaciones 2001 | Jos\u00e9 A.S\u00e1nchez<\/a><\/h3>\n<p>www.europeana.eu\/&#8230;\/urn_axmedis_00000_obj_c398e70f_8cd3_43dc_&#8230;<\/p>\n<p>Description: Cat\u00e1logo de la tercera edici\u00f3n de <em>Situaciones<\/em>, un encuentro organizado en <em>Cuenca<\/em> por la <em>Facultad de Bellas<\/em> de <em>Artes<\/em> (UCLM) entre 1999 y 2002\u00a0&#8230;<\/p>\n<h3>\u00b7\u00a0\u00a0\u00a0\u00a0\u00a0\u00a0 <a href=\"https:\/\/books.google.es\/books?id=EKKyWCx5egQC&amp;pg=PP2&amp;lpg=PP2&amp;dq=situaciones+2001+Facultad+de+Bellas+Artes+Cuenca&amp;source=bl&amp;ots=IMvLo_YHP0&amp;sig=0wSkdWoeIItjlZ46Npp2AxuFl_s&amp;hl=es&amp;sa=X&amp;ei=a0faVP7hKoT7UNyzg6AD&amp;ved=0CDYQ6AEwBDgU\">Astrizia y los asteroides &#8211; Resultado de la B\u00fasqueda de libros de Google<\/a><\/h3>\n<p>https:\/\/books.google.es\/books?isbn=8484274209<\/p>\n<p><a href=\"https:\/\/www.google.es\/search?sa=N&amp;biw=1260&amp;bih=653&amp;tbm=bks&amp;q=inauthor:%22Juan+Sen%C3%ADs%22&amp;ei=a0faVP7hKoT7UNyzg6AD&amp;ved=0CDcQ9AgwBDgU\">Juan Sen\u00eds<\/a> &#8211; 2005 &#8211; \u200eAntiques &amp; Collectibles<\/p>\n<p>&#8230; y de arte y literatura contempor\u00e1neas en la <em>Facultad de Bellas Artes<\/em> de <em>Cuenca<\/em>. &#8230; <em>2001<\/em>) y desde 1999 dirige <em>Situaciones<\/em>, encuentro multidisciplinar de artes\u00a0&#8230;[:]<\/p>\n<p><img loading=\"lazy\" decoding=\"async\" class=\"alignnone size-full wp-image-3407\" src=\"http:\/\/sylviamolina.es\/wp-content\/uploads\/2001\/04\/dossierPublicaciones.doc_Pa\u0301gina_27.png\" alt=\"\" width=\"1240\" height=\"1755\" \/><\/p>\n","protected":false},"excerpt":{"rendered":"<p>[:en]:::::::::::::::::::::::::::::::::::::::::::::::::::::::::::::::::::::::::::::::::::::::::::::::::::::::::::: Narraciones Multimedia. CD-ROM Art\u00edstico Interactivo que propone una Interfaz de Navegaci\u00f3n para recorrer la recopilaci\u00f3n de trabajos de becarios del MIDE (museo de Electrograf\u00eda) desde 1994 al 2000. Facultad de Bellas Artes. UCLM. Cuenca ISBN 84-8427-136-6 AUTORES: Sylvia Molina; [gview file=\u00bbhttp:\/\/www3.uclm.es\/profesorado\/symolina\/websanteriores\/2007\/04Verde_becasCursosTrabajos\/narraciones\/NarracionesMultim.pdf\u00bb save=\u00bb1&#8243;] LUGARES EXHIBICI\u00d3N: Situaciones 2001. Cuenca Impacto en la literatura especializada: \u00b7\u00a0\u00a0\u00a0\u00a0\u00a0\u00a0 Memoria &hellip; <\/p>\n<p class=\"link-more\"><a href=\"https:\/\/blog.uclm.es\/sylviamolina\/2001\/04\/01\/narraciones-multimedia\/\" class=\"more-link\">Continuar leyendo<span class=\"screen-reader-text\"> \u00abNarraciones Multimedia\u00bb<\/span><\/a><\/p>\n","protected":false},"author":181,"featured_media":2797,"comment_status":"open","ping_status":"open","sticky":false,"template":"","format":"standard","meta":{"footnotes":""},"categories":[74,36,37,54,56],"tags":[],"class_list":["post-750","post","type-post","status-publish","format-standard","has-post-thumbnail","hentry","category-bbaa_uclm","category-interactivos","category-id","category-proyectos-de-encargo","category-publicaciones"],"_links":{"self":[{"href":"https:\/\/blog.uclm.es\/sylviamolina\/wp-json\/wp\/v2\/posts\/750","targetHints":{"allow":["GET"]}}],"collection":[{"href":"https:\/\/blog.uclm.es\/sylviamolina\/wp-json\/wp\/v2\/posts"}],"about":[{"href":"https:\/\/blog.uclm.es\/sylviamolina\/wp-json\/wp\/v2\/types\/post"}],"author":[{"embeddable":true,"href":"https:\/\/blog.uclm.es\/sylviamolina\/wp-json\/wp\/v2\/users\/181"}],"replies":[{"embeddable":true,"href":"https:\/\/blog.uclm.es\/sylviamolina\/wp-json\/wp\/v2\/comments?post=750"}],"version-history":[{"count":0,"href":"https:\/\/blog.uclm.es\/sylviamolina\/wp-json\/wp\/v2\/posts\/750\/revisions"}],"wp:featuredmedia":[{"embeddable":true,"href":"https:\/\/blog.uclm.es\/sylviamolina\/wp-json\/wp\/v2\/media\/2797"}],"wp:attachment":[{"href":"https:\/\/blog.uclm.es\/sylviamolina\/wp-json\/wp\/v2\/media?parent=750"}],"wp:term":[{"taxonomy":"category","embeddable":true,"href":"https:\/\/blog.uclm.es\/sylviamolina\/wp-json\/wp\/v2\/categories?post=750"},{"taxonomy":"post_tag","embeddable":true,"href":"https:\/\/blog.uclm.es\/sylviamolina\/wp-json\/wp\/v2\/tags?post=750"}],"curies":[{"name":"wp","href":"https:\/\/api.w.org\/{rel}","templated":true}]}}