{"id":739,"date":"1996-06-01T18:17:42","date_gmt":"1996-06-01T18:17:42","guid":{"rendered":"http:\/\/www3.uclm.es\/profesorado\/symolina\/wordpress\/?p=739"},"modified":"1996-06-01T18:17:42","modified_gmt":"1996-06-01T18:17:42","slug":"interactuality_-net-art","status":"publish","type":"post","link":"https:\/\/blog.uclm.es\/sylviamolina\/1996\/06\/01\/interactuality_-net-art\/","title":{"rendered":"Interactuality_ net.art"},"content":{"rendered":"<p>[:en]::::::::::::::::::::::::::::::::::::::::::::::::::::::::::::::::::::::::::::::::::::::::::::::::::::::::::::<\/p>\n<p>&nbsp;<\/p>\n<p><strong><em>Interactuality<\/em><\/strong> Planteamiento Interactivo en la Red (Conjuntamente Con Proyecto \u00df) El proyecto fue seleccionado y expuesto en la p\u00e1gina web del portal art\u00edstico connect-arte precursor de los portales art\u00edsticos coordinado por Yoonah y Zush<\/p>\n<p>AUTORES: Sylvia Molina; Ricardo Iglesias; Roberto Desir\u00e9; Rosa Moral; Daniel Cabeza;<\/p>\n<p>LUGARES EXHIBICI\u00d3N:<\/p>\n<ul>\n<li>\u2018Connect-Arte. Revista Online. Barcelona, 1996.<\/li>\n<\/ul>\n<p><img loading=\"lazy\" decoding=\"async\" class=\"alignnone size-full wp-image-3446\" src=\"https:\/\/blog.uclm.es\/sylviamolina\/wp-content\/uploads\/sites\/84\/1996\/06\/connectarte.jpg\" alt=\"\" width=\"1314\" height=\"942\" srcset=\"https:\/\/blog.uclm.es\/sylviamolina\/wp-content\/uploads\/sites\/84\/1996\/06\/connectarte.jpg 1314w, https:\/\/blog.uclm.es\/sylviamolina\/wp-content\/uploads\/sites\/84\/1996\/06\/connectarte-300x215.jpg 300w, https:\/\/blog.uclm.es\/sylviamolina\/wp-content\/uploads\/sites\/84\/1996\/06\/connectarte-1024x734.jpg 1024w, https:\/\/blog.uclm.es\/sylviamolina\/wp-content\/uploads\/sites\/84\/1996\/06\/connectarte-768x551.jpg 768w\" sizes=\"auto, (max-width: 767px) 89vw, (max-width: 1000px) 54vw, (max-width: 1071px) 543px, 580px\" \/><\/p>\n<p>::::::::::::::::::::::::::::::::::::::::::::::::::::::::::::::::::::::::::::::::::::::::::::::::::::::::::::[:]<\/p>\n","protected":false},"excerpt":{"rendered":"<p>[:en]:::::::::::::::::::::::::::::::::::::::::::::::::::::::::::::::::::::::::::::::::::::::::::::::::::::::::::: &nbsp; Interactuality Planteamiento Interactivo en la Red (Conjuntamente Con Proyecto \u00df) El proyecto fue seleccionado y expuesto en la p\u00e1gina web del portal art\u00edstico connect-arte precursor de los portales art\u00edsticos coordinado por Yoonah y Zush AUTORES: Sylvia Molina; Ricardo Iglesias; Roberto Desir\u00e9; Rosa Moral; Daniel Cabeza; LUGARES EXHIBICI\u00d3N: \u2018Connect-Arte. Revista Online. Barcelona, 1996. ::::::::::::::::::::::::::::::::::::::::::::::::::::::::::::::::::::::::::::::::::::::::::::::::::::::::::::[:]<\/p>\n","protected":false},"author":181,"featured_media":3446,"comment_status":"open","ping_status":"open","sticky":false,"template":"","format":"standard","meta":{"footnotes":""},"categories":[13,24,36,37,53],"tags":[],"class_list":["post-739","post","type-post","status-publish","format-standard","has-post-thumbnail","hentry","category-cv_part02","category-exposiciones","category-interactivos","category-id","category-proyecto-s"],"_links":{"self":[{"href":"https:\/\/blog.uclm.es\/sylviamolina\/wp-json\/wp\/v2\/posts\/739","targetHints":{"allow":["GET"]}}],"collection":[{"href":"https:\/\/blog.uclm.es\/sylviamolina\/wp-json\/wp\/v2\/posts"}],"about":[{"href":"https:\/\/blog.uclm.es\/sylviamolina\/wp-json\/wp\/v2\/types\/post"}],"author":[{"embeddable":true,"href":"https:\/\/blog.uclm.es\/sylviamolina\/wp-json\/wp\/v2\/users\/181"}],"replies":[{"embeddable":true,"href":"https:\/\/blog.uclm.es\/sylviamolina\/wp-json\/wp\/v2\/comments?post=739"}],"version-history":[{"count":0,"href":"https:\/\/blog.uclm.es\/sylviamolina\/wp-json\/wp\/v2\/posts\/739\/revisions"}],"wp:featuredmedia":[{"embeddable":true,"href":"https:\/\/blog.uclm.es\/sylviamolina\/wp-json\/wp\/v2\/media\/3446"}],"wp:attachment":[{"href":"https:\/\/blog.uclm.es\/sylviamolina\/wp-json\/wp\/v2\/media?parent=739"}],"wp:term":[{"taxonomy":"category","embeddable":true,"href":"https:\/\/blog.uclm.es\/sylviamolina\/wp-json\/wp\/v2\/categories?post=739"},{"taxonomy":"post_tag","embeddable":true,"href":"https:\/\/blog.uclm.es\/sylviamolina\/wp-json\/wp\/v2\/tags?post=739"}],"curies":[{"name":"wp","href":"https:\/\/api.w.org\/{rel}","templated":true}]}}