{"id":6622,"date":"2021-03-12T10:52:43","date_gmt":"2021-03-12T09:52:43","guid":{"rendered":"http:\/\/blog.uclm.es\/symolina\/?p=6622"},"modified":"2021-03-12T10:52:43","modified_gmt":"2021-03-12T09:52:43","slug":"presentacion-dialogos-inesperados-de-la-mano-de-amparo-lozano","status":"publish","type":"post","link":"https:\/\/blog.uclm.es\/sylviamolina\/2021\/03\/12\/presentacion-dialogos-inesperados-de-la-mano-de-amparo-lozano\/","title":{"rendered":"Presentaci\u00f3n Di\u00e1logos Inesperados de la mano de Amparo Lozano"},"content":{"rendered":"\n<figure><img decoding=\"async\" src=\"https:\/\/sylviamolina.es\/files\/2021\/03\/CartelPresentacio\u0301nCuenca-LQ-1013x760.png\" alt=\"\" \/><\/figure>\n\n\n<p>Charla con Amparo Lozano paseando entre mi exposici\u00f3n <a href=\"https:\/\/sylviamolina.es\/2020\/08\/05\/narrativas-borrosas\/\" data-type=\"post\" data-id=\"6071\">Narrativas Borrosas<\/a>, mi libro de artista <a href=\"https:\/\/sylviamolina.es\/2020\/09\/12\/dialogos-inesperados-2\/\" data-type=\"post\" data-id=\"5892\">Di\u00e1logos Inesperados<\/a> y el <a href=\"https:\/\/sylviamolina.es\/2020\/10\/28\/catalogo-exposicion\/\" data-type=\"post\" data-id=\"6210\">cat\u00e1logo<\/a> publicado con motivo de dicha exposici\u00f3n.<\/p>\n\n\n<p><\/p>\n\n\n<p>fotograf\u00eda: Santiago Crespo. Sonido: \u00c1lvaro N\u00fa\u00f1ez (Dien Uan)<\/p>\n\n\n<figure class=\"wp-block-gallery-1 is-layout-flex wp-block-gallery-is-layout-flex\"><ul><li><figure><img decoding=\"async\" src=\"https:\/\/blog.uclm.es\/sylviamolina\/wp-content\/uploads\/sites\/84\/2021\/03\/WhatsApp-Image-2021-03-11-at-14.35.47-3-1-1024x682.jpeg\" alt=\"\" data-id=\"6645\" data-full-url=\"https:\/\/blog.uclm.es\/sylviamolina\/wp-content\/uploads\/sites\/84\/2021\/03\/WhatsApp-Image-2021-03-11-at-14.35.47-3-1.jpeg\" data-link=\"http:\/\/blog.uclm.es\/symolina\/2021\/03\/10\/presentacion-dialogos-inesperados-de-la-mano-de-amparo-lozano\/whatsapp-image-2021-03-11-at-14-35-47-3-1\/\" \/><\/figure><\/li><li><figure><img decoding=\"async\" src=\"https:\/\/blog.uclm.es\/sylviamolina\/wp-content\/uploads\/sites\/84\/2021\/03\/WhatsApp-Image-2021-03-11-at-14.35.47-2-1-1024x682.jpeg\" alt=\"\" data-id=\"6644\" data-full-url=\"https:\/\/blog.uclm.es\/sylviamolina\/wp-content\/uploads\/sites\/84\/2021\/03\/WhatsApp-Image-2021-03-11-at-14.35.47-2-1.jpeg\" data-link=\"http:\/\/blog.uclm.es\/symolina\/2021\/03\/10\/presentacion-dialogos-inesperados-de-la-mano-de-amparo-lozano\/whatsapp-image-2021-03-11-at-14-35-47-2-1\/\" \/><\/figure><\/li><\/ul><\/figure>\n\n\n<figure class=\"wp-block-gallery-2 is-layout-flex wp-block-gallery-is-layout-flex\"><ul><li><figure><img decoding=\"async\" src=\"https:\/\/blog.uclm.es\/sylviamolina\/wp-content\/uploads\/sites\/84\/2021\/03\/WhatsApp-Image-2021-03-11-at-14.35.33-1-1024x682.jpeg\" alt=\"\" data-id=\"6629\" data-full-url=\"https:\/\/blog.uclm.es\/sylviamolina\/wp-content\/uploads\/sites\/84\/2021\/03\/WhatsApp-Image-2021-03-11-at-14.35.33-1.jpeg\" data-link=\"http:\/\/blog.uclm.es\/symolina\/2021\/03\/10\/presentacion-dialogos-inesperados-de-la-mano-de-amparo-lozano\/whatsapp-image-2021-03-11-at-14-35-33-1\/\" \/><\/figure><\/li><li><figure><img decoding=\"async\" src=\"https:\/\/blog.uclm.es\/sylviamolina\/wp-content\/uploads\/sites\/84\/2021\/03\/WhatsApp-Image-2021-03-11-at-14.35.33-1024x682.jpeg\" alt=\"\" data-id=\"6631\" data-full-url=\"https:\/\/blog.uclm.es\/sylviamolina\/wp-content\/uploads\/sites\/84\/2021\/03\/WhatsApp-Image-2021-03-11-at-14.35.33.jpeg\" data-link=\"http:\/\/blog.uclm.es\/symolina\/2021\/03\/10\/presentacion-dialogos-inesperados-de-la-mano-de-amparo-lozano\/whatsapp-image-2021-03-11-at-14-35-33\/\" \/><\/figure><\/li><li><figure><img decoding=\"async\" src=\"https:\/\/blog.uclm.es\/sylviamolina\/wp-content\/uploads\/sites\/84\/2021\/03\/WhatsApp-Image-2021-03-11-at-14.35.33-1-1-1024x682.jpeg\" alt=\"\" data-id=\"6630\" data-full-url=\"https:\/\/blog.uclm.es\/sylviamolina\/wp-content\/uploads\/sites\/84\/2021\/03\/WhatsApp-Image-2021-03-11-at-14.35.33-1-1.jpeg\" data-link=\"http:\/\/blog.uclm.es\/symolina\/2021\/03\/10\/presentacion-dialogos-inesperados-de-la-mano-de-amparo-lozano\/whatsapp-image-2021-03-11-at-14-35-33-1-1\/\" \/><\/figure><\/li><li><figure><img decoding=\"async\" src=\"https:\/\/blog.uclm.es\/sylviamolina\/wp-content\/uploads\/sites\/84\/2021\/03\/WhatsApp-Image-2021-03-11-at-14.35.46-760x760.jpeg\" alt=\"\" data-id=\"6635\" data-full-url=\"https:\/\/blog.uclm.es\/sylviamolina\/wp-content\/uploads\/sites\/84\/2021\/03\/WhatsApp-Image-2021-03-11-at-14.35.46.jpeg\" data-link=\"http:\/\/blog.uclm.es\/symolina\/2021\/03\/10\/presentacion-dialogos-inesperados-de-la-mano-de-amparo-lozano\/whatsapp-image-2021-03-11-at-14-35-46\/\" \/><\/figure><\/li><li><figure><img decoding=\"async\" src=\"https:\/\/blog.uclm.es\/sylviamolina\/wp-content\/uploads\/sites\/84\/2021\/03\/WhatsApp-Image-2021-03-11-at-14.35.34-1024x682.jpeg\" alt=\"\" data-id=\"6632\" data-full-url=\"https:\/\/blog.uclm.es\/sylviamolina\/wp-content\/uploads\/sites\/84\/2021\/03\/WhatsApp-Image-2021-03-11-at-14.35.34.jpeg\" data-link=\"http:\/\/blog.uclm.es\/symolina\/2021\/03\/10\/presentacion-dialogos-inesperados-de-la-mano-de-amparo-lozano\/whatsapp-image-2021-03-11-at-14-35-34\/\" \/><\/figure><\/li><li><figure><img decoding=\"async\" src=\"https:\/\/blog.uclm.es\/sylviamolina\/wp-content\/uploads\/sites\/84\/2021\/03\/WhatsApp-Image-2021-03-11-at-14.35.47-1-1024x682.jpeg\" alt=\"\" data-id=\"6634\" data-full-url=\"https:\/\/blog.uclm.es\/sylviamolina\/wp-content\/uploads\/sites\/84\/2021\/03\/WhatsApp-Image-2021-03-11-at-14.35.47-1.jpeg\" data-link=\"http:\/\/blog.uclm.es\/symolina\/2021\/03\/10\/presentacion-dialogos-inesperados-de-la-mano-de-amparo-lozano\/whatsapp-image-2021-03-11-at-14-35-47-1\/\" \/><\/figure><\/li><li><figure><img decoding=\"async\" src=\"https:\/\/blog.uclm.es\/sylviamolina\/wp-content\/uploads\/sites\/84\/2021\/03\/WhatsApp-Image-2021-03-11-at-14.36.01-1-1024x682.jpeg\" alt=\"\" data-id=\"6639\" data-full-url=\"https:\/\/blog.uclm.es\/sylviamolina\/wp-content\/uploads\/sites\/84\/2021\/03\/WhatsApp-Image-2021-03-11-at-14.36.01-1.jpeg\" data-link=\"http:\/\/blog.uclm.es\/symolina\/2021\/03\/10\/presentacion-dialogos-inesperados-de-la-mano-de-amparo-lozano\/whatsapp-image-2021-03-11-at-14-36-01-1\/\" \/><\/figure><\/li><li><figure><img decoding=\"async\" src=\"https:\/\/blog.uclm.es\/sylviamolina\/wp-content\/uploads\/sites\/84\/2021\/03\/WhatsApp-Image-2021-03-11-at-14.36.02-1024x682.jpeg\" alt=\"\" data-id=\"6637\" data-full-url=\"https:\/\/blog.uclm.es\/sylviamolina\/wp-content\/uploads\/sites\/84\/2021\/03\/WhatsApp-Image-2021-03-11-at-14.36.02.jpeg\" data-link=\"http:\/\/blog.uclm.es\/symolina\/2021\/03\/10\/presentacion-dialogos-inesperados-de-la-mano-de-amparo-lozano\/whatsapp-image-2021-03-11-at-14-36-02\/\" \/><\/figure><\/li><\/ul><\/figure>\n","protected":false},"excerpt":{"rendered":"<p>Charla con Amparo Lozano paseando entre mi exposici\u00f3n Narrativas Borrosas, mi libro de artista Di\u00e1logos Inesperados y el cat\u00e1logo publicado con motivo de dicha exposici\u00f3n. fotograf\u00eda: Santiago Crespo. Sonido: \u00c1lvaro N\u00fa\u00f1ez (Dien Uan)<\/p>\n","protected":false},"author":181,"featured_media":6681,"comment_status":"closed","ping_status":"open","sticky":false,"template":"","format":"standard","meta":{"footnotes":""},"categories":[74,37,52],"tags":[],"class_list":["post-6622","post","type-post","status-publish","format-standard","has-post-thumbnail","hentry","category-bbaa_uclm","category-id","category-proy-docente"],"_links":{"self":[{"href":"https:\/\/blog.uclm.es\/sylviamolina\/wp-json\/wp\/v2\/posts\/6622","targetHints":{"allow":["GET"]}}],"collection":[{"href":"https:\/\/blog.uclm.es\/sylviamolina\/wp-json\/wp\/v2\/posts"}],"about":[{"href":"https:\/\/blog.uclm.es\/sylviamolina\/wp-json\/wp\/v2\/types\/post"}],"author":[{"embeddable":true,"href":"https:\/\/blog.uclm.es\/sylviamolina\/wp-json\/wp\/v2\/users\/181"}],"replies":[{"embeddable":true,"href":"https:\/\/blog.uclm.es\/sylviamolina\/wp-json\/wp\/v2\/comments?post=6622"}],"version-history":[{"count":0,"href":"https:\/\/blog.uclm.es\/sylviamolina\/wp-json\/wp\/v2\/posts\/6622\/revisions"}],"wp:featuredmedia":[{"embeddable":true,"href":"https:\/\/blog.uclm.es\/sylviamolina\/wp-json\/wp\/v2\/media\/6681"}],"wp:attachment":[{"href":"https:\/\/blog.uclm.es\/sylviamolina\/wp-json\/wp\/v2\/media?parent=6622"}],"wp:term":[{"taxonomy":"category","embeddable":true,"href":"https:\/\/blog.uclm.es\/sylviamolina\/wp-json\/wp\/v2\/categories?post=6622"},{"taxonomy":"post_tag","embeddable":true,"href":"https:\/\/blog.uclm.es\/sylviamolina\/wp-json\/wp\/v2\/tags?post=6622"}],"curies":[{"name":"wp","href":"https:\/\/api.w.org\/{rel}","templated":true}]}}