{"id":6389,"date":"2009-07-02T16:32:00","date_gmt":"2009-07-02T16:32:00","guid":{"rendered":"http:\/\/blog.uclm.es\/symolina\/?p=6389"},"modified":"2009-07-02T16:32:00","modified_gmt":"2009-07-02T16:32:00","slug":"gab-num-09","status":"publish","type":"post","link":"https:\/\/blog.uclm.es\/sylviamolina\/2009\/07\/02\/gab-num-09\/","title":{"rendered":"Gab Num &#8217;09"},"content":{"rendered":"\n<p>Direcci\u00f3n y comisariado de la exposici\u00f3n \u2018<strong>Gab Num 2009\u2019<\/strong>: Sylvia Molina<\/p>\n\n\n\n<p> Instituto Franc\u00e9s de Valencia. Embajada de Francia en Espa\u00f1a. <\/p>\n\n\n\n<p>Valencia 02\/07\/2009- 31\/07\/2009<\/p>\n\n\n\n<figure class=\"wp-block-image size-large\"><img loading=\"lazy\" decoding=\"async\" width=\"480\" height=\"679\" src=\"https:\/\/blog.uclm.es\/sylviamolina\/wp-content\/uploads\/sites\/84\/2021\/05\/gabnum.png\" alt=\"\" class=\"wp-image-8275\" srcset=\"https:\/\/blog.uclm.es\/sylviamolina\/wp-content\/uploads\/sites\/84\/2021\/05\/gabnum.png 480w, https:\/\/blog.uclm.es\/sylviamolina\/wp-content\/uploads\/sites\/84\/2021\/05\/gabnum-212x300.png 212w\" sizes=\"auto, (max-width: 480px) 100vw, 480px\" \/><\/figure>\n\n\n\n<figure class=\"wp-block-gallery columns-3 is-cropped wp-block-gallery-1 is-layout-flex wp-block-gallery-is-layout-flex\"><ul class=\"blocks-gallery-grid\"><li class=\"blocks-gallery-item\"><figure><img loading=\"lazy\" decoding=\"async\" width=\"357\" height=\"249\" src=\"https:\/\/blog.uclm.es\/sylviamolina\/wp-content\/uploads\/sites\/84\/2021\/04\/mimo_IFV_2009.png\" alt=\"\" data-id=\"7762\" data-full-url=\"https:\/\/blog.uclm.es\/sylviamolina\/wp-content\/uploads\/sites\/84\/2021\/04\/mimo_IFV_2009.png\" data-link=\"https:\/\/sylviamolina.es\/mimo_ifv_2009\/\" class=\"wp-image-7762\" srcset=\"https:\/\/blog.uclm.es\/sylviamolina\/wp-content\/uploads\/sites\/84\/2021\/04\/mimo_IFV_2009.png 357w, https:\/\/blog.uclm.es\/sylviamolina\/wp-content\/uploads\/sites\/84\/2021\/04\/mimo_IFV_2009-300x209.png 300w\" sizes=\"auto, (max-width: 357px) 100vw, 357px\" \/><\/figure><\/li><li class=\"blocks-gallery-item\"><figure><img loading=\"lazy\" decoding=\"async\" width=\"1024\" height=\"640\" src=\"https:\/\/blog.uclm.es\/sylviamolina\/wp-content\/uploads\/sites\/84\/2021\/03\/pantallazos2_05-a-09_13-1024x640.png\" alt=\"\" data-id=\"6751\" data-full-url=\"https:\/\/blog.uclm.es\/sylviamolina\/wp-content\/uploads\/sites\/84\/2021\/03\/pantallazos2_05-a-09_13.png\" data-link=\"https:\/\/sylviamolina.es\/2021\/03\/presentacion-dialogos-inesperados-de-la-mano-de-amparo-lozano\/pantallazos2_05-a-09_13\/\" class=\"wp-image-6751\" srcset=\"https:\/\/blog.uclm.es\/sylviamolina\/wp-content\/uploads\/sites\/84\/2021\/03\/pantallazos2_05-a-09_13-1024x640.png 1024w, https:\/\/blog.uclm.es\/sylviamolina\/wp-content\/uploads\/sites\/84\/2021\/03\/pantallazos2_05-a-09_13-300x188.png 300w, https:\/\/blog.uclm.es\/sylviamolina\/wp-content\/uploads\/sites\/84\/2021\/03\/pantallazos2_05-a-09_13-768x480.png 768w, https:\/\/blog.uclm.es\/sylviamolina\/wp-content\/uploads\/sites\/84\/2021\/03\/pantallazos2_05-a-09_13-1536x960.png 1536w, https:\/\/blog.uclm.es\/sylviamolina\/wp-content\/uploads\/sites\/84\/2021\/03\/pantallazos2_05-a-09_13.png 1680w\" sizes=\"auto, (max-width: 767px) 89vw, (max-width: 1000px) 54vw, (max-width: 1071px) 543px, 580px\" \/><\/figure><\/li><li class=\"blocks-gallery-item\"><figure><img loading=\"lazy\" decoding=\"async\" width=\"1024\" height=\"640\" src=\"https:\/\/blog.uclm.es\/sylviamolina\/wp-content\/uploads\/sites\/84\/2021\/03\/pantallazos2_05-a-09_11-1024x640.png\" alt=\"\" data-id=\"6750\" data-full-url=\"https:\/\/blog.uclm.es\/sylviamolina\/wp-content\/uploads\/sites\/84\/2021\/03\/pantallazos2_05-a-09_11.png\" data-link=\"https:\/\/sylviamolina.es\/2021\/03\/presentacion-dialogos-inesperados-de-la-mano-de-amparo-lozano\/pantallazos2_05-a-09_11\/\" class=\"wp-image-6750\" srcset=\"https:\/\/blog.uclm.es\/sylviamolina\/wp-content\/uploads\/sites\/84\/2021\/03\/pantallazos2_05-a-09_11-1024x640.png 1024w, https:\/\/blog.uclm.es\/sylviamolina\/wp-content\/uploads\/sites\/84\/2021\/03\/pantallazos2_05-a-09_11-300x188.png 300w, https:\/\/blog.uclm.es\/sylviamolina\/wp-content\/uploads\/sites\/84\/2021\/03\/pantallazos2_05-a-09_11-768x480.png 768w, https:\/\/blog.uclm.es\/sylviamolina\/wp-content\/uploads\/sites\/84\/2021\/03\/pantallazos2_05-a-09_11-1536x960.png 1536w, https:\/\/blog.uclm.es\/sylviamolina\/wp-content\/uploads\/sites\/84\/2021\/03\/pantallazos2_05-a-09_11.png 1680w\" sizes=\"auto, (max-width: 767px) 89vw, (max-width: 1000px) 54vw, (max-width: 1071px) 543px, 580px\" \/><\/figure><\/li><li class=\"blocks-gallery-item\"><figure><img loading=\"lazy\" decoding=\"async\" width=\"198\" height=\"113\" src=\"https:\/\/blog.uclm.es\/sylviamolina\/wp-content\/uploads\/sites\/84\/2013\/07\/logotipo_20111107.jpg\" alt=\"\" data-id=\"8636\" data-full-url=\"https:\/\/blog.uclm.es\/sylviamolina\/wp-content\/uploads\/sites\/84\/2013\/07\/logotipo_20111107.jpg\" data-link=\"https:\/\/sylviamolina.es\/2013\/07\/gab-num-2013_-seleccion-mi-mo\/logotipo_20111107\/\" class=\"wp-image-8636\" \/><\/figure><\/li><\/ul><\/figure>\n\n\n\n<div class=\"wp-block-file\"><a href=\"https:\/\/blog.uclm.es\/sylviamolina\/wp-content\/uploads\/sites\/84\/2009\/07\/gabNum09.pdf\">gabNum09<\/a><a href=\"https:\/\/blog.uclm.es\/sylviamolina\/wp-content\/uploads\/sites\/84\/2009\/07\/gabNum09.pdf\" class=\"wp-block-file__button\" download>Descarga<\/a><\/div>\n\n\n\n<h2 class=\"wp-block-heading\">Otras presentaciones hasta la fecha:<\/h2>\n\n\n\n<p>Comisariado de selecci\u00f3n para <strong>carpa joven<\/strong> durante la feria de AB 2008 con la presentaci\u00f3n de la revista <strong>MI.MO<\/strong>. Entrevista radiof\u00f3nica junto a Ana Navarrete.<\/p>\n\n\n\n<p>Autor: Sylvia Molina y Ana Navarrete;<\/p>\n\n\n\n<p><strong><em>Presentaci\u00f3n de la muestra MI.MO. Carpa Rock. Centenario Joven.<\/em><\/strong><\/p>\n\n\n\n<p><em>Muestra de Video y Net.Art<\/em> realizado por estudiantes de Bellas Artes de Universidades Espa\u00f1olas<\/p>\n\n\n\n<p>Rueda de prensa, radio y presentaci\u00f3n<\/p>\n\n\n\n<p>Albacete<\/p>\n\n\n\n<p>07-17\/09\/2008<\/p>\n\n\n\n<p>FERIA DE ALBACETE. Carpa Joven<br>MI.MO 05- MI.MO 06- MI.MO 07- MI.MO 08<\/p>\n\n\n\n<h5 class=\"wp-block-heading\"><img loading=\"lazy\" decoding=\"async\" src=\"http:\/\/www3.uclm.es\/profesorado\/symolina\/wordpress\/wp-content\/uploads\/2014\/06\/mimo_majadahonda.png\" alt=\"mimo_majadahonda\" width=\"376\" height=\"262\"><\/h5>\n\n\n\n<h5 class=\"wp-block-heading\">VISUAL \u00ba9:<br>Festival Audiovisual de Majadahonda MI.MO 07- 08<\/h5>\n\n\n\n<p>Varias sedes, Madrid. Mayo 2009<br>www.visual-ma.com<\/p>\n\n\n\n<div class=\"wp-block-image\"><figure class=\"alignleft\"><img decoding=\"async\" src=\"http:\/\/www3.uclm.es\/profesorado\/symolina\/wordpress\/wp-content\/uploads\/2014\/06\/mimo_ikasArt.png\" alt=\"mimo_ikasArt\" class=\"wp-image-2152\" \/><\/figure><\/div>\n\n\n\n<h4 class=\"wp-block-heading\">IKAS-ART:<br>I ENCUENTRO DE ARTE UNIVERSITARIO<\/h4>\n\n\n\n<h4 class=\"wp-block-heading\">MI.MO 08<\/h4>\n\n\n\n<p>Gue\u00f1es-Bizkaia. 05-09\/11\/08.<\/p>\n\n\n\n<p>CAFA:<br>ACADEMIA DE BELLAS ARTES<\/p>\n\n\n\n<p>MI.MO 07- 08<\/p>\n\n\n\n<p>Beijing. 2007.<\/p>\n\n\n\n<p>CaoChandi Workstation:<br>Beijing Eastern Art Area MI.MO 07- 08<\/p>\n\n\n\n<p>Beijing. 2007.<\/p>\n\n\n\n<p>Segunda Muestra de Video y Net.Art Realizado por estudiantes de Bellas Artes de Universidades Espa\u00f1olas<\/p>\n\n\n\n<p>MI.MO 06<\/p>\n\n\n\n<p>Universidad Europea de Madrid<br>Villaviciosa de Od\u00f3n_ Madrid<br>26\/09\/2006<\/p>\n\n\n\n<p>Autor: Sylvia Molina;<\/p>\n\n\n\n<p><strong><em>MI.MO 2005<\/em><\/strong><\/p>\n\n\n\n<p>Universidad Europea de Madrid<\/p>\n\n\n\n<p>Primera <em>Muestra de Video y Net.Art<\/em> realizado por estudiantes de Bellas Artes de Universidades Espa\u00f1olas<\/p>\n\n\n\n<p>Ponencia<\/p>\n\n\n\n<p>Boadilla_ Madrid<\/p>\n\n\n\n<p>14\/10\/2005<\/p>\n\n\n\n<p>[:]<\/p>\n","protected":false},"excerpt":{"rendered":"<p>Direcci\u00f3n y comisariado de la exposici\u00f3n \u2018Gab Num 2009\u2019: Sylvia Molina Instituto Franc\u00e9s de Valencia. Embajada de Francia en Espa\u00f1a. Valencia 02\/07\/2009- 31\/07\/2009 Otras presentaciones hasta la fecha: Comisariado de selecci\u00f3n para carpa joven durante la feria de AB 2008 con la presentaci\u00f3n de la revista MI.MO. Entrevista radiof\u00f3nica junto a Ana Navarrete. Autor: Sylvia &hellip; <\/p>\n<p class=\"link-more\"><a href=\"https:\/\/blog.uclm.es\/sylviamolina\/2009\/07\/02\/gab-num-09\/\" class=\"more-link\">Continuar leyendo<span class=\"screen-reader-text\"> \u00abGab Num &#8217;09\u00bb<\/span><\/a><\/p>\n","protected":false},"author":181,"featured_media":8275,"comment_status":"closed","ping_status":"open","sticky":false,"template":"","format":"standard","meta":{"footnotes":""},"categories":[74,16,24,27,35,36,37,52,56,63],"tags":[],"class_list":["post-6389","post","type-post","status-publish","format-standard","has-post-thumbnail","hentry","category-bbaa_uclm","category-educacion","category-exposiciones","category-gab-num-09","category-instalaciones","category-interactivos","category-id","category-proy-docente","category-publicaciones","category-sist-educativos"],"_links":{"self":[{"href":"https:\/\/blog.uclm.es\/sylviamolina\/wp-json\/wp\/v2\/posts\/6389","targetHints":{"allow":["GET"]}}],"collection":[{"href":"https:\/\/blog.uclm.es\/sylviamolina\/wp-json\/wp\/v2\/posts"}],"about":[{"href":"https:\/\/blog.uclm.es\/sylviamolina\/wp-json\/wp\/v2\/types\/post"}],"author":[{"embeddable":true,"href":"https:\/\/blog.uclm.es\/sylviamolina\/wp-json\/wp\/v2\/users\/181"}],"replies":[{"embeddable":true,"href":"https:\/\/blog.uclm.es\/sylviamolina\/wp-json\/wp\/v2\/comments?post=6389"}],"version-history":[{"count":0,"href":"https:\/\/blog.uclm.es\/sylviamolina\/wp-json\/wp\/v2\/posts\/6389\/revisions"}],"wp:featuredmedia":[{"embeddable":true,"href":"https:\/\/blog.uclm.es\/sylviamolina\/wp-json\/wp\/v2\/media\/8275"}],"wp:attachment":[{"href":"https:\/\/blog.uclm.es\/sylviamolina\/wp-json\/wp\/v2\/media?parent=6389"}],"wp:term":[{"taxonomy":"category","embeddable":true,"href":"https:\/\/blog.uclm.es\/sylviamolina\/wp-json\/wp\/v2\/categories?post=6389"},{"taxonomy":"post_tag","embeddable":true,"href":"https:\/\/blog.uclm.es\/sylviamolina\/wp-json\/wp\/v2\/tags?post=6389"}],"curies":[{"name":"wp","href":"https:\/\/api.w.org\/{rel}","templated":true}]}}