{"id":638,"date":"1998-05-31T21:16:49","date_gmt":"1998-05-31T21:16:49","guid":{"rendered":"http:\/\/www3.uclm.es\/profesorado\/symolina\/wordpress\/?p=638"},"modified":"1998-05-31T21:16:49","modified_gmt":"1998-05-31T21:16:49","slug":"h2ov2p_-revista-atlantica","status":"publish","type":"post","link":"https:\/\/blog.uclm.es\/sylviamolina\/1998\/05\/31\/h2ov2p_-revista-atlantica\/","title":{"rendered":"H2O\/V2P_ Revista Atl\u00e1ntica"},"content":{"rendered":"<p>PROYECTO\/ART\u00cdCULO incluido dentro de la Revista Atl\u00e1ntica:<\/p>\n<p>Titulo <em>\u00ab<strong>H2O-V2P<\/strong>\u00ab<\/em>.<\/p>\n<p>Autor: Sylvia Molina<\/p>\n<p><a href=\"http:\/\/www3.uclm.es\/profesorado\/symolina\/websanteriores\/2007\/01rojo_proyectos\/h2ov2p\/index2.html\" target=\"_blank\" rel=\"noopener\"><em>\u00ab<strong>H2O-V2P<\/strong>\u00ab<\/em> <\/a>es un proyecto que compara las Variaciones Goldberg de J.S. Bach interpretadas por Glenn Gould en dos versiones completamente diferentes.<\/p>\n<p><b><i><span style=\"font-family: Arial,Helvetica\">Variaci\u00f3n n\u00famero 2 de las Variaciones Goldberg de Johann Sebastian Bach<\/span><\/i><\/b><\/p>\n<table border=\"0\" width=\"100%\" cellspacing=\"0\" cellpadding=\"0\">\n<tbody>\n<tr>\n<td bgcolor=\"#FFFFFF\"><span style=\"font-family: Times New Roman,Times\">Interpretaciones a cargo de <a href=\"http:\/\/www.glenngould.org\">Glenn Gould<\/a> en sus versiones de <b>1981<\/b> <b>y 1955<\/b>. Ambas piezas, en principio paralelas, son enlazadas gracias al par\u00e1metro tiempo en un desarrollo c\u00edclico que pasa, desde el gas &#8211;<b><u>fragmento<\/u><\/b>-a el hielo &#8211;<b><u>unidad<\/u><\/b>-, convergiendo ambas en un estado com\u00fan, un estado l\u00edquido, el agua -l\u00ednea-. El desarrollo de ambas piezas se genera en dos planos diferentes:\u00a0 un primer plano de sensaciones y un segundo plano, en otra dimensi\u00f3n diferente al anterior, generado en el\u00a0<\/span><\/td>\n<td align=\"RIGHT\" width=\"169\">\u00a0<\/td>\n<\/tr>\n<\/tbody>\n<\/table>\n<p style=\"text-align: center\"><span style=\"font-family: Times New Roman,Times\">plano de los conceptos. Podr\u00edamos hablar as\u00ed, quasi de un plano real, f\u00edsico y de un segundo m\u00e1s et\u00e9reo,\u00a0<\/span><\/p>\n<table border=\"0\" width=\"100%\" cellspacing=\"0\" cellpadding=\"0\">\n<tbody>\n<tr valign=\"TOP\">\n<td align=\"CENTER\" valign=\"TOP\" width=\"160\">\u00a0<\/td>\n<td bgcolor=\"#FFFFFF\">\u00a0<span style=\"font-family: Times New Roman,Times\">impalpable, como es el plano conceptual el cual es generado por el movimiento entre los estados y que se asemeja metaf\u00f3ricamente al ciclo de la vida (evaporaci\u00f3n &#8211; estado digital-, condensaci\u00f3n -eterno retorno- y regreso a la superficie).\u00a0<\/span><\/td>\n<\/tr>\n<\/tbody>\n<\/table>\n<p>Este proyecto di\u00f3 paso al proyecto conjunto con Juan Millares: &#8216;Bach-Piranesi&#8217; vinculando ambas versiones con los grabados de las Carc\u00e9les de Piranesi.<\/p>\n<p style=\"text-align: center\">[gview file=\u00bbhttp:\/\/www3.uclm.es\/profesorado\/symolina\/websanteriores\/2007\/02morado_conferencias\/atlantica.pdf\u00bb save=\u00bb1&#8243;]<\/p>\n<p>\u00a0<\/p>\n<p><a href=\"http:\/\/www3.uclm.es\/profesorado\/symolina\/websanteriores\/2007\/01rojo_proyectos\/h2ov2p\/index2.html\" target=\"_blank\" rel=\"noopener\">link to web<\/a><\/p>\n<p><a href=\"http:\/\/www3.uclm.es\/profesorado\/symolina\/websanteriores\/2007\/01rojo_proyectos\/h2ov2p\/index2.html\" target=\"_blank\" rel=\"noopener\"><em><br \/><\/em><\/a>.<\/p>\n<p>:&#8230;.:.:&#8230;..:.::.:.:.::&#8230;:<\/p>\n<p><img loading=\"lazy\" decoding=\"async\" class=\"size-full wp-image-3423 alignleft\" src=\"http:\/\/sylviamolina.es\/wp-content\/uploads\/1998\/05\/portadaAtlantica.png\" alt=\"\" width=\"265\" height=\"327\" \/><\/p>\n<p>Revista &#8216;Atl\u00e1ntica&#8217;. Especial \u2018Agua\u2019 con motivo de la Expo de Lisboa. Ed. CAAM (Centro Atl\u00e1ntico de Arte Moderno). Palmas de Gran Canaria<\/p>\n<p>N\u00ba p\u00e1ginas155-157<\/p>\n<p>ISSN_1132-8428<\/p>\n<p>A\u00f1o 1998<\/p>\n<p>Clave A\/OBRA<\/p>\n<p><strong>Autores de la Revista:<\/strong> Federico Mayor Zaragoza; Luis Miguel enciso; Luis Rico Y Antonio Zaya; Ilya Prigogine; Klaus Lanz; Peter Fend; Charlotte Davis; M.S. Swaminathan; Jose Bejarano; Concha Jerez; Manuel Garcia Velarde; Sami Nair; Monika Fleischmann; Peter Weibel; Juan Galdeano; Karin Ohlenschlaeger; Tracey derrick; Alberto Sanchez-Bayo; Jana Leo; Wallace Broecker; Sue Williamson; Mario Satz; Pablo Ballester; Juani Guerra; Alonso Gil; Mar Villaespesa; Juan Jose Gil; Jerome delli Priscoli; Mari Carmen Perlingueiro; Federico Moran; Susana Rico; <u>Sylvia Molina<\/u>; Gabriel Corchero; Josep Maria Montaner; Oscar Tusquets;<\/p>\n<p>INDICIOS DE CALIDAD:<\/p>\n<p>\uf0b7 <a href=\"http:\/\/dialnet.unirioja.es\/servlet\/listaarticulos?tipoDeBusqueda=ANUALIDAD&amp;revistaDeBusqueda=2000&amp;claveDeBusqueda=1998\">Atl\u00e1ntica: Revista de arte y pensamiento. 1998 &#8211; Dialnet<\/a><\/p>\n<p><em>dialnet.unirioja.es\/servlet\/listaarticulos?&#8230;revistaDeBusqueda&#8230;1998<\/em><\/p>\n<p>Informaci\u00f3n de la <em>revista Atl\u00e1ntica<\/em>: <em>Revista<\/em> de arte y pensamiento. &#8230; 23-28. Art\u00edculo. C\u00f3mo evitar la guerra por el <em>agua<\/em> y garantizar los alimentos para todos.<\/p>\n<p>\uf0b7 <a href=\"http:\/\/www.caam.net\/es\/pdf\/atlantica\/sumario_20.pdf\">Atl\u00e1ntica. Internacional Revista de las Artes Atl\u00e1ntica &#8230;<\/a><\/p>\n<p><em>www.caam.net\/es\/pdf\/atlantica\/sumario_20.pdf<\/em><\/p>\n<p>Internacional <em>Revista<\/em> de las Artes. <em>Atl\u00e1ntica<\/em>. International Journal of the Arts. <em>Agua<\/em>. Water. N\u00famero 20. (Primavera <em>1998<\/em>). Number 20. (Spring <em>1998<\/em>). SUMARIO.<\/p>\n<p>\uf0b7 <a href=\"https:\/\/books.google.es\/books?id=wkVuc5yty_0C&amp;pg=PA75&amp;lpg=PA75&amp;dq=revista+%22Atl%C3%A1ntica%22+agua+1998&amp;source=bl&amp;ots=osiQrE4lgd&amp;sig=lFyuSYTwhzQpEl1e9CvP3TM1Eo0&amp;hl=es&amp;sa=X&amp;ei=XfXZVJTsNsf2UPWGgogP&amp;ved=0CCkQ6AEwAw\">T\u00e8chne &#8211; P\u00e1gina 75 &#8211; Resultado de la B\u00fasqueda de libros de Google<\/a><\/p>\n<p><em>https:\/\/books.google.es\/books?isbn=8489784590<\/em><\/p>\n<p>1998 &#8211; \u200eTechnology &amp; Engineering<\/p>\n<p>Ed. Claudia Siannetti. <em>REVISTA<\/em> &#8216;<em>ATL\u00c1NTICA<\/em>&#8216; \u00ab<em>agua<\/em>\u00ab. Ed. CAAM (Centro Atl\u00e1ntico de Arte Moderno). Palmas de Gran Canaria, <em>1998<\/em>. <em>REVISTA<\/em> EL PASEANTE&#8217;.<\/p>\n<p>\uf0b7 [PDF]<a href=\"http:\/\/www.educa.madrid.org\/web\/artealderecho\/pdf\/cv_juan_galdeano.pdf\">JUAN GALDEANO &#8211; Comunidad de Madrid<\/a><\/p>\n<p><em>www.educa.madrid.org\/web\/artealderecho\/pdf\/cv_juan_galdeano.pdf<\/em><\/p>\n<p><em>1998<\/em>: Galer\u00eda Trinta. &#8230; 2001: The End. Proyecto para la <em>Revista<\/em> La M\u00e1s Bella. &#8230; <em>1998<\/em>: Proyecto para la <em>Revista Atl\u00e1ntica<\/em> N\u00ba 20 Monogr\u00e1fico \u201c<em>Agua<\/em>\u201d Expo <em>98<\/em>,\u00a0&#8230;<\/p>\n<p><a href=\"http:\/\/www.latindex.ppl.unam.mx\/index.php\/browse\/index\/1?sortOrderId=1&amp;recordsPage=13413\">13413 &#8211; Portal De Portales Latindex<\/a><\/p>\n<p><em>www.latindex.ppl.unam.mx\/index.php\/browse\/index\/1?sortOrderId&#8230;<\/em><\/p>\n<p>\uf0b7 La cuenca mediterr\u00e1nea: el <em>agua<\/em> como n\u00facleo de todos los conflictos futuros. 2895072. Na\u00efr, Sami, <em>1998<\/em>, <em>Atl\u00e1ntica<\/em> Internacional: <em>Revista<\/em> de arte y pensamiento\u00a0&#8230;<\/p>\n<p>\uf0b7 <a href=\"http:\/\/mdc.ulpgc.es\/cdm\/search\/collection\/atlantica\/searchterm\/N%C3%BAmero%2020\/field\/numera\/mode\/all\/conn\/and\/order\/format\/ad\/asc\">N\u00famero 20 &#8211; Atl\u00e1ntica &#8211; Universidad de Las Palmas de Gran &#8230;<\/a><\/p>\n<p><em>mdc.ulpgc.es\/cdm\/search\/collection\/atlantica\/searchterm\/&#8230;\/all\/&#8230;\/asc<\/em><\/p>\n<p>El <em>agua<\/em> : un desaf\u00edo. Mayor Zaragoza, Federico. N\u00famero 20. <em>1998<\/em>. p. 003-005. Guardar en los &#8230; Proyecto para <em>Atl\u00e1ntica<\/em> de Monika Fleischmann : Liquid Views (1993-<em>98<\/em>) &#8230;.. Vulcania. <em>Revista<\/em> de espeleolog\u00eda del archipi\u00e9lago canario\u00a0&#8230;<\/p>\n<p><a href=\"http:\/\/www.casafrica.es\/agenda_europa_africa.jsp?PROID=384021\">Exposici\u00f3n: Reloj de arena negra. \u00c1frica en la colecci\u00f3n del &#8230;<\/a><\/p>\n<p><em>www.casafrica.es \u203a Agenda<\/em><\/p>\n<p>13 de may. de 2011 &#8211; <em>Revista<\/em> de Arte y Pensamiento. &#8230; el n\u00famero que la <em>revista Atl\u00e1ntica<\/em> dedica, en la primavera de <em>1998<\/em>, al <em>Agua<\/em>, coincidiendo premeditadamente\u00a0&#8230;<\/p>\n<p><img loading=\"lazy\" decoding=\"async\" class=\"size-full wp-image-3422 alignleft\" src=\"http:\/\/sylviamolina.es\/wp-content\/uploads\/1998\/05\/atlantica_banquete.png\" alt=\"\" width=\"562\" height=\"347\" \/><\/p>\n<p><strong><em>Fundaci\u00f3n Banquete<\/em><\/strong><\/p>\n<p>Dise\u00f1o Grafico: Sylvia Molina &amp; Luis Rico<\/p>\n<p>Dise\u00f1o Publicidad de la <u>Fundaci\u00f3n Banquete para la Revista Atl\u00e1ntica<\/u>. Revista Internacional de Las Artes. Numero 20<\/p>\n<p>01\/02\/1998 &#8211; 25\/02\/1998<\/p>\n<p>Publicidad de renombre internacional cuya propuesta abarca desde propuestas art\u00edsticas en torno a la tem\u00e1tica del agua hasta art\u00edculos del Nobel de qu\u00edmica Ilya Priggogine<\/p>\n<p><strong><em>\u00a0<\/em><\/strong><\/p>\n<p>.::::\u2026::::\u2026:..:.::\u2026::.:.:.::\u2026::\u2026..:..:::..::::\u2026.::::..:::.:..::::::::::\u2026\u2026\u2026..:..::.<\/p>\n<p>[:]<\/p>\n\n\n<figure class=\"wp-block-gallery columns-3 is-cropped wp-block-gallery-1 is-layout-flex wp-block-gallery-is-layout-flex\"><ul class=\"blocks-gallery-grid\"><li class=\"blocks-gallery-item\"><figure><img loading=\"lazy\" decoding=\"async\" width=\"768\" height=\"1024\" src=\"https:\/\/blog.uclm.es\/sylviamolina\/wp-content\/uploads\/sites\/84\/1998\/05\/IMG_8469-768x1024.png\" alt=\"\" data-id=\"8811\" data-full-url=\"https:\/\/blog.uclm.es\/sylviamolina\/wp-content\/uploads\/sites\/84\/1998\/05\/IMG_8469.png\" data-link=\"https:\/\/sylviamolina.es\/1998\/05\/h2ov2p_-revista-atlantica\/img_8469\/\" class=\"wp-image-8811\" srcset=\"https:\/\/blog.uclm.es\/sylviamolina\/wp-content\/uploads\/sites\/84\/1998\/05\/IMG_8469-768x1024.png 768w, https:\/\/blog.uclm.es\/sylviamolina\/wp-content\/uploads\/sites\/84\/1998\/05\/IMG_8469-225x300.png 225w, https:\/\/blog.uclm.es\/sylviamolina\/wp-content\/uploads\/sites\/84\/1998\/05\/IMG_8469.png 930w\" sizes=\"auto, (max-width: 767px) 89vw, (max-width: 1000px) 54vw, (max-width: 1071px) 543px, 580px\" \/><\/figure><\/li><li class=\"blocks-gallery-item\"><figure><img loading=\"lazy\" decoding=\"async\" width=\"1024\" height=\"768\" src=\"https:\/\/blog.uclm.es\/sylviamolina\/wp-content\/uploads\/sites\/84\/1998\/05\/IMG_8470-1024x768.png\" alt=\"\" data-id=\"8812\" data-full-url=\"https:\/\/blog.uclm.es\/sylviamolina\/wp-content\/uploads\/sites\/84\/1998\/05\/IMG_8470.png\" data-link=\"https:\/\/sylviamolina.es\/1998\/05\/h2ov2p_-revista-atlantica\/img_8470\/\" class=\"wp-image-8812\" srcset=\"https:\/\/blog.uclm.es\/sylviamolina\/wp-content\/uploads\/sites\/84\/1998\/05\/IMG_8470-1024x768.png 1024w, https:\/\/blog.uclm.es\/sylviamolina\/wp-content\/uploads\/sites\/84\/1998\/05\/IMG_8470-300x225.png 300w, https:\/\/blog.uclm.es\/sylviamolina\/wp-content\/uploads\/sites\/84\/1998\/05\/IMG_8470-768x576.png 768w, https:\/\/blog.uclm.es\/sylviamolina\/wp-content\/uploads\/sites\/84\/1998\/05\/IMG_8470.png 1240w\" sizes=\"auto, (max-width: 767px) 89vw, (max-width: 1000px) 54vw, (max-width: 1071px) 543px, 580px\" \/><\/figure><\/li><li class=\"blocks-gallery-item\"><figure><img loading=\"lazy\" decoding=\"async\" width=\"768\" height=\"1024\" src=\"https:\/\/blog.uclm.es\/sylviamolina\/wp-content\/uploads\/sites\/84\/1998\/05\/IMG_8471-768x1024.png\" alt=\"\" data-id=\"8813\" data-full-url=\"https:\/\/blog.uclm.es\/sylviamolina\/wp-content\/uploads\/sites\/84\/1998\/05\/IMG_8471.png\" data-link=\"https:\/\/sylviamolina.es\/1998\/05\/h2ov2p_-revista-atlantica\/img_8471\/\" class=\"wp-image-8813\" srcset=\"https:\/\/blog.uclm.es\/sylviamolina\/wp-content\/uploads\/sites\/84\/1998\/05\/IMG_8471-768x1024.png 768w, https:\/\/blog.uclm.es\/sylviamolina\/wp-content\/uploads\/sites\/84\/1998\/05\/IMG_8471-225x300.png 225w, https:\/\/blog.uclm.es\/sylviamolina\/wp-content\/uploads\/sites\/84\/1998\/05\/IMG_8471.png 930w\" sizes=\"auto, (max-width: 767px) 89vw, (max-width: 1000px) 54vw, (max-width: 1071px) 543px, 580px\" \/><\/figure><\/li><li class=\"blocks-gallery-item\"><figure><img loading=\"lazy\" decoding=\"async\" width=\"1024\" height=\"768\" src=\"https:\/\/blog.uclm.es\/sylviamolina\/wp-content\/uploads\/sites\/84\/1998\/05\/IMG_8472-1024x768.png\" alt=\"\" data-id=\"8814\" data-full-url=\"https:\/\/blog.uclm.es\/sylviamolina\/wp-content\/uploads\/sites\/84\/1998\/05\/IMG_8472.png\" data-link=\"https:\/\/sylviamolina.es\/1998\/05\/h2ov2p_-revista-atlantica\/img_8472\/\" class=\"wp-image-8814\" srcset=\"https:\/\/blog.uclm.es\/sylviamolina\/wp-content\/uploads\/sites\/84\/1998\/05\/IMG_8472-1024x768.png 1024w, https:\/\/blog.uclm.es\/sylviamolina\/wp-content\/uploads\/sites\/84\/1998\/05\/IMG_8472-300x225.png 300w, https:\/\/blog.uclm.es\/sylviamolina\/wp-content\/uploads\/sites\/84\/1998\/05\/IMG_8472-768x576.png 768w, https:\/\/blog.uclm.es\/sylviamolina\/wp-content\/uploads\/sites\/84\/1998\/05\/IMG_8472.png 1240w\" sizes=\"auto, (max-width: 767px) 89vw, (max-width: 1000px) 54vw, (max-width: 1071px) 543px, 580px\" \/><\/figure><\/li><li class=\"blocks-gallery-item\"><figure><img loading=\"lazy\" decoding=\"async\" width=\"768\" height=\"1024\" src=\"https:\/\/blog.uclm.es\/sylviamolina\/wp-content\/uploads\/sites\/84\/1998\/05\/IMG_8473-768x1024.png\" alt=\"\" data-id=\"8815\" data-full-url=\"https:\/\/blog.uclm.es\/sylviamolina\/wp-content\/uploads\/sites\/84\/1998\/05\/IMG_8473.png\" data-link=\"https:\/\/sylviamolina.es\/1998\/05\/h2ov2p_-revista-atlantica\/img_8473\/\" class=\"wp-image-8815\" srcset=\"https:\/\/blog.uclm.es\/sylviamolina\/wp-content\/uploads\/sites\/84\/1998\/05\/IMG_8473-768x1024.png 768w, https:\/\/blog.uclm.es\/sylviamolina\/wp-content\/uploads\/sites\/84\/1998\/05\/IMG_8473-225x300.png 225w, https:\/\/blog.uclm.es\/sylviamolina\/wp-content\/uploads\/sites\/84\/1998\/05\/IMG_8473.png 930w\" sizes=\"auto, (max-width: 767px) 89vw, (max-width: 1000px) 54vw, (max-width: 1071px) 543px, 580px\" \/><\/figure><\/li><li class=\"blocks-gallery-item\"><figure><img loading=\"lazy\" decoding=\"async\" width=\"1024\" height=\"768\" src=\"https:\/\/blog.uclm.es\/sylviamolina\/wp-content\/uploads\/sites\/84\/1998\/05\/IMG_8474-1024x768.png\" alt=\"\" data-id=\"8816\" data-full-url=\"https:\/\/blog.uclm.es\/sylviamolina\/wp-content\/uploads\/sites\/84\/1998\/05\/IMG_8474.png\" data-link=\"https:\/\/sylviamolina.es\/1998\/05\/h2ov2p_-revista-atlantica\/img_8474\/\" class=\"wp-image-8816\" srcset=\"https:\/\/blog.uclm.es\/sylviamolina\/wp-content\/uploads\/sites\/84\/1998\/05\/IMG_8474-1024x768.png 1024w, https:\/\/blog.uclm.es\/sylviamolina\/wp-content\/uploads\/sites\/84\/1998\/05\/IMG_8474-300x225.png 300w, https:\/\/blog.uclm.es\/sylviamolina\/wp-content\/uploads\/sites\/84\/1998\/05\/IMG_8474-768x576.png 768w, https:\/\/blog.uclm.es\/sylviamolina\/wp-content\/uploads\/sites\/84\/1998\/05\/IMG_8474.png 1240w\" sizes=\"auto, (max-width: 767px) 89vw, (max-width: 1000px) 54vw, (max-width: 1071px) 543px, 580px\" \/><\/figure><\/li><li class=\"blocks-gallery-item\"><figure><img loading=\"lazy\" decoding=\"async\" width=\"768\" height=\"1024\" src=\"https:\/\/blog.uclm.es\/sylviamolina\/wp-content\/uploads\/sites\/84\/1998\/05\/IMG_8475-768x1024.png\" alt=\"\" data-id=\"8817\" data-full-url=\"https:\/\/blog.uclm.es\/sylviamolina\/wp-content\/uploads\/sites\/84\/1998\/05\/IMG_8475.png\" data-link=\"https:\/\/sylviamolina.es\/1998\/05\/h2ov2p_-revista-atlantica\/img_8475-2\/\" class=\"wp-image-8817\" srcset=\"https:\/\/blog.uclm.es\/sylviamolina\/wp-content\/uploads\/sites\/84\/1998\/05\/IMG_8475-768x1024.png 768w, https:\/\/blog.uclm.es\/sylviamolina\/wp-content\/uploads\/sites\/84\/1998\/05\/IMG_8475-225x300.png 225w, https:\/\/blog.uclm.es\/sylviamolina\/wp-content\/uploads\/sites\/84\/1998\/05\/IMG_8475.png 930w\" sizes=\"auto, (max-width: 767px) 89vw, (max-width: 1000px) 54vw, (max-width: 1071px) 543px, 580px\" \/><\/figure><\/li><li class=\"blocks-gallery-item\"><figure><img loading=\"lazy\" decoding=\"async\" width=\"768\" height=\"1024\" src=\"https:\/\/blog.uclm.es\/sylviamolina\/wp-content\/uploads\/sites\/84\/1998\/05\/IMG_8476-768x1024.png\" alt=\"\" data-id=\"8818\" data-full-url=\"https:\/\/blog.uclm.es\/sylviamolina\/wp-content\/uploads\/sites\/84\/1998\/05\/IMG_8476.png\" data-link=\"https:\/\/sylviamolina.es\/1998\/05\/h2ov2p_-revista-atlantica\/img_8476\/\" class=\"wp-image-8818\" srcset=\"https:\/\/blog.uclm.es\/sylviamolina\/wp-content\/uploads\/sites\/84\/1998\/05\/IMG_8476-768x1024.png 768w, https:\/\/blog.uclm.es\/sylviamolina\/wp-content\/uploads\/sites\/84\/1998\/05\/IMG_8476-225x300.png 225w, https:\/\/blog.uclm.es\/sylviamolina\/wp-content\/uploads\/sites\/84\/1998\/05\/IMG_8476.png 930w\" sizes=\"auto, (max-width: 767px) 89vw, (max-width: 1000px) 54vw, (max-width: 1071px) 543px, 580px\" \/><\/figure><\/li><\/ul><\/figure>\n","protected":false},"excerpt":{"rendered":"<p>PROYECTO\/ART\u00cdCULO incluido dentro de la Revista Atl\u00e1ntica: Titulo \u00abH2O-V2P\u00ab. Autor: Sylvia Molina \u00abH2O-V2P\u00ab es un proyecto que compara las Variaciones Goldberg de J.S. Bach interpretadas por Glenn Gould en dos versiones completamente diferentes. Variaci\u00f3n n\u00famero 2 de las Variaciones Goldberg de Johann Sebastian Bach Interpretaciones a cargo de Glenn Gould en sus versiones de 1981 &hellip; <\/p>\n<p class=\"link-more\"><a href=\"https:\/\/blog.uclm.es\/sylviamolina\/1998\/05\/31\/h2ov2p_-revista-atlantica\/\" class=\"more-link\">Continuar leyendo<span class=\"screen-reader-text\"> \u00abH2O\/V2P_ Revista Atl\u00e1ntica\u00bb<\/span><\/a><\/p>\n","protected":false},"author":181,"featured_media":8811,"comment_status":"open","ping_status":"open","sticky":false,"template":"","format":"standard","meta":{"footnotes":""},"categories":[17,25,37,56,62,64],"tags":[],"class_list":["post-638","post","type-post","status-publish","format-standard","has-post-thumbnail","hentry","category-electrografia","category-el-banquete","category-id","category-publicaciones","category-sinestesia","category-sonido"],"_links":{"self":[{"href":"https:\/\/blog.uclm.es\/sylviamolina\/wp-json\/wp\/v2\/posts\/638","targetHints":{"allow":["GET"]}}],"collection":[{"href":"https:\/\/blog.uclm.es\/sylviamolina\/wp-json\/wp\/v2\/posts"}],"about":[{"href":"https:\/\/blog.uclm.es\/sylviamolina\/wp-json\/wp\/v2\/types\/post"}],"author":[{"embeddable":true,"href":"https:\/\/blog.uclm.es\/sylviamolina\/wp-json\/wp\/v2\/users\/181"}],"replies":[{"embeddable":true,"href":"https:\/\/blog.uclm.es\/sylviamolina\/wp-json\/wp\/v2\/comments?post=638"}],"version-history":[{"count":0,"href":"https:\/\/blog.uclm.es\/sylviamolina\/wp-json\/wp\/v2\/posts\/638\/revisions"}],"wp:featuredmedia":[{"embeddable":true,"href":"https:\/\/blog.uclm.es\/sylviamolina\/wp-json\/wp\/v2\/media\/8811"}],"wp:attachment":[{"href":"https:\/\/blog.uclm.es\/sylviamolina\/wp-json\/wp\/v2\/media?parent=638"}],"wp:term":[{"taxonomy":"category","embeddable":true,"href":"https:\/\/blog.uclm.es\/sylviamolina\/wp-json\/wp\/v2\/categories?post=638"},{"taxonomy":"post_tag","embeddable":true,"href":"https:\/\/blog.uclm.es\/sylviamolina\/wp-json\/wp\/v2\/tags?post=638"}],"curies":[{"name":"wp","href":"https:\/\/api.w.org\/{rel}","templated":true}]}}