{"id":6227,"date":"2014-10-17T11:25:10","date_gmt":"2014-10-17T09:25:10","guid":{"rendered":"http:\/\/blog.uclm.es\/symolina\/?p=6227"},"modified":"2014-10-17T11:25:10","modified_gmt":"2014-10-17T09:25:10","slug":"ip-fuzzygab-4","status":"publish","type":"post","link":"https:\/\/blog.uclm.es\/sylviamolina\/2014\/10\/17\/ip-fuzzygab-4\/","title":{"rendered":"IP FuzzyGab.4"},"content":{"rendered":"\n<figure class=\"wp-block-image size-large\"><img loading=\"lazy\" decoding=\"async\" width=\"850\" height=\"167\" src=\"https:\/\/blog.uclm.es\/sylviamolina\/wp-content\/uploads\/sites\/84\/2014\/10\/fuzzy.png\" alt=\"\" class=\"wp-image-8467\" srcset=\"https:\/\/blog.uclm.es\/sylviamolina\/wp-content\/uploads\/sites\/84\/2014\/10\/fuzzy.png 850w, https:\/\/blog.uclm.es\/sylviamolina\/wp-content\/uploads\/sites\/84\/2014\/10\/fuzzy-300x59.png 300w, https:\/\/blog.uclm.es\/sylviamolina\/wp-content\/uploads\/sites\/84\/2014\/10\/fuzzy-768x151.png 768w\" sizes=\"auto, (max-width: 767px) 89vw, (max-width: 1000px) 54vw, (max-width: 1071px) 543px, 580px\" \/><\/figure>\n\n\n\n<h4 class=\"wp-block-heading\">Grupo de Investigaci\u00f3n I+D+i <\/h4>\n\n\n\n<blockquote class=\"wp-block-quote has-text-align-right is-layout-flow wp-block-quote-is-layout-flow\"><p><em>\u201cEl mapa es abierto, conectable en todas sus dimensiones, desmontable, alterable, susceptible de recibir constantemente modificaciones. (&#8230;) Contrariamente al calco, que siempre vuelve \u00aba lo mismo\u00bb, un mapa tiene m\u00faltiples entradas.\u00bb <\/em><\/p><cite>Deleuze &amp; Guattari. Rizoma.<\/cite><\/blockquote>\n\n\n\n<h3 class=\"wp-block-heading\">ACTUALIDAD (ir web <a href=\"http:\/\/fuzzygab.uclm.es\/\" data-type=\"URL\" data-id=\"http:\/\/fuzzygab.uclm.es\/\" target=\"_blank\" rel=\"noreferrer noopener\">Fuzzy Gab<\/a>)<\/h3>\n\n\n\n<p>Ver <a href=\"http:\/\/fuzzygab.uclm.es\/proyectos-id\/\" target=\"_blank\" rel=\"noreferrer noopener\">proyectos de Investigaci\u00f3n<\/a><\/p>\n\n\n\n<p>Restauraci\u00f3n Synthi 100<\/p>\n\n\n\n<p>Cursos nGME<\/p>\n\n\n\n<p>__<\/p>\n\n\n\n<p>[octubre de 2014] <strong>FUZZY GAB . 4<\/strong><\/p>\n\n\n\n<p>Continuando las l\u00edneas de desarrollo de INDEVOL, aparecen claramente dos l\u00edneas de investigaci\u00f3n. Por un lado, la dirigida por la profesora Ana Navarrete respecto a G\u00e9nero y por otro lado, la gestionada por la profesora Molina respecto a la M\u00fasica, Sinestesia, Interfaces\u2026.<\/p>\n\n\n\n<p>En esta trayectoria, la profesora Molina trabaja con la dise\u00f1adora Olivia Caro en el proyecto <strong>Mi.MO<\/strong> desde el a\u00f1o 2005.<\/p>\n\n\n\n<p>Mi.MO es una revista digital inicializada en el a\u00f1o 2005 como espacio de encuentro de diferentes trabajos de la profesora Sylvia Molina y sus alumnos. Un a\u00f1o despu\u00e9s, se incorpora la profesora Ana Navarrete involucr\u00e1ndose en la propuesta como co-editora y de forma espor\u00e1dica, van participando, aqu\u00ed y all\u00e1, diferentes profesores y alumnos que creen en la propuesta y quieren ser part\u00edcipe de esta. Desde sus inicios, la ex-alumna Olivia Caro ha estado ah\u00ed, adaptando las propuestas a la evoluci\u00f3n del tiempo, las necesidades, las diferentes corrientes e ideas planteadas.<\/p>\n\n\n\n<p>Mi.Mo, es en su m\u00e1xima expresi\u00f3n una interfaz digital, que tiene como fin com\u00fan en todas sus publicaciones, que el usuario navegue cual paseante que camina por primera vez en un h\u00e1bitat desconocido.<\/p>\n\n\n\n<p>La caracter\u00edstica principal de sus interfaces se basa en la filosof\u00eda rizom\u00e1tica de Deleuze y las enso\u00f1aciones que abarca hacen que sus recovecos sean infinitos y se autogeneren autom\u00e1ticamente.<\/p>\n\n\n\n<p>El cerebro humano almacena las ideas, entes, o conceptos de una forma no lineal y por tanto muy similar a como se accede a la misma informaci\u00f3n almacenada previamente. La forma en que se localiza esta informaci\u00f3n, a nivel funcional, ha sido ampliamente estudiada a lo largo de la historia de la humanidad y parece basarse en lo que los psic\u00f3logos denominan \u2018asociaci\u00f3n de ideas\u2019. Tambi\u00e9n en el hipertexto la informaci\u00f3n se almacena de manera similar a como lo hace el cerebro humano, en una secuencia no lineal, y se recupera tambi\u00e9n con mecanismos similares, es decir, mediante asociaci\u00f3n de ideas y relaci\u00f3n al contexto [Giordano Bruno].<\/p>\n\n\n\n<p>Cuando releo los autores de MI.MO es como si me tomara la Magdalena de Proust, las obras toman vida, olores, momentos, sensaciones que vuelven a un primer plano y evocan un mundo m\u00e1s all\u00e1 del espacio-tiempo que denominan \u2018espacio real\u2019 y al que quiz\u00e1s debi\u00e9ramos acercarnos de forma m\u00e1s \u2018implicada\u2019 como si de la pecera de David Bohm se tratara.<\/p>\n\n\n\n<p>Esta edici\u00f3n simboliza una construcci\u00f3n, un desarrollo y una madurez al hablar de Mi.MO. Recopilamos el proceso de todas las ediciones anteriores, como recolecci\u00f3n de muchas alegr\u00edas y esfuerzo que ha costado llevar a cabo este proyecto.<\/p>\n\n\n\n<p>En el a\u00f1o 2010 se incorporan como co-editores Javier Osona y Daniel del Saz y, 3 a\u00f1os m\u00e1s tarde, en Mi.MO 2013, nuevas incoporaciones a la interfaz de Mi.MO nos hacen contar con Javier Alonso (quien continuar\u00e1 ya con nosotros en las pr\u00f3ximas ediciones), Miriam Freire y Laura D\u00edaz.<\/p>\n\n\n\n<p>Por otro lado, recordar los \u2018<strong>Seminarios de M\u00fasica Electroac\u00fastica\u2019<\/strong> dirigidos por el compositor Julio Sanz V\u00e1zquez (actual miembro de este nuevo grupo), la secretar\u00eda de Javier Osona (tambi\u00e9n incorporado a este nuevo grupo) y la coordinaci\u00f3n de la Prof. Sylvia Molina (actual IP de este grupo).<\/p>\n\n\n\n<p>Sylvia Molina, Julio Sanz y Javier Osona fundan un nuevo concepto de colaboraci\u00f3n que se denomina ACuOSO.&nbsp;&nbsp; Asociaci\u00f3n en Cuenca Orquesta Sinf\u00f3nico de Ordenadores<strong><\/strong><\/p>\n\n\n\n<p><strong>\u00bfQU\u00c9 ES ACuOSO?<\/strong><\/p>\n\n\n\n<p>La Orquesta Sinf\u00f3nica de Ordenadores (OSO) es una herramienta de expresi\u00f3n colectiva&nbsp;basada en&nbsp;&nbsp;la transversalidad y el crecimiento horizontal, as\u00ed como la teor\u00eda del Caos Determinista como sistema de organizaci\u00f3n no lineal.<\/p>\n\n\n\n<p>Una Orquesta donde los M\u00fasicos, Compositores, Artistas, Investigadores y personas relacionadas con las Artes, la Tecnolog\u00eda, las Telecomunicaciones y las Redes Sociales, as\u00ed como toda aquella interesada en formar parte de esta asociaci\u00f3n, puedan hacer sus propias creaciones, donde se puedan interpretar y componer obras colectivas respetando unos \u201cDogmas\u201d&nbsp; b\u00e1sicos con&nbsp; acuerdos organizativos consensuados.<\/p>\n\n\n\n<p>Surge con el fin de promocionar sus obras, proyectos e ideas a trav\u00e9s de&nbsp; una aut\u00e9ntica \u201cOrquesta de Ordenadores\u201d que permita la interpretaci\u00f3n de la M\u00fasica, Sonido, Imagen, Performance e Interacci\u00f3n, su elaboraci\u00f3n, s\u00edntesis, combinatoria programada, composici\u00f3n,&nbsp; transformaci\u00f3n, modulaci\u00f3n y difusi\u00f3n espacial.<\/p>\n\n\n\n<p>\u2028La ORQUESTA S\u00cdNFONICA DE ORDENADORES&nbsp;&nbsp;o COMPUTER SYMPHONY ORCHESTRA (en adelante OSO) es una agrupaci\u00f3n musical de M\u00fasicos\/Artistas estando tutelada y bajo la dependencia de la ASOCIACI\u00d3N DE AMIGOS EN CUENCA DE LA ORQUESTA SINF\u00d3NICA DE ORDENADORES (en adelante ACuOSO) y jur\u00eddicamente se rige por los Estatutos de \u00e9sta.<\/p>\n\n\n\n<p>La asociaci\u00f3n ACuOSO es una propuesta abierta a la participaci\u00f3n musical, visual e interactiva. Nace en el entorno de la ciudad de Cuenca para construir la Orquesta Sinf\u00f3nica de Ordenadores o dispositivos digitales que permitan intervenciones perform\u00e1ticas.<\/p>\n\n\n\n<p>ACuOSO hace referencia a la fluidez en la participaci\u00f3n, al consenso como m\u00e9todo asambleario, a la estructura l\u00edquida (Bauman) alejada de estructuras cerradas, concretas y previamente estructuradas.<\/p>\n\n\n\n<p>ACuOSO es un punto de encuentro que crece, se modifica, evoluciona y est\u00e1 vivo, pulsante, como un nodo del que se bifurcan nuevos y numerosos caminos y posibilidades. ACuOSO es un espacio de encuentro que permite la participaci\u00f3n abierta para la creaci\u00f3n.<\/p>\n\n\n\n<p>ACuOSO&nbsp;es una agrupaci\u00f3n creativa que a\u00fana&nbsp; M\u00fasica, Imagen, Performances y Tecnolog\u00eda, apostando por un concepto accesible y abierto a todos que surge tras la realizaci\u00f3n del \u201dTaller de Composici\u00f3n Musical Colectiva&nbsp; Multi-Canal, Poliedro Sinest\u00e9sico\u201d. (&nbsp;<a href=\"http:\/\/youtu.be\/5dvfi_yVP5U\">http:\/\/youtu.be\/5dvfi_yVP5U<\/a>)<\/p>\n\n\n\n<p>Dicha propuesta fue presentada en el \u201cXX Festival Internacional de M\u00fasica Electroac\u00fastica. Punto de Encuentro\u201d el 14 de noviembre de 2013 en el Auditorio del Conservatorio Superior de M\u00fasica &#8216;Joaqu\u00edn Rodrigo&#8217; (Valencia -Spain-). La presentaci\u00f3n corri\u00f3 a cargo de Julio Sanz V\u00e1zquez y fue organizada por la AMEE (Asociaci\u00f3n de M\u00fasica Electroac\u00fastica de Espa\u00f1a) (<a href=\"http:\/\/www.youtube.com\/watch?v=00Vf6ogYO7c\">http:\/\/www.youtube.com\/watch?v=00Vf6ogYO7c<\/a>)<\/p>\n\n\n\n<p>Los objetivos principales de ACuOSO son:<\/p>\n\n\n\n<p>\u2028- Ayudar en la formaci\u00f3n Tecnol\u00f3gico\u2013Musical , Orquestal y Perform\u00e1tica de los artistas.<\/p>\n\n\n\n<p>\u2028- Fomentar el conocimiento de la M\u00fasica Electroac\u00fastica entre la poblaci\u00f3n en general.<\/p>\n\n\n\n<p>\u2028- Fomentar la convivencia entre los M\u00fasicos y Artistas, promocionando el trabajo en grupo, el esfuerzo colectivo&nbsp;&nbsp;con una ocupaci\u00f3n del tiempo libre sana, l\u00fadica y creativa.<\/p>\n\n\n\n<p>&#8211; Difundir las ideas, propuestas, composiciones musicales y todos aquellos tipo proyectos vinculados a la idea de OSO y por consiguiente de la asociaci\u00f3n ACuOSO.<\/p>\n\n\n\n<p>&#8211; Crear obras abiertas centradas en OSO.<\/p>\n\n\n\n<p>&#8211; Generar redes de orquestaciones interactivas y multidisciplinares que crean en la idea y defiendan los mismos \u201cdogmas\u201d que ACuOSO.<\/p>\n\n\n\n<p>&#8211; Poner en pr\u00e1ctica nuevas metodolog\u00edas de participaci\u00f3n y creaci\u00f3n colectiva basadas en la horizontalidad, la transversalidad, la multidisciplinariedad as\u00ed como la fluidez y abertura de sus contornos.<\/p>\n\n\n\n<p>\u2028La Coordinaci\u00f3n General de OSO corresponde a Julio Sanz V\u00e1zquez, Sylvia Molina Muro y la Junta Asamblearia de la Asociaci\u00f3n ACuOSO, que encomendar\u00e1 la Direcci\u00f3n Musical y Creativa&nbsp;&nbsp;a la\/s persona\/s&nbsp;&nbsp;competente\/s en la materia seg\u00fan el proyecto a llevar a cabo.<\/p>\n\n\n\n<p><strong>ACTIVIDADES PREVIAS AL NACIMIENTO DE ACuOSO<\/strong><\/p>\n\n\n\n<p><strong>1_POLIEDRO SINEST\u00c9SICO<\/strong><\/p>\n\n\n\n<p>Composici\u00f3n Musical Colectiva Multicanal<\/p>\n\n\n\n<p>Julio Sanz V\u00e1zquez &amp; Sylvia Molina<\/p>\n\n\n\n<p>Bas\u00e1ndonos en la experiencia de creaci\u00f3n colectiva Poliedro on line de&nbsp; Fabian Esteban Luna (Argentina)<\/p>\n\n\n\n<p>FACULTAD DE BELLAS ARTES DE CUENCA. ESPA\u00d1A<\/p>\n\n\n\n<p>Esta experiencia fue desarrollada en el a\u00f1o 2012 por el Compositor Julio Sanz dirigido por la profesora Sylvia Molina:<\/p>\n\n\n\n<p><a href=\"http:\/\/www.youtube.com\/watch?v=JciPMPbE63Y--\">http:\/\/www.youtube.com\/watch?v=JciPMPbE63Y&#8211;<\/a><\/p>\n\n\n\n<p>Video presentado a la revista Mi.MO.:. Mierda. Moderna 2012_ ISSN 1887-5033<\/p>\n\n\n\n<p>Conferencia-Concierto (Poliedro) a cargo del compositor Julio Sanz.<\/p>\n\n\n\n<p>Prof. Sylvia Molina<\/p>\n\n\n\n<p>Facultad de Bellas Artes (Cuenca) \u2013UCLM<\/p>\n\n\n\n<p>2_ Posteriormente <strong>se present\u00f3 en la AMEE:<\/strong> (<a href=\"http:\/\/www.youtube.com\/watch?v=00Vf6ogYO7c\">http:\/\/www.youtube.com\/watch?v=00Vf6ogYO7c<\/a>&nbsp;)<\/p>\n\n\n\n<p>XX Festival Internacional de M\u00fasica Electroac\u00fastica. Punto de Encuentro<\/p>\n\n\n\n<p>Jueves 14 de noviembre de 2013. Auditorio del Conservatorio Superior de M\u00fasica<\/p>\n\n\n\n<p>&#8216;Joaqu\u00edn Rodrigo&#8217; (Valencia -Spain-) &nbsp;Presenta Julio Sanz V\u00e1zquez. Organiza AMEE &nbsp;(Asociaci\u00f3n de M\u00fasica Electroac\u00fastica de Espa\u00f1a)<\/p>\n\n\n\n<p>&nbsp;Colaboraci\u00f3n Sylvia Molina. Facultad de BBAA. (UCLM- Cuenca)&nbsp;&nbsp;&nbsp;&nbsp;&nbsp;&nbsp;&nbsp;&nbsp;&nbsp;&nbsp;&nbsp;&nbsp;&nbsp;&nbsp;&nbsp;&nbsp;&nbsp;&nbsp;&nbsp;&nbsp;&nbsp;&nbsp;&nbsp;&nbsp;&nbsp;&nbsp;&nbsp;&nbsp;<\/p>\n\n\n\n<p>&nbsp;Agradecimientos Fabian Luna Marco de Investigaci\u00f3n UNTreF<\/p>\n\n\n\n<p><strong>3_ Participaci\u00f3n en los Seminarios de M\u00fasica Electroac\u00fastica_ UIMP (Cuenca) Febrero 2014<\/strong><\/p>\n\n\n\n<p>Hace 30 a\u00f1os se inauguraba&nbsp; hist\u00f3rico&nbsp; Gabinete de M\u00fasica Electroac\u00fastica de Cuenca, el primer centro p\u00fablico de ense\u00f1anza, investigaci\u00f3n y difusi\u00f3n de la M\u00fasica Electroac\u00fastica en Espa\u00f1a.&nbsp;El Seminario&nbsp;fue&nbsp;una cita para que todos&nbsp; los compositores, artistas y t\u00e9cnicos que&nbsp; han formado parte de su historia en alg\u00fan momento del GME de Cuenca. Se reunieron para compartir y poner en valor&nbsp; lo acontecido desde entonces as\u00ed como un homenaje al Maestro Gabriel Brncic por su labor pedag\u00f3gica y musical.<\/p>\n\n\n\n<p>Durante el Seminario, tuvimos la oportunidad de&nbsp;&nbsp;promocionar ACuOSO. Proyectos e ideas a trav\u00e9s de&nbsp; una aut\u00e9ntica \u201cOrquesta de Ordenadores\u201d que permitieran la interpretaci\u00f3n de la M\u00fasica, del&nbsp; Sonido, su elaboraci\u00f3n, s\u00edntesis, combinatoria programada, composici\u00f3n,&nbsp; transformaci\u00f3n, modulaci\u00f3n y difusi\u00f3n espacial.<\/p>\n\n\n\n<p>As\u00ed mismo, durante este seminario se programa\u00f3&nbsp;parte del repertorio para la pr\u00f3xima temporada de la Computer Symphony Orchestra y la presentaci\u00f3n de ACuOSO &#8211; Asociaci\u00f3n en Cuenca de Amigos de la \u201cOrquesta Sinf\u00f3nica de Ordenadores\u201d.<\/p>\n\n\n\n<p>Ponencias, mesas redondas, talleres, presentaciones de las \u00faltimas composiciones, APPS, Sound Storming y Conciertos en el Aire, con asistencia presencial y On Line, aseguran un lugar de encuentro actual, donde sin duda surgir\u00e1n iniciativas que gracias a la Revista Mi.MO perdurar\u00e1n en el imaginario colectivo.<\/p>\n\n\n\n<p><strong>4_ Auditorio de Cuenca<\/strong><\/p>\n\n\n\n<p>ACuOSO&nbsp;fue presentado en el Auditorio de Cuenca en febrero 2014:&nbsp;<a href=\"https:\/\/www.youtube.com\/watch?v=joJmMz3taus&amp;index=1&amp;list=PLPYe8Tk9bgq4gQjsRZuztR0szBdIIKtr6\">https:\/\/www.youtube.com\/watch?v=joJmMz3taus&amp;index=1&amp;list=PLPYe8Tk9bgq4gQjsRZuztR0szBdIIKtr6<\/a><\/p>\n\n\n\n<p><strong>5_ ACuOSO en Colaboraci\u00f3n con M\u00e9xico<\/strong><\/p>\n\n\n\n<p>Y M\u00e9xico en co. Con Joaqu\u00edn D\u00edaz:&nbsp;<a href=\"https:\/\/www.youtube.com\/watch?v=5U8kRrxdbvU&amp;index=6&amp;list=PLPYe8Tk9bgq4gQjsRZuztR0szBdIIKtr6\">https:\/\/www.youtube.com\/watch?v=5U8kRrxdbvU&amp;index=6&amp;list=PLPYe8Tk9bgq4gQjsRZuztR0szBdIIKtr6<\/a><\/p>\n\n\n\n<p>De esta manera, las l\u00edneas de investigaci\u00f3n claramente diferenciadas entre los componentes del antiguo grupo INDEVOL nos hace constituirnos como nuevo grupo: FUZZY GAB .4<\/p>\n\n\n\n<p><strong>LINEAS DE INVESTIGACION INDEVOL<\/strong><\/p>\n\n\n\n<p>1. Posicionamiento: Desarrollo de un sistema de localizaci\u00f3n y orientaci\u00f3n de dispositivos PDA en espacios interiores y exteriores. (Actualmente WAyfinding, proyecto del Prof. Daniel del Saz)<\/p>\n\n\n\n<p>2. Interfaces: Mejorar la amigabilidad de las interfaces, que pueden evolucionar seg\u00fan el uso y la invisibilidad de la misma. (V\u00e9ase CV cursos de \u2018tu cuerpo como mando\u2019 y publicaciones \u2018HUI\u2019 en CV_ Sylvia Molina)<\/p>\n\n\n\n<p>3. Nuevos paradigmas educativos: FMoLE_ Inicializado por la profesora Molina en colaboraci\u00f3n con el i-DAT de la Universidad de Plymouth (Inglaterra) en colaboraci\u00f3n con el College of Art de la misma ciudad desde Abril del 2013.<\/p>\n\n\n\n<p>4. Cartograf\u00edas y archivos de la memoria. Desarrollando proyectos colectivos art\u00edsticos con el artista mexicano Joaqu\u00edn D\u00edaz en el grupo art\u00edstico \u2018if\u2026then\u2019 (v\u00e9ase CV Osona, Sanz, Diaz y Molina) de car\u00e1cter internacional.<\/p>\n\n\n\n<h4 class=\"wp-block-heading\"><strong>OR\u00cdGENES<\/strong><\/h4>\n\n\n\n<p>Desde finales del a\u00f1o 2001 iniciamos la configuraci\u00f3n de este proyecto y del equipo de investigaci\u00f3n bajo el t\u00edtulo <em>INDEVOL<\/em> (Interfaces Din\u00e1micas Evolutivas) con la intenci\u00f3n de conducirlo como un proyecto de I+D.<\/p>\n\n\n\n<p>En el a\u00f1o 2004 desarrollamos con la empresa, <strong><em>Ideando Experiencias<\/em><\/strong>, (con la que tenemos firmado un convenio de colaboraci\u00f3n) y con el programador asturiano <strong>Pablo C\u00e1rcaba<\/strong> y su empresa <strong><em>Killer Ideas Network<\/em><\/strong>&nbsp;el proyecto<em> <strong>_paseante en la memoria<\/strong><\/em>, concebido por Sylvia Molina, para la segunda edici\u00f3n de <em>El<\/em> <em>banquete <\/em>( Arte \/ Ciencia \/ Tecnolog\u00eda, organizado por el<em> Media Lab <\/em>del Ayuntamiento de Madrid en su Centro del Conde Duque), y para ello contamos con una peque\u00f1a ayuda econ\u00f3mica del Vicerrectorado de Investigaci\u00f3n y del Departamento de Arte de la UCLM.<\/p>\n\n\n\n<hr class=\"wp-block-separator\" \/>\n\n\n\n<p>En el a\u00f1o 2005, y tal y como se ha descrito en estos antecedentes, el grupo investigador INDEVOL (Interfaces Din\u00e1micas Evolutivas), en coordinaci\u00f3n con grupo <strong>LoUISE<\/strong> (del I3A en el Campus de Albacete), y con la incorporaci\u00f3n del profesor de la UCLM <strong>Jos\u00e9 Ram\u00f3n Alcal\u00e1<\/strong> y la empresa <strong><em>Entornos 3D<\/em><\/strong>, decide poner en marcha una investigaci\u00f3n sobre gu\u00edas digitales para museos bajo el acr\u00f3nimo: GUIMUININ (Gu\u00edas Muse\u00edsticas Inal\u00e1mbricas Inteligentes), un proyecto bajo la coordinaci\u00f3n del grupo LoUISE y coordinado con el grupo INDEVOL llamado INDEVOL:NEM (INTERFACES DIN\u00c1MICAS EVOLUTIVAS PARA LA NAVEGACI\u00d3N EN ESPACIOS MULTIDIMENSIONALES). El proyecto fue subvencionado en la convocatoria del 2005 para proyectos de I+D+i, por la Junta de Castilla-La Mancha y financiada con fondos FEDER. Expedientes PCC-05-005-1 y PCC-05-005-2. En Junio de 2006, INDEVOL pasa a constituirse definitivamente como grupo de investigaci\u00f3n con centro de investigaci\u00f3n en el Departamento de Arte de la Facultad de Bellas Artes de la UCLM. Ana Navarrete (como investigadora principal) junto a los profesores Daniel del Saz y Sylvia Molina y los colaboradores Fred Adam y Ver\u00f3nica Perales configuran el nuevo grupo investigador.<\/p>\n\n\n\n<p>A principios del a\u00f1o 2008, comienza la propuesta de desarrollo de la revista ANT Magazine (Arte y Nuevas Tecnolog\u00edas) \/ Realidad Aumentada, por la que se recibe una ayuda de la Universidad de Castilla-La Mancha dentro del \u00e1rea de Humanidades y Ciencias Sociales curso 2007-08.<\/p>\n\n\n\n<p><strong>LoUISE<\/strong> e <strong>INDEVOL <\/strong>desarrollaron para el <strong>Museo de la Cuchiller\u00eda de Albacete <\/strong>un prototipo que dio lugar a la<strong> Patente <\/strong>de car\u00e1cterNacional (B.O.P.I. de 14\/10\/2009) <strong>INVENTORES: <\/strong>&nbsp;Lozano P\u00e9rez, Mar\u00eda Dolores;&nbsp; Ruiz Penichet, V\u00edctor Manuel;&nbsp; Tesoriero, Ricardo;&nbsp; Molina Muro, Sylvia; Navarrete Tudela, Ana; Saz Salazar, Daniel Carlos del;&nbsp; Perales, Ver\u00f3nica;&nbsp; Adam, Fred y Gallud L\u00e1zaro, Jos\u00e9 Antonio con el t<strong>\u00edtulo: <\/strong><em>Dispositivo de interacci\u00f3n para la exploraci\u00f3n de documentos georreferenciados y m\u00e9todo de utilizaci\u00f3n de dicho dispositivo. <\/em> En este mismo a\u00f1o recibimos una ayuda a cargo del convenio Consejer\u00eda JCCM y la UCLM, y financiado con fondos correspondientes al Programa Operativo FEDER 2000 \u2013 2006 y fondos propios de la JCCM y de fondos de la UCLM, con el t\u00edtulo: <em>Cluster de 6 componentes para edici\u00f3n de v\u00eddeo y sonido<\/em>. Referencia: FEDER100. Esta inversi\u00f3n permite iniciar la creaci\u00f3n del MediaLab Cuenca.<\/p>\n\n\n\n<p>Es tambi\u00e9n durante el citado curso acad\u00e9mico y hasta el curso 2009-10, cuando nos conceden una ayuda a la innovaci\u00f3n e investigaci\u00f3n de la Junta de Comunidades de Castilla-La Mancha seg\u00fan la Orden de 22 de febrero de 2008 de la Consejer\u00eda de Educaci\u00f3n y Ciencia para el concurso de proyectos de cooperaci\u00f3n en materia de innovaci\u00f3n e investigaci\u00f3n entre profesorado universitario y no universitario de la Comunidad Aut\u00f3noma de Castilla-La Mancha (Colegio CC de Elche de la Sierra \u2013AB-). El proyecto, <strong>INDEVOL<\/strong><strong><em>:<\/em><\/strong><strong><em>educa<\/em><\/strong> &nbsp;establece un sistema de ense\u00f1anza virtual estructurando los contenidos lineales en una nueva estructura alineal (interactiva), din\u00e1mica (en continuo cambio) y evolutiva (generativa, viva), base del proyecto y grupo INDEVOL. Para ello se llevar\u00e1 a cabo la investigaci\u00f3n en la construcci\u00f3n de un modelo de interfaz evolutivo al que le pueden ser aplicados diferentes contenidos.&nbsp; Los contenidos en los que se centrar\u00e1 <strong>INDEVOL<\/strong><strong><em>:<\/em><\/strong><strong><em>educa<\/em><\/strong>&nbsp; ser\u00e1 la implementaci\u00f3n de interfaces hardware en el \u00e1mbito de la tecnolog\u00eda (placas de Arduino) para la ESO.<\/p>\n\n\n\n<p>En este mismo a\u00f1o 2008 el grupo INDEVOL junto con el grupo LoUISE inician la colaboraci\u00f3n con la empresa <strong>Worldnet21 s.l.<\/strong> (Art\u00edculo 88) para la colaboraci\u00f3n en el programa CENIT (Resoluci\u00f3n de 21 de noviembre de 2007 (BOE n\u00ba 290 de 4 de Diciembre de 2007 del Centro para el Desarrollo Tecnol\u00f3gico Industrial). Dicha empresa forma parte de un Consorcio de empresas para la ejecuci\u00f3n del proyecto \u2018mIO!\u2019 encuadrado en el marco del Programa CENIT dentro del Programa INGENIO 2010 para investigar sobre interacciones de movilidad. El grupo Indevol se centr\u00f3 en el dise\u00f1o de interfaces de acceso. Especificando y describiendo las nuevas met\u00e1foras de interacci\u00f3n sensibles a la ubicaci\u00f3n (AP2_E2.3.1) y las nuevas met\u00e1foras de interacci\u00f3n basadas en gestos (AP2_E2.3.2). La investigadora colaboradora <strong>Olivia Caro<\/strong>&nbsp; fue contratada como Personal Investigador para el proyecto mio! CENIT.<\/p>\n\n\n\n<p>Asimismo en el a\u00f1o 2008, INDEVOL en coordinaci\u00f3n con grupo <strong>LoUISE<\/strong> (del I3A en el campus de Albacete) decide poner en marcha una investigaci\u00f3n sobre nuevas formas de interacci\u00f3n en escenarios colaborativos sensibles al contexto. En particular se pretende mejorar la interacci\u00f3n del usuario con el entorno f\u00edsico, para que sea m\u00e1s natural e intuitiva y facilite la colaboraci\u00f3n entre los usuarios. Para ello se defini\u00f3 una metodolog\u00eda de desarrollo de aplicaciones sensibles al contexto que cubra los aspectos m\u00e1s abstractos (met\u00e1foras visuales, gestuales y de realidad aumentada), tecnol\u00f3gicos (RFID, bluetooth, etc) y de implementaci\u00f3n. El campo de aplicaci\u00f3n escogido para realizar la evaluaci\u00f3n del sistema es el desarrollo de aplicaciones sensibles al contexto para espacios culturales (museos, salas de arte, exposiciones, etc). El proyecto: <em>Desarrollo de nuevos mecanismos de interacci\u00f3n y colaboraci\u00f3n en escenarios sensibles al contexto,<\/em> obtuvo la ayuda de la JCCM (2008 \u2013 2012) para proyectos de I+D+i, y fue financiada con fondos FEDER coordinado con el grupo Louisecon el proyectoINDEVOL:RA (INTERFACES DIN\u00c1MICAS EVOLUTIVAS Y REALIDAD VIRTUAL). Expt: -PII2C09-0185-1030.<\/p>\n\n\n\n<p>La profesora Sylvia Molina estudio m\u00fasica electroac\u00fastica en el Gabinete de M\u00fasica Electroac\u00fastica (GME) de Cuenca durante la d\u00e9cada de los 90. En el a\u00f1o 2011 la profesora recuper\u00f3 su&nbsp;relaci\u00f3n profesional con el compositor y t\u00e9cnico del GME, Julio Sanz V\u00e1zquez. De este reencuentro surgieron conferencias y talleres en la Facultad de Bellas Artes y la incorporaci\u00f3n a <em>Poliedro<\/em> del compositor argentino Fabi\u00e1n Esteban Luna, adem\u00e1s INDEVOL inicia las gestiones para la recuperaci\u00f3n de los fondos de m\u00fasica electroac\u00fastica del GME.&nbsp;El valor cremat\u00edstico de estos fondos es incalculable y las composiciones son hitos fundamentales de nuestra m\u00fasica electroac\u00fastica en particular y de la m\u00fasica electroac\u00fastica internacional en general.<\/p>\n\n\n\n<p>En noviembre del 2012 se suma como colaborador el estudiante e investigador <strong>Javier Osona<\/strong> <strong>Segovia<\/strong>, y&nbsp; recibe una Beca de Colaboraci\u00f3n tutelada por la profesora Sylvia Molina del MECD con el proyecto &#8216;INDEVOL: <em>Gestor de Contenidos Din\u00e1mico Inteligente para la Investigaci\u00f3n en el Arte\u2019<\/em>.<\/p>\n\n\n\n<p>Gracias a la colaboraci\u00f3n entre el compositor Julio Sanz y la profesora Sylvia Molina se firmaron los siguientes convenios: Convenio de colaboraci\u00f3n entre los rectores de la UCLM y la <strong>UNTREF<\/strong> de Argentina y el Convenio de colaboraci\u00f3n con la asociaci\u00f3n <strong>AVADI<\/strong>, Noviembre 2013.<\/p>\n\n\n\n<p>La profesora Sylvia Molina fue nombrada Coordinadora de Recursos de M\u00fasica Electroac\u00fastica de la Facultad de Bellas Artes en la Junta de Centro del 17 de diciembre de 2013.<\/p>\n\n\n\n<p>Entre las acciones realizadas en torno a la m\u00fasica electroac\u00fastica hay que destacar: Seminarios de M\u00fasica Electroac\u00fastica en la UIMP (Febrero 2014). Dirigido por Julio Sanz, coordinaci\u00f3n de Sylvia Molina y secretar\u00eda de Javier Osona. En estos seminarios se cont\u00f3 con la participaci\u00f3n del gran compositor chileno Gabriel Brncic.<\/p>\n\n\n\n<p>Finalmente, en el grupo INDEVOL participamos en el \u00faltimo proyecto con este grupo de investigaci\u00f3n a los profesores Daniel del Saz y Sylvia Molina en el proyecto I+D+i Excelencia 2013 del Ministerio Espa\u00f1ol de Econom\u00eda y Competitividad: <em>Creaci\u00f3n y Estudios de las CAAC (Colecciones y Archivos de Arte Contempor\u00e1neo) de Cuenca como modelo metodol\u00f3gico para una investigaci\u00f3n de excelencia en Bellas Artes<\/em>, cuyo investigador principal es el profesor Jos\u00e9 Ram\u00f3n Alcal\u00e1.<\/p>\n","protected":false},"excerpt":{"rendered":"<p>Grupo de Investigaci\u00f3n I+D+i \u201cEl mapa es abierto, conectable en todas sus dimensiones, desmontable, alterable, susceptible de recibir constantemente modificaciones. (&#8230;) Contrariamente al calco, que siempre vuelve \u00aba lo mismo\u00bb, un mapa tiene m\u00faltiples entradas.\u00bb Deleuze &amp; Guattari. Rizoma. ACTUALIDAD (ir web Fuzzy Gab) Ver proyectos de Investigaci\u00f3n Restauraci\u00f3n Synthi 100 Cursos nGME __ [octubre &hellip; <\/p>\n<p class=\"link-more\"><a href=\"https:\/\/blog.uclm.es\/sylviamolina\/2014\/10\/17\/ip-fuzzygab-4\/\" class=\"more-link\">Continuar leyendo<span class=\"screen-reader-text\"> \u00abIP FuzzyGab.4\u00bb<\/span><\/a><\/p>\n","protected":false},"author":181,"featured_media":8463,"comment_status":"closed","ping_status":"open","sticky":false,"template":"","format":"standard","meta":{"footnotes":""},"categories":[2,74,16,79,30,31,37,55],"tags":[],"class_list":["post-6227","post","type-post","status-publish","format-standard","has-post-thumbnail","hentry","category-groups","category-bbaa_uclm","category-educacion","category-grupos-idi","category-2001-14-indevol","category-fuzzy-gab-4","category-id","category-proyectos-id"],"_links":{"self":[{"href":"https:\/\/blog.uclm.es\/sylviamolina\/wp-json\/wp\/v2\/posts\/6227","targetHints":{"allow":["GET"]}}],"collection":[{"href":"https:\/\/blog.uclm.es\/sylviamolina\/wp-json\/wp\/v2\/posts"}],"about":[{"href":"https:\/\/blog.uclm.es\/sylviamolina\/wp-json\/wp\/v2\/types\/post"}],"author":[{"embeddable":true,"href":"https:\/\/blog.uclm.es\/sylviamolina\/wp-json\/wp\/v2\/users\/181"}],"replies":[{"embeddable":true,"href":"https:\/\/blog.uclm.es\/sylviamolina\/wp-json\/wp\/v2\/comments?post=6227"}],"version-history":[{"count":0,"href":"https:\/\/blog.uclm.es\/sylviamolina\/wp-json\/wp\/v2\/posts\/6227\/revisions"}],"wp:featuredmedia":[{"embeddable":true,"href":"https:\/\/blog.uclm.es\/sylviamolina\/wp-json\/wp\/v2\/media\/8463"}],"wp:attachment":[{"href":"https:\/\/blog.uclm.es\/sylviamolina\/wp-json\/wp\/v2\/media?parent=6227"}],"wp:term":[{"taxonomy":"category","embeddable":true,"href":"https:\/\/blog.uclm.es\/sylviamolina\/wp-json\/wp\/v2\/categories?post=6227"},{"taxonomy":"post_tag","embeddable":true,"href":"https:\/\/blog.uclm.es\/sylviamolina\/wp-json\/wp\/v2\/tags?post=6227"}],"curies":[{"name":"wp","href":"https:\/\/api.w.org\/{rel}","templated":true}]}}