{"id":622,"date":"2000-05-31T20:22:59","date_gmt":"2000-05-31T20:22:59","guid":{"rendered":"http:\/\/www3.uclm.es\/profesorado\/symolina\/wordpress\/?p=622"},"modified":"2000-05-31T20:22:59","modified_gmt":"2000-05-31T20:22:59","slug":"entrevistas-medios-comunicacion","status":"publish","type":"post","link":"https:\/\/blog.uclm.es\/sylviamolina\/2000\/05\/31\/entrevistas-medios-comunicacion\/","title":{"rendered":"Entrevistas Medios Comunicaci\u00f3n"},"content":{"rendered":"<h1>Noviembre 2020<\/h1>\n<h3><a href=\"http:\/\/fuzzygab.uclm.es\/2020\/11\/26\/el-gabinete-de-musica-electroacustica-de-cuenca-renace-y-afronta-el-futuro-con-optimismo\/\" rel=\"bookmark\">El Gabinete de M\u00fasica Electroac\u00fastica de Cuenca renace y afronta el futuro con optimismo<\/a><\/h3>\n<p>Entrevista de Paco Au\u00f1\u00f3n a Sylvia Molina<\/p>\n<blockquote class=\"wp-block-quote\"><p>El Gabinete de M\u00fasica Electroac\u00fastica (GME) se cre\u00f3 en 1983 tras los pasos dados por Jes\u00fas Villa-Rojo, clarinetista y compositor, y director del Conservatorio de Cuenca.En la actualidad el GME est\u00e1 en manos del Grupo de Investigaci\u00f3n Fuzzy Gab de la Universidad de Castilla-La Mancha (UCLM). Lo hemos contado con Sylvia Molina, investigadora principal del Fuzzy Gab, en el espacio SER Universitarios que emitimos los martes en Hoy por Hoy Cuenca<\/p><\/blockquote>\n<figure class=\"wp-block-audio\"><audio src=\"https:\/\/play.cadenaser.com\/audio\/1606222354_002606\/?ssm=fb&amp;fbclid=IwAR375JMt-0sZmwEcuSI9sL27wYO5lNAwpMAFdMGvUCY2he35Q2NVXbJBVNg\" controls=\"controls\" data-mce-fragment=\"1\"><\/audio><\/figure>\n<p><a href=\"https:\/\/cadenaser.com\/emisora\/2020\/11\/24\/ser_cuenca\/1606223451_752320.html?fbclid=IwAR3-SSfuV0oLy9URuPVRSMK5rYzMhjbXDEjKX-2JUE5BKRAquFnapDO-2CI\">https:\/\/cadenaser.com\/emisora\/2020\/11\/24\/ser_cuenca\/1606223451_752320.html?fbclid=IwAR3-SSfuV0oLy9URuPVRSMK5rYzMhjbXDEjKX-2JUE5BKRAquFnapDO-2CI<\/a><\/p>\n<h1>18 de noviembre 2020<\/h1>\n<h3><a href=\"http:\/\/fuzzygab.uclm.es\/2020\/11\/18\/morada-sonica\/\" rel=\"bookmark\">Morada S\u00f3nica<\/a><\/h3>\n<div class=\"videoContainer\"><\/div>\n<p>Morada S\u00f3nica retransmitiendo en directo el Concierto | Charla de Gabriel Brn\u00e7ic de este mismo d\u00eda.<\/p>\n<p>FESTIVAL INTERNACIONAL MORADA S\u00d3NICA 2020: Josep Mar\u00eda Soler en \u00abAlmer\u00eda is different\u00bb 18\/11\/20<\/p>\n<h1>17 noviembre 2020<\/h1>\n<h3><a href=\"http:\/\/fuzzygab.uclm.es\/2020\/11\/17\/morada-sonica-se-hace-eco-de-fuzzy-gab\/\" rel=\"bookmark\">Morada S\u00f3nica se hace eco de Fuzzy Gab\u00a0<\/a><\/h3>\n<p>Morada S\u00f3nica se hace eco de Fuzzy Gab .4 con la apertura del nGME con la charla-concierto con Gabriel Brn\u00e7ic!<\/p>\n<p>P\u00e1gina dedicada a Fuzzy Gab en \u00abRecursos Ajenos\u00bb de la web de Morada S\u00f3nica:\u00a0<a href=\"https:\/\/moradasonica.com\/gabinete-de-musica-electroacustica-de-cuenca\/\">https:\/\/moradasonica.com\/gabinete-de-musica-electroacustica-de-cuenca\/<\/a><\/p>\n<h1>3 diciembre 2019<\/h1>\n<h3><a href=\"http:\/\/fuzzygab.uclm.es\/2019\/12\/11\/restauracion-synthi-100-2\/\" rel=\"bookmark\">Liberal de Castilla La-Mancha_ Restauraci\u00f3n Synthi 100<\/a><\/h3>\n<div class=\"meta clearfix\"><\/div>\n<p><a href=\"https:\/\/www.liberaldecastilla.com\/la-uclm-restaura-en-synthi-100-el-sintetizador-del-gabinete-de-musica-electroacustica-de-cuenca#.XedzzOhKhjE\">https:\/\/www.liberaldecastilla.com\/la-uclm-restaura-en-synthi-100-el-sintetizador-del-gabinete-de-musica-electroacustica-de-cuenca#.XedzzOhKhjE<\/a><\/p>\n<h3>La UCLM restaura en Synthi 100. El sintetizador del gabinete de M\u00fasica Electroac\u00fastica de Cuenca.<\/h3>\n<p>Por\u00a0<a href=\"https:\/\/www.liberaldecastilla.com\/autor\/liberal-de-castilla\">Liberal De Castilla<\/a>\u00a0\/ de\u00a0<a href=\"https:\/\/www.liberaldecastilla.com\/categoria\/cultura\">Cultura<\/a>\u00a0\/ el martes, 03 Dic 2019 08:22 PM \/\u00a0<a href=\"https:\/\/www.liberaldecastilla.com\/la-uclm-restaura-en-synthi-100-el-sintetizador-del-gabinete-de-musica-electroacustica-de-cuenca#respond\">0 Comentarios<\/a>\u00a0\/\u00a0876<\/p>\n<div class=\"wp-block-image\">\n<figure class=\"alignleft\"><img decoding=\"async\" class=\"wp-image-161960\" src=\"https:\/\/www.liberaldecastilla.com\/wp-content\/uploads\/2019\/12\/img-20191125-wa0115-225x300.jpg\" alt=\"\" \/><figcaption>El Synthi 100 y Julio Sanz<\/figcaption><\/figure>\n<\/div>\n<p>Con el apoyo del Patronato Universitario Cardenal Gil de Albornoz, ha comenzado la restauraci\u00f3n del Synthi 100, un sintetizador h\u00edbrido anal\u00f3gico-digital fabricado por Electronic Music Studios Ltd., \u00a0alma mater del hist\u00f3rico Gabinete de M\u00fasica Electroac\u00fastica de Cuenca (GME) que, en sus tiempos de gloria,<\/p>\n<div class=\"wp-block-file\"><a href=\"http:\/\/fuzzygab.uclm.es\/wp-content\/uploads\/2020\/05\/La-UCLM-restaura-en-Synthi-100.-El-sintetizador-del-gabinete-de-Mu%CC%81sica-Electroacu%CC%81stica-de-Cuenca.-_-Liberal-de-Castilla.pdf\"><br \/>\nLa-UCLM-restaura-en-Synthi-100.-El-sintetizador-del-gabinete-de-Mu\u0301sica-Electroacu\u0301stica-de-Cuenca.-_-Liberal-de-Castilla<\/a><a class=\"wp-block-file__button\" href=\"http:\/\/fuzzygab.uclm.es\/wp-content\/uploads\/2020\/05\/La-UCLM-restaura-en-Synthi-100.-El-sintetizador-del-gabinete-de-Mu%CC%81sica-Electroacu%CC%81stica-de-Cuenca.-_-Liberal-de-Castilla.pdf\">Download<\/a><\/div>\n<div><\/div>\n<div><\/div>\n<div><\/div>\n<div><\/div>\n<h1>Diciembre 2015<\/h1>\n<p><a href=\"https:\/\/youtu.be\/DUjfMeSSHSg\" target=\"_blank\" rel=\"noopener\">Tras el Aroma de Oort. Museo de la Ciencia. TV La Regional de CLM<\/a><\/p>\n<p><a href=\"https:\/\/youtu.be\/DUjfMeSSHSg\">https:\/\/youtu.be\/DUjfMeSSHSg<\/a><\/p>\n<h1>Noviembre 2014<\/h1>\n<p><a href=\"http:\/\/www.makingdos.com\/panspermiasonora.html\" target=\"_blank\" rel=\"noopener\">Panspermia Sonora, el sonido hecho arte. Noviembre. Makingdos.<br \/>\n<\/a><\/p>\n<p><a href=\"https:\/\/youtu.be\/Sri7YAZLA1E\">https:\/\/youtu.be\/Sri7YAZLA1E<\/a><\/p>\n<h1>Marzo 2014<\/h1>\n<p><a href=\"https:\/\/youtu.be\/joJmMz3taus\" target=\"_blank\" rel=\"noopener\">Transmisi\u00f3n en Televisi\u00f3n Castilla la Mancha del Concierto realizado en el Teatro-Auditorio de Cuenca entre la asociaci\u00f3n ACuOSO<\/a><\/p>\n<p><a href=\"https:\/\/youtu.be\/joJmMz3taus\">https:\/\/youtu.be\/joJmMz3taus<\/a><\/p>\n<h1>Sept.2008<\/h1>\n<p>\u2022 Programa radio: \u201cnova onda\u201d. Entrevista junto a Ana Navarrete con motivo de la muestra Mi.MO durante la feria de Albacete en la carpa Rock. Centenario Joven. 8\/09\/2008.<\/p>\n<h1>Abr.-May. 2000<\/h1>\n<p>\u2022 Programa especial \u201cartistas tecnol\u00f3gicos\u201d (v\u00eda digital). Programa \u2018Creaci\u00f3n\u2019 en el canal cultural<\/p>\n<h1>May.1998<\/h1>\n<p>\u2022 Programa CANAL C: (canal sat\u00e9lite digital): \u201centrevista sobre arte digital\u201d.<\/p>\n<h1>Jun.1998<\/h1>\n<p>\u2022 Programa \u201cCiberdanos\u201d (CANAL RED 2000 de v\u00eda digital) entrevista personal_ link <a href=\"https:\/\/youtu.be\/mRiCIL2aXJY\" target=\"_blank\" rel=\"noopener\">Video 1<\/a> y <a href=\"https:\/\/youtu.be\/HUAdbK94Uyw\" target=\"_blank\" rel=\"noopener\">2<\/a><\/p>\n<p><a href=\"https:\/\/youtu.be\/mRiCIL2aXJY\">https:\/\/youtu.be\/mRiCIL2aXJY<\/a><\/p>\n<p><a href=\"https:\/\/youtu.be\/HUAdbK94Uyw\">https:\/\/youtu.be\/HUAdbK94Uyw<\/a><\/p>\n<h1>Jun.1998<\/h1>\n<p>\u2022 Programa de RNE-3: \u201cLa ciudad invisible\u201d junto a Jacobo Stuart y Javier Echeverr\u00eda en la presentaci\u00f3n del especial de la revista \u201cEl Paseante\u201d<\/p>\n<h1>Sep. 1998<\/h1>\n<p>\u2022 Programa: \u201cFamili Web\u201d (CANAL RED 2000 de v\u00eda digital). entrevista personal<\/p>\n<h1>Marzo.1997<\/h1>\n<p>\u2022 Programa TVE-2: \u201c<a href=\"https:\/\/youtu.be\/OwkmeSkJ4O0\" target=\"_blank\" rel=\"noopener\">Metr\u00f3polis<\/a>\u201d. Especial arte interactivo coordinado por Mar\u00eda Palier_<a href=\"https:\/\/youtu.be\/OwkmeSkJ4O0\" target=\"_blank\" rel=\"noopener\"> Link Video<\/a><\/p>\n<p>https:\/\/youtu.be\/OwkmeSkJ4O0<\/p>\n","protected":false},"excerpt":{"rendered":"<p>Noviembre 2020 El Gabinete de M\u00fasica Electroac\u00fastica de Cuenca renace y afronta el futuro con optimismo Entrevista de Paco Au\u00f1\u00f3n a Sylvia Molina El Gabinete de M\u00fasica Electroac\u00fastica (GME) se cre\u00f3 en 1983 tras los pasos dados por Jes\u00fas Villa-Rojo, clarinetista y compositor, y director del Conservatorio de Cuenca.En la actualidad el GME est\u00e1 en &hellip; <\/p>\n<p class=\"link-more\"><a href=\"https:\/\/blog.uclm.es\/sylviamolina\/2000\/05\/31\/entrevistas-medios-comunicacion\/\" class=\"more-link\">Continuar leyendo<span class=\"screen-reader-text\"> \u00abEntrevistas Medios Comunicaci\u00f3n\u00bb<\/span><\/a><\/p>\n","protected":false},"author":181,"featured_media":8796,"comment_status":"open","ping_status":"open","sticky":false,"template":"","format":"standard","meta":{"footnotes":""},"categories":[7,19,28,37,52],"tags":[],"class_list":["post-622","post","type-post","status-publish","format-standard","has-post-thumbnail","hentry","category-conferencia-expo-y-conciertos","category-entrevistas","category-history","category-id","category-proy-docente"],"_links":{"self":[{"href":"https:\/\/blog.uclm.es\/sylviamolina\/wp-json\/wp\/v2\/posts\/622","targetHints":{"allow":["GET"]}}],"collection":[{"href":"https:\/\/blog.uclm.es\/sylviamolina\/wp-json\/wp\/v2\/posts"}],"about":[{"href":"https:\/\/blog.uclm.es\/sylviamolina\/wp-json\/wp\/v2\/types\/post"}],"author":[{"embeddable":true,"href":"https:\/\/blog.uclm.es\/sylviamolina\/wp-json\/wp\/v2\/users\/181"}],"replies":[{"embeddable":true,"href":"https:\/\/blog.uclm.es\/sylviamolina\/wp-json\/wp\/v2\/comments?post=622"}],"version-history":[{"count":0,"href":"https:\/\/blog.uclm.es\/sylviamolina\/wp-json\/wp\/v2\/posts\/622\/revisions"}],"wp:featuredmedia":[{"embeddable":true,"href":"https:\/\/blog.uclm.es\/sylviamolina\/wp-json\/wp\/v2\/media\/8796"}],"wp:attachment":[{"href":"https:\/\/blog.uclm.es\/sylviamolina\/wp-json\/wp\/v2\/media?parent=622"}],"wp:term":[{"taxonomy":"category","embeddable":true,"href":"https:\/\/blog.uclm.es\/sylviamolina\/wp-json\/wp\/v2\/categories?post=622"},{"taxonomy":"post_tag","embeddable":true,"href":"https:\/\/blog.uclm.es\/sylviamolina\/wp-json\/wp\/v2\/tags?post=622"}],"curies":[{"name":"wp","href":"https:\/\/api.w.org\/{rel}","templated":true}]}}