{"id":615,"date":"1995-05-31T19:30:26","date_gmt":"1995-05-31T19:30:26","guid":{"rendered":"http:\/\/www3.uclm.es\/profesorado\/symolina\/wordpress\/?p=615"},"modified":"1995-05-31T19:30:26","modified_gmt":"1995-05-31T19:30:26","slug":"artintact-vol-ii-zkm","status":"publish","type":"post","link":"https:\/\/blog.uclm.es\/sylviamolina\/1995\/05\/31\/artintact-vol-ii-zkm\/","title":{"rendered":"artintact vol.II -ZKM"},"content":{"rendered":"<p>::::\u2026::::\u2026:..:.::\u2026::.:.:.::\u2026::\u2026..:..:::..::::\u2026.::::..:::.:..::::::::::::.<\/p>\n<p><strong><em>ZKM- Zentrum f\u00fcr Kunst und Medientechnologien<\/em><\/strong><\/p>\n<p>Dise\u00f1o y colaboraci\u00f3n en la interfaz del proyecto <u>&#8216;Artintact 2&#8217;<\/u><\/p>\n<p>Artintact II fue la segunda revista interactiva editada por el ZKM con obras de los artistas T. Walizky, M. Rogala Y L. Courchese. Dichas obras, todas ellas becadas por el ZKM para su producci\u00f3n, eran instalaciones y la propuesta de <strong>artintact<\/strong> se basaba en la reinterpretaci\u00f3n de dichas instalaciones en un medio como es el CD-ROM. El proyecto se realiz\u00f3 en colaboraci\u00f3n con Volker Kuchelmeister bajo la direcci\u00f3n de Jeffrey Shaw.<\/p>\n<p class=\"p1\"><b><i>Artintact2<\/i><\/b>_ Artists&#8217; Interactive CD-ROM Magazine. Libro+CD-ROM. ZKM (Centro de arte y nuevas tecnolog\u00edas) Karlsruhe (Alemania),1995.<\/p>\n<p class=\"p1\">ISBN_3-89322-715-6<\/p>\n<p class=\"p1\">Revista CD-ROM Interactivo de arte interactivo sobre obras de: <strong>Luc Courchesne, Miroslaw Rogala y Tamas Waliczky.<\/strong><\/p>\n<p class=\"p1\">AUTORES del CD_ROM i: Volker Kuchelmeister; <span class=\"s1\">Sylvia Molina<\/span>\u00a0(de las obras sus autores)<\/p>\n<p class=\"p1\">Otras PUBLICACIONES:<\/p>\n<ul class=\"ul1\">\n<li class=\"li1\">Catalogo &#8216;Work In Progress 1993-1997&#8217; . Associaci\u00f3 de Cultura Contempor\u00e1nea L&#8217;Angelot. Barcelona, 1998. ISBN 84-605-6506-8<\/li>\n<\/ul>\n<p>20\/02\/1995 &#8211; 28\/04\/1995<\/p>\n<p class=\"p1\">LUGARES EXHIBICI\u00d3N:<\/p>\n<p>El proyecto ha sido exhibido y premiado en numerosas ocasiones convirti\u00e9ndolo en uno de los referentes imprescindibles para el arte en CD-ROM.<\/p>\n<ul>\n<li style=\"list-style-type: none\">\n<ul class=\"ul1\">\n<li class=\"li1\"><i>Multimediale 4<\/i>. ZKM_ Zentrum f\u00fcr Kunst und Medientechnologien. Karlsruhe<span class=\"Apple-converted-space\">\u00a0 <\/span>(Alemania) Prototipo Presentado en 1995 junto a la instalaci\u00f3n del mismo nombre<\/li>\n<li class=\"li1\"><i>Muestra internacional \u2018Arte en CD<\/i>-ROM\u2019_ ACC L\u2019Angelot. Barcelona, 1996<\/li>\n<li class=\"li1\"><i>2as Jornadas de arte y medios digitales_ Arte e interactividad<\/i>. www.liminar.com.ar (archivos_jornadas 2000). arte, tecnolog\u00eda y comunicaci\u00f3n en contextos iberoamericanos<i> <\/i><\/li>\n<li class=\"li1\"><i>Sonar Files_ 10 a\u00f1os de S\u00f3nar_ <\/i>5 de mayo a 5 Junio de 2005<\/li>\n<\/ul>\n<\/li>\n<\/ul>\n<p><img loading=\"lazy\" decoding=\"async\" class=\"alignnone size-full wp-image-3014\" src=\"https:\/\/blog.uclm.es\/sylviamolina\/wp-content\/uploads\/sites\/84\/1995\/05\/artintactRojo.jpg\" alt=\"\" width=\"300\" height=\"408\" \/> <img loading=\"lazy\" decoding=\"async\" class=\"alignnone size-full wp-image-3013\" src=\"https:\/\/blog.uclm.es\/sylviamolina\/wp-content\/uploads\/sites\/84\/1995\/05\/artintact1.jpg\" alt=\"\" width=\"1486\" height=\"1000\" \/> <img loading=\"lazy\" decoding=\"async\" class=\"alignnone size-full wp-image-3012\" src=\"https:\/\/blog.uclm.es\/sylviamolina\/wp-content\/uploads\/sites\/84\/1995\/05\/artintact.jpg\" alt=\"\" width=\"160\" height=\"144\" \/> <img loading=\"lazy\" decoding=\"async\" class=\"alignnone size-full wp-image-3011\" src=\"https:\/\/blog.uclm.es\/sylviamolina\/wp-content\/uploads\/sites\/84\/1995\/05\/12485K.jpg\" alt=\"\" width=\"260\" height=\"260\" srcset=\"https:\/\/blog.uclm.es\/sylviamolina\/wp-content\/uploads\/sites\/84\/1995\/05\/12485K.jpg 260w, https:\/\/blog.uclm.es\/sylviamolina\/wp-content\/uploads\/sites\/84\/1995\/05\/12485K-150x150.jpg 150w, https:\/\/blog.uclm.es\/sylviamolina\/wp-content\/uploads\/sites\/84\/1995\/05\/12485K-100x100.jpg 100w\" sizes=\"auto, (max-width: 260px) 100vw, 260px\" \/> <img loading=\"lazy\" decoding=\"async\" class=\"alignnone size-full wp-image-3016\" src=\"https:\/\/blog.uclm.es\/sylviamolina\/wp-content\/uploads\/sites\/84\/1995\/05\/foto_200_2_t.jpg\" alt=\"\" width=\"200\" height=\"150\" \/> <img loading=\"lazy\" decoding=\"async\" class=\"alignnone size-full wp-image-3015\" src=\"https:\/\/blog.uclm.es\/sylviamolina\/wp-content\/uploads\/sites\/84\/1995\/05\/foto_200_1_t.jpg\" alt=\"\" width=\"200\" height=\"150\" \/><\/p>\n<p>.::::\u2026::::\u2026:..:.::\u2026::.:.:.::\u2026::\u2026..:..:::..::::\u2026.::::..:::.:..::::::::::\u2026\u2026\u2026..:..::.<\/p>\n<p>Impacto en la literatura especializada:<\/p>\n<h3>\uf0b7 <a href=\"http:\/\/www.mediascape.info\/ms_zagreb\/DATEN\/public_html\/1995\/zkm.html\">zkm text &#8211; Mediascape<\/a><\/h3>\n<p>www.mediascape.info\/ms_zagreb\/&#8230;\/zkm.html<\/p>\n<p>Assisted by: Sylvia\u00a0<em><strong>Molina<\/strong><\/em>\u00a0Muro Programming: Volker Kuchelmeister\u00a0&#8230;\u00a0(Dieter Daniels, \u00abArs ex machina\u00bb, in. artintact 1).\u00a0<em><strong>artintact 2<\/strong><\/em>. Luc Courchesne (Can).<\/p>\n<h3>\uf0b7 [PDF]<a href=\"http:\/\/legart.drupalgardens.com\/sites\/g\/files\/g384251\/f\/BtIpp88-112_0.pdf\">Catalogue pp88-112 &#8211; Mike Leggett<\/a><\/h3>\n<p>legart.drupalgardens.com\/sites\/&#8230;\/BtIpp88-112_0.pd&#8230;<\/p>\n<p>Sylvia\u00a0<em><strong>Molina<\/strong><\/em>\u00a0Muro (<em><strong>artintact 2<\/strong><\/em>) Programming: Volker. Kuchelmeister Interface Design: Holger lost, Volker. Kucheimeister, Sylvia\u00a0<em><strong>Molina<\/strong><\/em>\u00a0Muro Graphic-Design:.<\/p>\n<p>Visitaste esta p\u00e1gina el 22\/02\/15.<\/p>\n<h3>\uf0b7 <a href=\"http:\/\/on1.zkm.de\/zkm\/stories\/storyreader$513\">ZKM | artintact 2<\/a><\/h3>\n<p>on1.zkm.de\/zkm\/stories\/storyreader$513<\/p>\n<p>ZKM \u00b7 ARCHIV \u00b7 PUBLIKATIONEN.\u00a0<em><strong>artintact 2<\/strong><\/em>. *_Die zweite Ausgabe von artintact erscheint zum Medienkunstfestival MultiMediale 4 &#8230;\u00a0Mitarbeit: Sylvia\u00a0<em><strong>Molina<\/strong><\/em>.<\/p>\n<h3>\uf0b7 <a href=\"http:\/\/on1.zkm.de\/zkm\/stories\/storyReader$5802\">ZKM | Works | Der Wald<\/a><\/h3>\n<p>on1.zkm.de\/zkm\/stories\/storyReader$5802\u00a0&#8211;\u00a0<a href=\"http:\/\/translate.google.es\/translate?hl=es&amp;sl=en&amp;u=http:\/\/on1.zkm.de\/zkm\/stories\/storyReader%245802&amp;prev=search\">Traducir esta p\u00e1gina<\/a><\/p>\n<p>published in\u00a0<em><strong>artintact 2<\/strong><\/em>\u00a0[1995]. Credits. Computer animation ::\u00a0&#8230;\u00a0CD-ROM adaptation: Volker Kuchelmeister, assisted by Sylvia\u00a0<em><strong>Molina<\/strong><\/em>\u00a0Muro \u00b7 Production: ZKM\u00a0\u00a0&#8230;<\/p>\n<h3>\uf0b7 <a href=\"http:\/\/www.liminar.com.ar\/Archivo\/JOR\/00\/internac.html\">En Abstracto &#8211; Liminar<\/a><\/h3>\n<p>www.liminar.com.ar\/Archivo\/JOR\/00\/internac.html<\/p>\n<p><em><strong>Artintact 2<\/strong><\/em>\u00a0Center for Art and Media (ZKM)\u00a0&#8230;\u00a0de arte editados en Espa\u00f1a, Opus 1 presenta dos obras: Ovum (Proyecto \u00df) y Fuge\/Lemoine (Sylvia\u00a0<em><strong>Molina<\/strong><\/em>).<\/p>\n<h3>\uf0b7 [PDF]<a href=\"http:\/\/sweb.cityu.edu.hk\/sm1701\/2012_FALL\/Jhave\/readings\/artintact\/English.pdf\">artintact &#8211; SCM Sweb &#8211; City University of Hong Kong<\/a><\/h3>\n<p>sweb.cityu.edu.hk\/sm1701\/2012_FALL\/Jhave\/readings\/&#8230;\/English.pdf<\/p>\n<p><em><strong>artintact 2<\/strong><\/em>. In autumn 1994 we presented artintact 1 to the public at the Frankfurt Book Fair. This was an initial\u00a0&#8230;&#8230;\u00a0Silvia\u00a0<em><strong>Molina<\/strong><\/em>\u00a0Muro. \u00a9 2002der Essays bei den.<\/p>\n<h3>\uf0b7 <a href=\"https:\/\/www.itaucultural.org.br\/invencao\/papers\/129.htm\">inven\u00e7\u00e3o<\/a><\/h3>\n<p>https:\/\/www.itaucultural.org.br\/invencao\/&#8230;\/129.htm<\/p>\n<p>Millares, Juan;\u00a0<em><strong>Molina<\/strong><\/em>, Sylvia. Title:\u00a0&#8230;.\u00a0Ovum and Brandenburg 3), collaborated in various group productions (<em><strong>Artintact 2<\/strong><\/em>, Robert Wilson, Place by Jeffrey Shaw.<\/p>\n<h3>\uf0b7 <a href=\"https:\/\/www.yumpu.com\/de\/document\/view\/9122189\/aia-1-pdf-slavko-kacunko\/133\">artintact 2 132 Impressum &#8211; Yumpu<\/a><\/h3>\n<p>https:\/\/www.yumpu.com\/de\/document\/view\/&#8230;\/133<\/p>\n<p><em><strong>artintact 2<\/strong><\/em>\u00a0132 Impressum 133 artintact.<\/p>\n<h3>\uf0b7 [PDF]<a href=\"http:\/\/sliderslab.com\/pages_fr\/PDF\/\/RECHERCHES\/05_projet_SLIDERS.pdf\">Sommaire &#8211; Sliders<\/a><\/h3>\n<p>sliderslab.com\/pages_fr\/&#8230;\/05_projet_SLIDERS.pdf<\/p>\n<p><em><strong>Artintact 2<\/strong><\/em>, CD RoMagazin, Luc Courchesne, Miroslav Rogala, Tamas Waliczky,. ZKM\/Zentrum f\u00fcr Kunst\u00a0&#8230;&#8230;\u00a0artistique : Roger\u00a0<em><strong>MOLINA<\/strong><\/em>. [1991]. \u2022 Assistant de\u00a0\u00a0&#8230;<\/p>\n<h3>\uf0b7 [PDF]<a href=\"http:\/\/www.vasulka.org\/archive\/ExhFest6\/ZKM\/ZKMediagramm95.pdf\">Mediagramm : Zeitung des ZKM &#8211; The Vasulkas<\/a><\/h3>\n<p>www.vasulka.org\/archive\/&#8230;\/ZKMediagramm95.pdf<\/p>\n<p>11 de abr. de 1995 &#8211;\u00a0artintact 1 and\u00a0<em><strong>artintact 2<\/strong><\/em>. Das CD-ROM-Magazin\u00a0&#8230;.\u00a0unten: Sylvia<em><strong>Molina<\/strong><\/em>\u00a0Muro stellt ein CD-ROM-Projekt vor, das eine Bach&#8217;sche Fuge zu\u00a0\u00a0&#8230;<\/p>\n<h3>\uf0b7 <a href=\"http:\/\/www.artbook.com\/hacapu.html\">Hatje Cantz&#8217;s &#8211; Hatje Cantz DAP Client Publisher &#8230;<\/a><\/h3>\n<p>www.artbook.com\/hacapu.html<\/p>\n<p>&#8230;\u00a0Umberto Buonomo, Macarena Cort\u00e9s, Crist\u00f3bal\u00a0<em><strong>Molina<\/strong><\/em>, Hugo Mondrag\u00f3n,\u00a0&#8230;&#8230;<em><strong>Artintact 2<\/strong><\/em>. CANTZ. Paperback, 6 1 \/ 4 x 8 1 \/ 4 in. \/ 112 pgs | 9\/2\/1995 | Not\u00a0\u00a0&#8230;<\/p>\n<h3>\uf0b7 <a href=\"http:\/\/radaris.de\/p\/Jost\/Volker\/\">Jost Volker &#8211; Radaris.de<\/a><\/h3>\n<p>radaris.de\/p\/Jost\/Volker\/\u00a0&#8211;\u00a0<a href=\"http:\/\/translate.google.es\/translate?hl=es&amp;sl=de&amp;u=http:\/\/radaris.de\/p\/Jost\/Volker\/&amp;prev=search\">Traducir esta p\u00e1gina<\/a><\/p>\n<p>Holger Jost, Volker Kuchelmeister, Sylvia\u00a0<em><strong>Molina<\/strong><\/em>\u00a0Muro (Interface Design) \u00b7Kooperation:&#8230;\u00a0Interactive version on CD-ROM published in &#8211; &gt; \u00ab<em><strong>artintact 2<\/strong><\/em>\u00bb (1995):\u00a0\u00a0&#8230;<\/p>\n<h3>\uf0b7 <a href=\"http:\/\/collections.cinematheque.qc.ca\/recherche\/multi?q%5B0%5D=jean-marc+vall%C3%A9e&amp;form_operator%5B0%5D=+&amp;form_field%5B0%5D=*&amp;core=oeuvres&amp;fq%5B0%5D=Pays:%22Espagne%22&amp;page=1\">jean-marc vall\u00e9e &#8211; La Cin\u00e9math\u00e8que qu\u00e9b\u00e9coise<\/a><\/h3>\n<p>collections.cinematheque.qc.ca\/recherche\/multi?&#8230;*&#8230;<\/p>\n<p>&#8230;\u00a0Angela\u00a0<em><strong>Molina<\/strong><\/em>\u00a0[Interpr\u00e9tation] (2) \u00b7 Antonio Ramirez [Montage images] (2) \u00b7 Enrico Maria\u00a0&#8230;&#8230;\u00a0(1995) (1) \u00b7\u00a0<em><strong>Artintact 2<\/strong><\/em>\u00a0: CD-ROMagazin interaktiver Kunst = artists&#8217;\u00a0\u00a0&#8230;<\/p>\n<h3>\uf0b7 <a href=\"http:\/\/collections.cinematheque.qc.ca\/recherche\/multi?q%5B0%5D=jean-marc+vall%C3%A9e&amp;form_operator%5B0%5D=+&amp;form_field%5B0%5D=*&amp;core=oeuvres&amp;fq%5B0%5D=Langue:%22latin%22&amp;page=1\">jean-marc vall\u00e9e &#8211; La Cin\u00e9math\u00e8que qu\u00e9b\u00e9coise<\/a><\/h3>\n<p>collections.cinematheque.qc.ca\/recherche\/multi?&#8230;*&#8230;<\/p>\n<p>&#8230;\u00a0Alessandro Baricco [Source originale] (1) \u00b7 Alfred\u00a0<em><strong>Molina<\/strong><\/em>\u00a0[Interpr\u00e9tation] (1) \u00b7 Andr\u00e9&#8230;&#8230;\u00a0(1995) (1) \u00b7\u00a0<em><strong>Artintact 2<\/strong><\/em>\u00a0: CD-ROMagazin interaktiver Kunst = artists&#8217;\u00a0\u00a0&#8230;<\/p>\n<p><a href=\"http:\/\/www3.uclm.es\/profesorado\/symolina\/websanteriores\/2007\/04Verde_becasCursosTrabajos\/artintact\/zkmlinks.htm\" target=\"_blank\" rel=\"noopener\">+ links<\/a><\/p>\n<p>::::::::::::::::::::::::::::::::::::::::::::::::::::::::::::::::::::::::::::::::::::::::::::::::::::::::::::[:]<\/p>\n","protected":false},"excerpt":{"rendered":"<p>::::\u2026::::\u2026:..:.::\u2026::.:.:.::\u2026::\u2026..:..:::..::::\u2026.::::..:::.:..::::::::::::. ZKM- Zentrum f\u00fcr Kunst und Medientechnologien Dise\u00f1o y colaboraci\u00f3n en la interfaz del proyecto &#8216;Artintact 2&#8217; Artintact II fue la segunda revista interactiva editada por el ZKM con obras de los artistas T. Walizky, M. Rogala Y L. Courchese. Dichas obras, todas ellas becadas por el ZKM para su producci\u00f3n, eran instalaciones y la &hellip; <\/p>\n<p class=\"link-more\"><a href=\"https:\/\/blog.uclm.es\/sylviamolina\/1995\/05\/31\/artintact-vol-ii-zkm\/\" class=\"more-link\">Continuar leyendo<span class=\"screen-reader-text\"> \u00abartintact vol.II -ZKM\u00bb<\/span><\/a><\/p>\n","protected":false},"author":181,"featured_media":8863,"comment_status":"open","ping_status":"open","sticky":false,"template":"","format":"standard","meta":{"footnotes":""},"categories":[73,12,36,37,54,72],"tags":[],"class_list":["post-615","post","type-post","status-publish","format-standard","has-post-thumbnail","hentry","category-1994-95_artintact","category-cv-part01","category-interactivos","category-id","category-proyectos-de-encargo","category-zkm_-karlsruhe-d"],"_links":{"self":[{"href":"https:\/\/blog.uclm.es\/sylviamolina\/wp-json\/wp\/v2\/posts\/615","targetHints":{"allow":["GET"]}}],"collection":[{"href":"https:\/\/blog.uclm.es\/sylviamolina\/wp-json\/wp\/v2\/posts"}],"about":[{"href":"https:\/\/blog.uclm.es\/sylviamolina\/wp-json\/wp\/v2\/types\/post"}],"author":[{"embeddable":true,"href":"https:\/\/blog.uclm.es\/sylviamolina\/wp-json\/wp\/v2\/users\/181"}],"replies":[{"embeddable":true,"href":"https:\/\/blog.uclm.es\/sylviamolina\/wp-json\/wp\/v2\/comments?post=615"}],"version-history":[{"count":0,"href":"https:\/\/blog.uclm.es\/sylviamolina\/wp-json\/wp\/v2\/posts\/615\/revisions"}],"wp:featuredmedia":[{"embeddable":true,"href":"https:\/\/blog.uclm.es\/sylviamolina\/wp-json\/wp\/v2\/media\/8863"}],"wp:attachment":[{"href":"https:\/\/blog.uclm.es\/sylviamolina\/wp-json\/wp\/v2\/media?parent=615"}],"wp:term":[{"taxonomy":"category","embeddable":true,"href":"https:\/\/blog.uclm.es\/sylviamolina\/wp-json\/wp\/v2\/categories?post=615"},{"taxonomy":"post_tag","embeddable":true,"href":"https:\/\/blog.uclm.es\/sylviamolina\/wp-json\/wp\/v2\/tags?post=615"}],"curies":[{"name":"wp","href":"https:\/\/api.w.org\/{rel}","templated":true}]}}