{"id":6047,"date":"2020-05-12T09:40:06","date_gmt":"2020-05-12T07:40:06","guid":{"rendered":"http:\/\/blog.uclm.es\/symolina\/?p=6047"},"modified":"2020-05-12T09:40:06","modified_gmt":"2020-05-12T07:40:06","slug":"comienza-la-promocion-de-dialogos-inesperados","status":"publish","type":"post","link":"https:\/\/blog.uclm.es\/sylviamolina\/2020\/05\/12\/comienza-la-promocion-de-dialogos-inesperados\/","title":{"rendered":"Cuenta atr\u00e1s de la promoci\u00f3n de &#8216;Di\u00e1logos Inesperados&#8217;"},"content":{"rendered":"\n<p>ISBN:&nbsp;978-84-09-16756-2<\/p>\n\n\n\n<p>Con motivo del confinamiento debido al COVID-19, la fecha de la inauguraci\u00f3n de la exposici\u00f3n &#8216;Narrativas Borrosas&#8217; prevista del 1 de Abril al 7 de Junio de 2020 ha sido aplazada hasta nueva fecha a\u00fan sin determinar.<\/p>\n\n\n\n<p>Debido a ello, se ha tomado la decisi\u00f3n de promocionar el libro hasta que la situaci\u00f3n se &#8216;normalice&#8217;, haciendo un 15% de descuento sobre el P.V.P. <strong>hasta el 18 de Mayo de 2020.<\/strong><\/p>\n\n\n\n<p>Espero disfruten de su ejemplar.<\/p>\n\n\n\n<div class=\"wp-block-group\"><div class=\"wp-block-group__inner-container is-layout-flow wp-block-group-is-layout-flow\">\n<figure class=\"wp-block-gallery columns-3 is-cropped wp-block-gallery-1 is-layout-flex wp-block-gallery-is-layout-flex\"><ul class=\"blocks-gallery-grid\"><li class=\"blocks-gallery-item\"><figure><img decoding=\"async\" src=\"http:\/\/sylviamolina.es\/wp-content\/uploads\/2020\/05\/Promo15.jpg\" alt=\"\" data-id=\"6049\" class=\"wp-image-6049\" \/><\/figure><\/li><li class=\"blocks-gallery-item\"><figure><img decoding=\"async\" src=\"https:\/\/sylviamolina.es\/files\/2020\/05\/GraficaBolsa-760x760.png\" alt=\"\" data-id=\"6051\" data-link=\"https:\/\/sylviamolina.es\/2020\/05\/12\/comienza-la-promocion-de-dialogos-inesperados\/graficabolsa\/\" class=\"wp-image-6051\" \/><\/figure><\/li><li class=\"blocks-gallery-item\"><figure><img decoding=\"async\" src=\"https:\/\/sylviamolina.es\/files\/2020\/05\/IMG_6764-449x760.jpg\" alt=\"\" data-id=\"6052\" data-full-url=\"https:\/\/sylviamolina.es\/files\/2020\/05\/IMG_6764-scaled.jpg\" data-link=\"https:\/\/sylviamolina.es\/2020\/05\/12\/comienza-la-promocion-de-dialogos-inesperados\/img_6764\/\" class=\"wp-image-6052\" \/><\/figure><\/li><\/ul><\/figure>\n<\/div><\/div>\n\n\n\n<div class=\"wp-block-button\"><a class=\"wp-block-button__link\" href=\"http:\/\/sylviamolina.es\/wp-content\/uploads\/2020\/05\/SylviaMolina_Dia%CC%81logosInesperados_Promo.pdf\">descarga pdf<\/a><\/div>\n\n\n\n<p><\/p>\n\n\n\n<p>Di\u00e1logos Inesperados es un proyecto dif\u00edcil de catalogar. Por sus dibujos, troqueles, cosidos y lenguaje intermedial con el texto. Por sus textos, entre la ficci\u00f3n y el ensayo. Por su encuadernaci\u00f3n, entre el libro y el cuaderno (nace de forma manuscrita \u00edntegramente en tinta china) podr\u00edamos catalogarlo como \u2018libro de artista\u2019. Di\u00e1logos Inesperados es lo que ES, sin poder catalogarlo con exactitud al igual que su autora, siempre posicionada en el \u2018ENTRE\u2019, en el espacio intermedio entre la m\u00fasica y la pl\u00e1stica, el arte y la tecnolog\u00eda, el objeto anal\u00f3gico y lo digital, la escritura y la imagen. As\u00ed, citando el inicio del proyecto: <\/p>\n\n\n\n<blockquote class=\"wp-block-quote is-layout-flow wp-block-quote-is-layout-flow\"><p> \u201cQuer\u00eda desde hace tiempo sentar a la misma mesa a Bach con Vilem Flusser, a Deleuze con Giordano Bruno, a Borges entrometi\u00e9ndose en las conversaciones mientras que Pavi\u0107 se deleitaba entre los dos espejos, los tiempos diversos, los conjuntos difusos. Rupert Sheldrake defin\u00eda los canon de Bach como su campo morfogen\u00e9tico y \u00e9ste discut\u00eda a su vez con Umberto Eco sobre la obra abierta. Todos charlaban, tomaban una copa de vino poco antes de irse a caminar y encontrarse con Baudelaire paseando en la deriva con Guy Debord y Benjamin. \u00ab<\/p><cite>&#8216;Di\u00e1logos Inesperados&#8217; Sylvia Molina<\/cite><\/blockquote>\n","protected":false},"excerpt":{"rendered":"<p>ISBN:&nbsp;978-84-09-16756-2 Con motivo del confinamiento debido al COVID-19, la fecha de la inauguraci\u00f3n de la exposici\u00f3n &#8216;Narrativas Borrosas&#8217; prevista del 1 de Abril al 7 de Junio de 2020 ha sido aplazada hasta nueva fecha a\u00fan sin determinar. Debido a ello, se ha tomado la decisi\u00f3n de promocionar el libro hasta que la situaci\u00f3n se &hellip; <\/p>\n<p class=\"link-more\"><a href=\"https:\/\/blog.uclm.es\/sylviamolina\/2020\/05\/12\/comienza-la-promocion-de-dialogos-inesperados\/\" class=\"more-link\">Continuar leyendo<span class=\"screen-reader-text\"> \u00abCuenta atr\u00e1s de la promoci\u00f3n de &#8216;Di\u00e1logos Inesperados&#8217;\u00bb<\/span><\/a><\/p>\n","protected":false},"author":181,"featured_media":7939,"comment_status":"closed","ping_status":"open","sticky":false,"template":"","format":"standard","meta":{"footnotes":""},"categories":[15,20,42],"tags":[],"class_list":["post-6047","post","type-post","status-publish","format-standard","has-post-thumbnail","hentry","category-dialogos-inesperados","category-escritos","category-kintsugi"],"_links":{"self":[{"href":"https:\/\/blog.uclm.es\/sylviamolina\/wp-json\/wp\/v2\/posts\/6047","targetHints":{"allow":["GET"]}}],"collection":[{"href":"https:\/\/blog.uclm.es\/sylviamolina\/wp-json\/wp\/v2\/posts"}],"about":[{"href":"https:\/\/blog.uclm.es\/sylviamolina\/wp-json\/wp\/v2\/types\/post"}],"author":[{"embeddable":true,"href":"https:\/\/blog.uclm.es\/sylviamolina\/wp-json\/wp\/v2\/users\/181"}],"replies":[{"embeddable":true,"href":"https:\/\/blog.uclm.es\/sylviamolina\/wp-json\/wp\/v2\/comments?post=6047"}],"version-history":[{"count":0,"href":"https:\/\/blog.uclm.es\/sylviamolina\/wp-json\/wp\/v2\/posts\/6047\/revisions"}],"wp:featuredmedia":[{"embeddable":true,"href":"https:\/\/blog.uclm.es\/sylviamolina\/wp-json\/wp\/v2\/media\/7939"}],"wp:attachment":[{"href":"https:\/\/blog.uclm.es\/sylviamolina\/wp-json\/wp\/v2\/media?parent=6047"}],"wp:term":[{"taxonomy":"category","embeddable":true,"href":"https:\/\/blog.uclm.es\/sylviamolina\/wp-json\/wp\/v2\/categories?post=6047"},{"taxonomy":"post_tag","embeddable":true,"href":"https:\/\/blog.uclm.es\/sylviamolina\/wp-json\/wp\/v2\/tags?post=6047"}],"curies":[{"name":"wp","href":"https:\/\/api.w.org\/{rel}","templated":true}]}}