{"id":587,"date":"1997-02-11T08:02:19","date_gmt":"1997-02-11T08:02:19","guid":{"rendered":"http:\/\/www3.uclm.es\/profesorado\/symolina\/wordpress\/?p=587"},"modified":"1997-02-11T08:02:19","modified_gmt":"1997-02-11T08:02:19","slug":"httpwww3-uclm-esprofesoradosymolinawebsanteriores200705amarillo_investigacionproyectobetapaginasproybetapbeta0-htm","status":"publish","type":"post","link":"https:\/\/blog.uclm.es\/sylviamolina\/1997\/02\/11\/httpwww3-uclm-esprofesoradosymolinawebsanteriores200705amarillo_investigacionproyectobetapaginasproybetapbeta0-htm\/","title":{"rendered":"Proyecto \u00df"},"content":{"rendered":"<p>[:en]<\/p>\n<p><img loading=\"lazy\" decoding=\"async\" class=\"alignnone size-full wp-image-3367\" src=\"http:\/\/sylviamolina.es\/wp-content\/uploads\/2003\/06\/beta.gif\" alt=\"\" width=\"32\" height=\"32\" \/><\/p>\n<table>\n<tbody>\n<tr>\n<td><img loading=\"lazy\" decoding=\"async\" class=\"alignnone size-full wp-image-3368\" src=\"http:\/\/sylviamolina.es\/wp-content\/uploads\/2003\/06\/betaIni.gif\" alt=\"\" width=\"210\" height=\"305\" \/><img loading=\"lazy\" decoding=\"async\" src=\"http:\/\/www3.uclm.es\/profesorado\/symolina\/websanteriores\/2007\/05amarillo_investigacion\/proyectoBeta\/PaginasProyBETA\/pixelN.gif\" width=\"3\" height=\"600\" align=\"TOP\" \/><\/td>\n<td><img loading=\"lazy\" decoding=\"async\" src=\"http:\/\/www3.uclm.es\/profesorado\/symolina\/websanteriores\/2007\/05amarillo_investigacion\/proyectoBeta\/PaginasProyBETA\/pixel.gif\" width=\"5\" height=\"600\" align=\"TOP\" \/><\/td>\n<td>El grupo <b>Proyecto \u00df<\/b> nace en Madrid en 1994 desarrollando instalaciones interactivas, CD-ROM y proyectos abiertos en la Red hasta principios de 1997.<\/p>\n<p>Desde entonces los trabajos y proyectos realizados son los siguientes:<\/p>\n<dl>\n<dt><tt>1997 <\/tt><\/dt>\n<dd>Presentaci\u00f3n y edici\u00f3n del CD-ROM \u00abOPUS1\u00bb, dentro del Congreso Internacional \u00abArte en la era electr\u00f3nica, perspectivas de una nueva est\u00e9tica\u00bb. Barcelona.<\/dd>\n<dt><tt>1996 <\/tt><\/dt>\n<dd>Montaje de la instalaci\u00f3n interactiva \u00abinexterno\u00bb en L&#8217;Angelot (Asociaci\u00f3 de Cultura Contempor\u00e1nia). Barcelona. Subvencionado por el Ministerio de Cultura.<\/dd>\n<dd>Profesores de los cursos de multimedia e Internet impartidos por el Instituto Universitario de Ciencias Avanzadas (IUCCAA). Facultad de Ciencias de la Informaci\u00f3n. U. Complutense de Madrid. Subvencionado por la Comunidad Europea.<\/dd>\n<dd>Planteamiento interactivo en la Red: \u00abinteractualiti\u00bb. Revista online. Connect-Arte.<\/dd>\n<dd>Exposici\u00f3n Internacional Sonar. Presentaci\u00f3n del CD-ROM: Ovum. Barcelona.<\/dd>\n<dd>Exposici\u00f3n Internacional Arte en CD-ROM. Presentaci\u00f3n del CD-ROM: Ovum. ACC L&#8217;Angelot&#8217;. Barcelona.<\/dd>\n<dt><tt>1994 <\/tt><\/dt>\n<dd>Instalaci\u00f3n sonoro-digital: Realidad Irrealidad. Party Boom. Art Futura. Madrid.<\/dd>\n<dd>Colaboraci\u00f3n en el montaje de la Exposici\u00f3n de Clausura de los Talleres de Arte Actual del C\u00edrculo de Bellas Artes. Madrid.<\/dd>\n<\/dl>\n<\/td>\n<\/tr>\n<\/tbody>\n<\/table>\n<p><a name=\"trayectoria\"><\/a><a href=\"http:\/\/www3.uclm.es\/profesorado\/symolina\/websanteriores\/2007\/05amarillo_investigacion\/proyectoBeta\/PaginasProyBETA\/pbeta0.htm\" target=\"_blank\" rel=\"noopener\">link a la web<\/a><\/p>\n<p><img loading=\"lazy\" decoding=\"async\" class=\"alignnone size-full wp-image-3437\" src=\"http:\/\/sylviamolina.es\/wp-content\/uploads\/1997\/02\/proyectoBeta1.jpg\" alt=\"\" width=\"634\" height=\"476\" \/><br \/>\n<b><span style=\"font-size: x-large\">QU\u00c9 SOMOS<\/span><\/b><\/p>\n<p><span style=\"font-size: medium\">El grupo Proyecto \u00df ha tomado del lenguaje inform\u00e1tico la \u00df como universo de pruebas, elemento de desarrollo continuo y evoluci\u00f3n de los medios en un constante contacto con los usuarios.<\/span><br \/>\n<a name=\"hacemos\"><\/a><\/p>\n<p><b><span style=\"font-size: x-large\">QU\u00c9 HACEMOS<\/span><\/b><\/p>\n<p><span style=\"font-size: medium\">Desarrollamos proyectos interactivos en el \u00e1rea de las nuevas comunicaciones, centr\u00e1ndonos sobre todo en productos Multimedia: CD-ROM, Internet&#8230;<\/span><\/p>\n<p><b><span style=\"font-size: x-large\">QUI\u00c9NES SOMOS<\/span><\/b><\/p>\n<table>\n<tbody>\n<tr valign=\"TOP\">\n<td><img loading=\"lazy\" decoding=\"async\" class=\"alignnone size-full wp-image-3438\" src=\"https:\/\/blog.uclm.es\/sylviamolina\/wp-content\/uploads\/sites\/84\/1997\/02\/daniel.gif\" alt=\"\" width=\"104\" height=\"103\" srcset=\"https:\/\/blog.uclm.es\/sylviamolina\/wp-content\/uploads\/sites\/84\/1997\/02\/daniel.gif 104w, https:\/\/blog.uclm.es\/sylviamolina\/wp-content\/uploads\/sites\/84\/1997\/02\/daniel-100x100.gif 100w\" sizes=\"auto, (max-width: 104px) 100vw, 104px\" \/><\/td>\n<td><span style=\"font-size: medium\"><strong>Daniel<\/strong>, Licenciado en Inform\u00e1tica por la Universidad Polit\u00e9cnica de Madrid. Investiga en el Departamento de Inteligencia Artificial de la misma. Desarrolla proyectos en entornos Unix, Mac, PC y en Internet. <\/span><\/td>\n<\/tr>\n<\/tbody>\n<\/table>\n<table>\n<tbody>\n<tr valign=\"TOP\">\n<td align=\"right\"><span style=\"font-size: medium\"><strong><img loading=\"lazy\" decoding=\"async\" class=\"alignnone wp-image-3442\" src=\"https:\/\/blog.uclm.es\/sylviamolina\/wp-content\/uploads\/sites\/84\/1997\/02\/robert.gif\" alt=\"\" width=\"38\" height=\"41\" \/>Robert<\/strong>, experto en imagen. Ha pasado del lenguaje qu\u00edmico de la mol\u00e9cula de nitrato de plata al lenguaje l\u00f3gico del pixel. Trabaja en fotograf\u00eda profesional y art\u00edstica.<\/span><\/td>\n<td><\/td>\n<\/tr>\n<\/tbody>\n<\/table>\n<table>\n<tbody>\n<tr valign=\"TOP\">\n<td><img loading=\"lazy\" decoding=\"async\" class=\"alignnone size-full wp-image-3439\" src=\"https:\/\/blog.uclm.es\/sylviamolina\/wp-content\/uploads\/sites\/84\/1997\/02\/ric.gif\" alt=\"\" width=\"62\" height=\"110\" \/><\/td>\n<td><span style=\"font-size: medium\"><strong>Ricardo<\/strong>, Licenciado en Filosof\u00eda y Letras por la U.A.M., investiga los razonamientos est\u00e9ticos dentro de las nuevas tecnolog\u00edas, ampliando as\u00ed sus conocimientos en estos medios. Actualmente imparte clases de Multimedia en un centro Apple en Madrid.<\/span><\/td>\n<\/tr>\n<\/tbody>\n<\/table>\n<table>\n<tbody>\n<tr valign=\"TOP\">\n<td align=\"right\"><span style=\"font-size: medium\"><img loading=\"lazy\" decoding=\"async\" class=\"alignnone wp-image-3440\" src=\"https:\/\/blog.uclm.es\/sylviamolina\/wp-content\/uploads\/sites\/84\/1997\/02\/sylvia.gif\" alt=\"\" width=\"59\" height=\"45\" \/><strong>Sylvia<\/strong>, desde el 91 desarrolla su Tesis Doctoral (BB.AA.) sobre la sinestesia sonoro-visual en el Computador entre Espa\u00f1a y el extranjero (Alemania &#8211; ZKM Karlsruhe &#8211; Nueva York &#8211; Riverbed). Formaci\u00f3n musical cl\u00e1sica y electroac\u00fastica -G.M.E.-<\/span><\/td>\n<td><\/td>\n<\/tr>\n<\/tbody>\n<\/table>\n<table>\n<tbody>\n<tr valign=\"TOP\">\n<td><img loading=\"lazy\" decoding=\"async\" class=\"alignnone size-full wp-image-3441\" src=\"https:\/\/blog.uclm.es\/sylviamolina\/wp-content\/uploads\/sites\/84\/1997\/02\/rosa.gif\" alt=\"\" width=\"139\" height=\"88\" \/><\/td>\n<td valign=\"center\"><span style=\"font-size: medium\"><strong>Rosa<\/strong>, Licenciada en Bellas artes, toma desde hace a\u00f1os los nuevos medios como herramienta para el desarrollo de su simbolog\u00eda en la pl\u00e1stica. Posteriormente abarca m\u00e1s disciplinas dentro del campo de la infograf\u00eda.<\/span><\/td>\n<\/tr>\n<\/tbody>\n<\/table>\n<p>[:]<\/p>\n","protected":false},"excerpt":{"rendered":"<p>[:en] El grupo Proyecto \u00df nace en Madrid en 1994 desarrollando instalaciones interactivas, CD-ROM y proyectos abiertos en la Red hasta principios de 1997. Desde entonces los trabajos y proyectos realizados son los siguientes: 1997 Presentaci\u00f3n y edici\u00f3n del CD-ROM \u00abOPUS1\u00bb, dentro del Congreso Internacional \u00abArte en la era electr\u00f3nica, perspectivas de una nueva est\u00e9tica\u00bb. &hellip; <\/p>\n<p class=\"link-more\"><a href=\"https:\/\/blog.uclm.es\/sylviamolina\/1997\/02\/11\/httpwww3-uclm-esprofesoradosymolinawebsanteriores200705amarillo_investigacionproyectobetapaginasproybetapbeta0-htm\/\" class=\"more-link\">Continuar leyendo<span class=\"screen-reader-text\"> \u00abProyecto \u00df\u00bb<\/span><\/a><\/p>\n","protected":false},"author":181,"featured_media":7639,"comment_status":"open","ping_status":"open","sticky":false,"template":"","format":"standard","meta":{"footnotes":""},"categories":[13,24,35,36,53],"tags":[],"class_list":["post-587","post","type-post","status-publish","format-standard","has-post-thumbnail","hentry","category-cv_part02","category-exposiciones","category-instalaciones","category-interactivos","category-proyecto-s"],"_links":{"self":[{"href":"https:\/\/blog.uclm.es\/sylviamolina\/wp-json\/wp\/v2\/posts\/587","targetHints":{"allow":["GET"]}}],"collection":[{"href":"https:\/\/blog.uclm.es\/sylviamolina\/wp-json\/wp\/v2\/posts"}],"about":[{"href":"https:\/\/blog.uclm.es\/sylviamolina\/wp-json\/wp\/v2\/types\/post"}],"author":[{"embeddable":true,"href":"https:\/\/blog.uclm.es\/sylviamolina\/wp-json\/wp\/v2\/users\/181"}],"replies":[{"embeddable":true,"href":"https:\/\/blog.uclm.es\/sylviamolina\/wp-json\/wp\/v2\/comments?post=587"}],"version-history":[{"count":0,"href":"https:\/\/blog.uclm.es\/sylviamolina\/wp-json\/wp\/v2\/posts\/587\/revisions"}],"wp:featuredmedia":[{"embeddable":true,"href":"https:\/\/blog.uclm.es\/sylviamolina\/wp-json\/wp\/v2\/media\/7639"}],"wp:attachment":[{"href":"https:\/\/blog.uclm.es\/sylviamolina\/wp-json\/wp\/v2\/media?parent=587"}],"wp:term":[{"taxonomy":"category","embeddable":true,"href":"https:\/\/blog.uclm.es\/sylviamolina\/wp-json\/wp\/v2\/categories?post=587"},{"taxonomy":"post_tag","embeddable":true,"href":"https:\/\/blog.uclm.es\/sylviamolina\/wp-json\/wp\/v2\/tags?post=587"}],"curies":[{"name":"wp","href":"https:\/\/api.w.org\/{rel}","templated":true}]}}