{"id":582,"date":"2014-12-02T10:32:00","date_gmt":"2014-12-02T10:32:00","guid":{"rendered":"http:\/\/www3.uclm.es\/profesorado\/symolina\/wordpress\/?p=582"},"modified":"2014-12-02T10:32:00","modified_gmt":"2014-12-02T10:32:00","slug":"espacios-sonoros-y-audiovisuales-2014","status":"publish","type":"post","link":"https:\/\/blog.uclm.es\/sylviamolina\/2014\/12\/02\/espacios-sonoros-y-audiovisuales-2014\/","title":{"rendered":"ESPACIOS SONOROS y AUDIOVISUALES 2014"},"content":{"rendered":"<p>Espacios Sonoros y Audiovisuales es una iniciativa acad\u00e9mica de Jose Luis Carles y Adolfo N\u00fa\u00f1ez que surge en 2013 en la Universidad Aut\u00f3noma de Madrid, recogiendo diversas propuestas desde la investigaci\u00f3n multidisciplinar, la experimentaci\u00f3n y la creaci\u00f3n art\u00edstica en torno a un tratamiento integrador del sonido.<\/p>\n<p><strong>La publicaci\u00f3n: ESPACIOS SONOROS y AUDIOVISUALES 2014. Experimentaci\u00f3n Sensorial y Escucha Activa<\/strong>.<\/p>\n<p>\u00abTradicionalmente el espacio en la m\u00fasica se sit\u00faa en el plano abstracto de la partitura (altura tonal, melod\u00eda, movimiento) o en el meramente evocativo (de paisajes, naturaleza, ciudades\u2026) Y se parte de un concepto b\u00e1sico, el de \u201cespacio sonoro\u201d para plantear un an\u00e1lisis musicol\u00f3gico integral del fen\u00f3meno sonoro estableciendo un espacio de encuentro entre disciplinas con un objetivo compartido que tienen su punto de encuentro en este volumen\u00bb<\/p>\n<p>http:\/\/libros-espaciossonoros2014-2015-2016.blogspot.com.es\/2016\/05\/publicacion-2014.html<br><strong>ADVERTENCIA: Esta publicaci\u00f3n es GRATUITA. La descarga de una web o de un blog de esta Publicaci\u00f3n, exigiendo un pago o contraprestaci\u00f3n econ\u00f3mica, es un delito tipificado legalmente de acuerdo a la Ley de la Propiedad Intelectual espa\u00f1ola, y se ampara igualmente bajo las leyes correspondientes de Derecho Internacional.<\/strong><\/p>\n<p><a href=\"https:\/\/drive.google.com\/file\/d\/0B6bRKOOatXBsQW04bHhwZk1iVXM\/view\" target=\"_blank\" rel=\"noopener\">Descargar publicaci\u00f3n gratuita: https:\/\/drive.google.com\/file\/d\/0B6bRKOOatXBsQW04bHhwZk1iVXM\/view<\/a>[:de]http:\/\/libros-espaciossonoros2014-2015-2016.blogspot.com.es\/2016\/05\/presentacion_17.htmlhttp:\/\/libros-espaciossonoros2014-2015-2016.blogspot.com.es\/2016\/05\/presentacion_17.html[:]<\/p>\n\n\n<figure class=\"wp-block-image size-large\"><img loading=\"lazy\" decoding=\"async\" width=\"467\" height=\"626\" src=\"https:\/\/blog.uclm.es\/sylviamolina\/wp-content\/uploads\/sites\/84\/2014\/12\/UAM_2014-1.png\" alt=\"\" class=\"wp-image-8404\" srcset=\"https:\/\/blog.uclm.es\/sylviamolina\/wp-content\/uploads\/sites\/84\/2014\/12\/UAM_2014-1.png 467w, https:\/\/blog.uclm.es\/sylviamolina\/wp-content\/uploads\/sites\/84\/2014\/12\/UAM_2014-1-224x300.png 224w\" sizes=\"auto, (max-width: 467px) 100vw, 467px\" \/><\/figure>\n\n\n\n<figure class=\"wp-block-image size-large\"><img loading=\"lazy\" decoding=\"async\" width=\"1024\" height=\"611\" src=\"https:\/\/blog.uclm.es\/sylviamolina\/wp-content\/uploads\/sites\/84\/2014\/12\/Captura-de-pantalla-2018-12-15-a-las-16.36.15-1-1024x611.png\" alt=\"\" class=\"wp-image-8406\" srcset=\"https:\/\/blog.uclm.es\/sylviamolina\/wp-content\/uploads\/sites\/84\/2014\/12\/Captura-de-pantalla-2018-12-15-a-las-16.36.15-1-1024x611.png 1024w, https:\/\/blog.uclm.es\/sylviamolina\/wp-content\/uploads\/sites\/84\/2014\/12\/Captura-de-pantalla-2018-12-15-a-las-16.36.15-1-300x179.png 300w, https:\/\/blog.uclm.es\/sylviamolina\/wp-content\/uploads\/sites\/84\/2014\/12\/Captura-de-pantalla-2018-12-15-a-las-16.36.15-1-768x458.png 768w, https:\/\/blog.uclm.es\/sylviamolina\/wp-content\/uploads\/sites\/84\/2014\/12\/Captura-de-pantalla-2018-12-15-a-las-16.36.15-1.png 1240w\" sizes=\"auto, (max-width: 767px) 89vw, (max-width: 1000px) 54vw, (max-width: 1071px) 543px, 580px\" \/><\/figure>\n\n\n\n<p>II CONGRESO INTERNACIONAL<br>ESPACIOS SONOROS Y AUDIOVISUALES 2014: EXPERIMENTACI\u00d3N SENSORIAL Y ESCUCHA ACTIVA<br>y<br>JIEM 2014 \u2013 20\u00aa JORNADAS DE INFORM\u00c1TICA Y ELECTR\u00d3NICA MUSICAL<\/p>\n\n\n\n<p>Conferencia Perform\u00e1tica_ UAM (Madrid)<\/p>\n\n\n\n<pre class=\"wp-block-preformatted\">17:00 -17:30 Julio SANZ (Compositor), Javier OSONA (Univ. de Castilla La Mancha), \ny Sylvia MOLINA (Univ. de Castilla la Mancha) [Colectivo(if\u2026then)]: \n<strong>ACuOSO. Entre la m\u00fasica, lo visual y la educaci\u00f3n.\n<\/strong>\n<\/pre>\n\n\n\n<figure class=\"wp-block-embed is-type-video is-provider-youtube wp-block-embed-youtube wp-embed-aspect-16-9 wp-has-aspect-ratio\"><div class=\"wp-block-embed__wrapper\">\nhttps:\/\/youtu.be\/Ai4DVV-jeSg\n<\/div><\/figure>\n\n\n\n<p>Extracto para provocar Cartograf\u00edas Perform\u00e1ticas en el Mstter de investiaci\u00f3n de la Facultad de Bellas Artes UUCLM)<\/p>\n\n\n\n<figure class=\"wp-block-embed is-type-video is-provider-youtube wp-block-embed-youtube wp-embed-aspect-16-9 wp-has-aspect-ratio\"><div class=\"wp-block-embed__wrapper\">\nhttps:\/\/youtu.be\/zAaYb0gQPvo\n<\/div><\/figure>\n\n\n\n<p>Origen: <a href=\"https:\/\/acuoso.wordpress.com\/2015\/01\/14\/conferencia-performatica_-uam-madrid\/\">Conferencia Perform\u00e1tica_ UAM (Madrid) | ACuOSO _ Computer Symphony Orchestra<\/a><\/p>\n","protected":false},"excerpt":{"rendered":"<p>Espacios Sonoros y Audiovisuales es una iniciativa acad\u00e9mica de Jose Luis Carles y Adolfo N\u00fa\u00f1ez que surge en 2013 en la Universidad Aut\u00f3noma de Madrid, recogiendo diversas propuestas desde la investigaci\u00f3n multidisciplinar, la experimentaci\u00f3n y la creaci\u00f3n art\u00edstica en torno a un tratamiento integrador del sonido. La publicaci\u00f3n: ESPACIOS SONOROS y AUDIOVISUALES 2014. Experimentaci\u00f3n Sensorial &hellip; <\/p>\n<p class=\"link-more\"><a href=\"https:\/\/blog.uclm.es\/sylviamolina\/2014\/12\/02\/espacios-sonoros-y-audiovisuales-2014\/\" class=\"more-link\">Continuar leyendo<span class=\"screen-reader-text\"> \u00abESPACIOS SONOROS y AUDIOVISUALES 2014\u00bb<\/span><\/a><\/p>\n","protected":false},"author":181,"featured_media":8406,"comment_status":"open","ping_status":"open","sticky":false,"template":"","format":"standard","meta":{"footnotes":""},"categories":[5,6,37,56,64],"tags":[],"class_list":["post-582","post","type-post","status-publish","format-standard","has-post-thumbnail","hentry","category-acciongme","category-acuoso","category-id","category-publicaciones","category-sonido"],"_links":{"self":[{"href":"https:\/\/blog.uclm.es\/sylviamolina\/wp-json\/wp\/v2\/posts\/582","targetHints":{"allow":["GET"]}}],"collection":[{"href":"https:\/\/blog.uclm.es\/sylviamolina\/wp-json\/wp\/v2\/posts"}],"about":[{"href":"https:\/\/blog.uclm.es\/sylviamolina\/wp-json\/wp\/v2\/types\/post"}],"author":[{"embeddable":true,"href":"https:\/\/blog.uclm.es\/sylviamolina\/wp-json\/wp\/v2\/users\/181"}],"replies":[{"embeddable":true,"href":"https:\/\/blog.uclm.es\/sylviamolina\/wp-json\/wp\/v2\/comments?post=582"}],"version-history":[{"count":0,"href":"https:\/\/blog.uclm.es\/sylviamolina\/wp-json\/wp\/v2\/posts\/582\/revisions"}],"wp:featuredmedia":[{"embeddable":true,"href":"https:\/\/blog.uclm.es\/sylviamolina\/wp-json\/wp\/v2\/media\/8406"}],"wp:attachment":[{"href":"https:\/\/blog.uclm.es\/sylviamolina\/wp-json\/wp\/v2\/media?parent=582"}],"wp:term":[{"taxonomy":"category","embeddable":true,"href":"https:\/\/blog.uclm.es\/sylviamolina\/wp-json\/wp\/v2\/categories?post=582"},{"taxonomy":"post_tag","embeddable":true,"href":"https:\/\/blog.uclm.es\/sylviamolina\/wp-json\/wp\/v2\/tags?post=582"}],"curies":[{"name":"wp","href":"https:\/\/api.w.org\/{rel}","templated":true}]}}