{"id":3859,"date":"2015-12-02T13:26:00","date_gmt":"2015-12-02T12:26:00","guid":{"rendered":"http:\/\/blog.uclm.es\/symolina\/?p=3859"},"modified":"2015-12-02T13:26:00","modified_gmt":"2015-12-02T12:26:00","slug":"encuentros-divergentes","status":"publish","type":"post","link":"https:\/\/blog.uclm.es\/sylviamolina\/2015\/12\/02\/encuentros-divergentes\/","title":{"rendered":"Encuentros Divergentes"},"content":{"rendered":"\n<p>Previo al concierto \u2018Panspermia Electroac\u00fastica. Tras el aroma de Oort\u2019 del 2 de diciembre de 2015 organizado junto al Festival Permanencias, la asociaci\u00f3n ACuOSO, asociaci\u00f3n Acci\u00f3n GME v2.4 y el grupo Fuzzy Gab.4, se desarroll\u00f3 la mesa redonda dentro del marco &#8216;Encuentros divergentes&#8217; con la participaci\u00f3n de:<\/p>\n\n\n\n<ul class=\"wp-block-list\"><li>Joaqu\u00edn D\u00edaz (M\u00e9xico)<\/li><li>Juan L\u00e1zaro<\/li><li>Antony Maubert<\/li><li>Sylvia Molina<\/li><li>Javier Osona<\/li><li>Jorge S\u00e1nchez<\/li><li>Julio S\u00e1nz V\u00e1zquez<\/li><li><\/li><\/ul>\n\n\n\n<figure class=\"wp-block-image size-large\"><img loading=\"lazy\" decoding=\"async\" width=\"1024\" height=\"543\" src=\"https:\/\/blog.uclm.es\/sylviamolina\/wp-content\/uploads\/sites\/84\/2021\/03\/Captura-de-pantalla-2020-03-26-a-las-13.34.14-1024x543.png\" alt=\"\" class=\"wp-image-6976\" srcset=\"https:\/\/blog.uclm.es\/sylviamolina\/wp-content\/uploads\/sites\/84\/2021\/03\/Captura-de-pantalla-2020-03-26-a-las-13.34.14-1024x543.png 1024w, https:\/\/blog.uclm.es\/sylviamolina\/wp-content\/uploads\/sites\/84\/2021\/03\/Captura-de-pantalla-2020-03-26-a-las-13.34.14-300x159.png 300w, https:\/\/blog.uclm.es\/sylviamolina\/wp-content\/uploads\/sites\/84\/2021\/03\/Captura-de-pantalla-2020-03-26-a-las-13.34.14-768x407.png 768w, https:\/\/blog.uclm.es\/sylviamolina\/wp-content\/uploads\/sites\/84\/2021\/03\/Captura-de-pantalla-2020-03-26-a-las-13.34.14-1536x814.png 1536w, https:\/\/blog.uclm.es\/sylviamolina\/wp-content\/uploads\/sites\/84\/2021\/03\/Captura-de-pantalla-2020-03-26-a-las-13.34.14-2048x1085.png 2048w\" sizes=\"auto, (max-width: 767px) 89vw, (max-width: 1000px) 54vw, (max-width: 1071px) 543px, 580px\" \/><\/figure>\n\n\n\n<figure class=\"wp-block-gallery columns-3 is-cropped wp-block-gallery-1 is-layout-flex wp-block-gallery-is-layout-flex\"><ul class=\"blocks-gallery-grid\"><li class=\"blocks-gallery-item\"><figure><img loading=\"lazy\" decoding=\"async\" width=\"1024\" height=\"640\" src=\"https:\/\/sylviamolina.es\/wp-content\/uploads\/2021\/05\/Ayuntamiento-1024x640.png\" alt=\"\" data-id=\"8141\" data-full-url=\"https:\/\/sylviamolina.es\/wp-content\/uploads\/2021\/05\/Ayuntamiento.png\" data-link=\"https:\/\/sylviamolina.es\/2015\/12\/encuentros-divergentes\/ayuntamiento\/\" class=\"wp-image-8141\" srcset=\"https:\/\/blog.uclm.es\/sylviamolina\/wp-content\/uploads\/sites\/84\/2021\/05\/Ayuntamiento-1024x640.png 1024w, https:\/\/blog.uclm.es\/sylviamolina\/wp-content\/uploads\/sites\/84\/2021\/05\/Ayuntamiento-300x188.png 300w, https:\/\/blog.uclm.es\/sylviamolina\/wp-content\/uploads\/sites\/84\/2021\/05\/Ayuntamiento-768x480.png 768w, https:\/\/blog.uclm.es\/sylviamolina\/wp-content\/uploads\/sites\/84\/2021\/05\/Ayuntamiento.png 1240w\" sizes=\"auto, (max-width: 767px) 89vw, (max-width: 1000px) 54vw, (max-width: 1071px) 543px, 580px\" \/><\/figure><\/li><li class=\"blocks-gallery-item\"><figure><img loading=\"lazy\" decoding=\"async\" width=\"1024\" height=\"640\" src=\"https:\/\/sylviamolina.es\/wp-content\/uploads\/2021\/05\/BBAA_Facebook-1024x640.png\" alt=\"\" data-id=\"8142\" data-full-url=\"https:\/\/sylviamolina.es\/wp-content\/uploads\/2021\/05\/BBAA_Facebook.png\" data-link=\"https:\/\/sylviamolina.es\/2015\/12\/encuentros-divergentes\/bbaa_facebook\/\" class=\"wp-image-8142\" srcset=\"https:\/\/blog.uclm.es\/sylviamolina\/wp-content\/uploads\/sites\/84\/2021\/05\/BBAA_Facebook-1024x640.png 1024w, https:\/\/blog.uclm.es\/sylviamolina\/wp-content\/uploads\/sites\/84\/2021\/05\/BBAA_Facebook-300x188.png 300w, https:\/\/blog.uclm.es\/sylviamolina\/wp-content\/uploads\/sites\/84\/2021\/05\/BBAA_Facebook-768x480.png 768w, https:\/\/blog.uclm.es\/sylviamolina\/wp-content\/uploads\/sites\/84\/2021\/05\/BBAA_Facebook.png 1240w\" sizes=\"auto, (max-width: 767px) 89vw, (max-width: 1000px) 54vw, (max-width: 1071px) 543px, 580px\" \/><\/figure><\/li><li class=\"blocks-gallery-item\"><figure><img loading=\"lazy\" decoding=\"async\" width=\"1024\" height=\"640\" src=\"https:\/\/sylviamolina.es\/wp-content\/uploads\/2021\/05\/CuencaAbstracta_Facebook-1024x640.png\" alt=\"\" data-id=\"8143\" data-full-url=\"https:\/\/sylviamolina.es\/wp-content\/uploads\/2021\/05\/CuencaAbstracta_Facebook.png\" data-link=\"https:\/\/sylviamolina.es\/2015\/12\/encuentros-divergentes\/cuencaabstracta_facebook\/\" class=\"wp-image-8143\" srcset=\"https:\/\/blog.uclm.es\/sylviamolina\/wp-content\/uploads\/sites\/84\/2021\/05\/CuencaAbstracta_Facebook-1024x640.png 1024w, https:\/\/blog.uclm.es\/sylviamolina\/wp-content\/uploads\/sites\/84\/2021\/05\/CuencaAbstracta_Facebook-300x188.png 300w, https:\/\/blog.uclm.es\/sylviamolina\/wp-content\/uploads\/sites\/84\/2021\/05\/CuencaAbstracta_Facebook-768x480.png 768w, https:\/\/blog.uclm.es\/sylviamolina\/wp-content\/uploads\/sites\/84\/2021\/05\/CuencaAbstracta_Facebook.png 1240w\" sizes=\"auto, (max-width: 767px) 89vw, (max-width: 1000px) 54vw, (max-width: 1071px) 543px, 580px\" \/><\/figure><\/li><li class=\"blocks-gallery-item\"><figure><img loading=\"lazy\" decoding=\"async\" width=\"867\" height=\"294\" src=\"https:\/\/sylviamolina.es\/wp-content\/uploads\/2021\/05\/OndaCero.png\" alt=\"\" data-id=\"8145\" data-full-url=\"https:\/\/sylviamolina.es\/wp-content\/uploads\/2021\/05\/OndaCero.png\" data-link=\"https:\/\/sylviamolina.es\/2015\/12\/encuentros-divergentes\/ondacero\/\" class=\"wp-image-8145\" srcset=\"https:\/\/blog.uclm.es\/sylviamolina\/wp-content\/uploads\/sites\/84\/2021\/05\/OndaCero.png 867w, https:\/\/blog.uclm.es\/sylviamolina\/wp-content\/uploads\/sites\/84\/2021\/05\/OndaCero-300x102.png 300w, https:\/\/blog.uclm.es\/sylviamolina\/wp-content\/uploads\/sites\/84\/2021\/05\/OndaCero-768x260.png 768w\" sizes=\"auto, (max-width: 767px) 89vw, (max-width: 1000px) 54vw, (max-width: 1071px) 543px, 580px\" \/><\/figure><\/li><\/ul><\/figure>\n\n\n\n<figure class=\"wp-block-audio\"><audio controls src=\"https:\/\/blog.uclm.es\/sylviamolina\/wp-content\/uploads\/sites\/84\/2015\/12\/OndaCero_Cut.mp3\"><\/audio><figcaption>onda cero<\/figcaption><\/figure>\n\n\n\n<div class=\"wp-block-file\"><a href=\"https:\/\/sylviamolina.es\/wp-content\/uploads\/2021\/05\/24Horas_El-planetario-de-Cuenca-albergara\u0301-este-mie\u0301rcoles-un-concierto-electroacu\u0301stico-Cuenca-24-Horas.pdf\">24Horas_El-planetario-de-Cuenca-albergara\u0301-este-mie\u0301rcoles-un-concierto-electroacu\u0301stico-Cuenca-24-Horas<\/a><a href=\"https:\/\/sylviamolina.es\/wp-content\/uploads\/2021\/05\/24Horas_El-planetario-de-Cuenca-albergara\u0301-este-mie\u0301rcoles-un-concierto-electroacu\u0301stico-Cuenca-24-Horas.pdf\" class=\"wp-block-file__button\" download>Descarga<\/a><\/div>\n\n\n\n<div class=\"wp-block-file\"><a href=\"https:\/\/sylviamolina.es\/wp-content\/uploads\/2021\/05\/elDiario_El-planetario-de-Cuenca-sera\u0301-escenario-de-un-concierto-de-mu\u0301sica-electroacu\u0301stica.pdf\">elDiario_El-planetario-de-Cuenca-sera\u0301-escenario-de-un-concierto-de-mu\u0301sica-electroacu\u0301stica<\/a><a href=\"https:\/\/sylviamolina.es\/wp-content\/uploads\/2021\/05\/elDiario_El-planetario-de-Cuenca-sera\u0301-escenario-de-un-concierto-de-mu\u0301sica-electroacu\u0301stica.pdf\" class=\"wp-block-file__button\" download>Descarga<\/a><\/div>\n\n\n\n<div class=\"wp-block-file\"><a href=\"https:\/\/sylviamolina.es\/wp-content\/uploads\/2021\/05\/La-Regional-de-C-LM-@RegionalCLM-7c-Twitter.pdf\">La-Regional-de-C-LM-@RegionalCLM-7c-Twitter<\/a><a href=\"https:\/\/sylviamolina.es\/wp-content\/uploads\/2021\/05\/La-Regional-de-C-LM-@RegionalCLM-7c-Twitter.pdf\" class=\"wp-block-file__button\" download>Descarga<\/a><\/div>\n\n\n\n<div class=\"wp-block-file\"><a href=\"https:\/\/sylviamolina.es\/67af08d3-893a-4c42-afea-74de4eb4df44\" class=\"wp-block-file__button\" download>Descarga<\/a><\/div>\n\n\n\n<p>M\u00e1s informaci\u00f3n; Origen:&nbsp;<em><a href=\"http:\/\/acciongme24.danieldelsaz.com\/project\/concierto-planetario-museo-de-la-ciencia\/\">Concierto Planetario Museo de la Ciencia | Acci\u00f3n GME 2.4<\/a><\/em><\/p>\n\n\n\n<p><a href=\"http:\/\/acciongme24.danieldelsaz.com\/wp-content\/uploads\/2015\/11\/cartel-panfleto-panspermia.pdf\">Descargar (PDF, 946KB)<\/a><\/p>\n","protected":false},"excerpt":{"rendered":"<p>Previo al concierto \u2018Panspermia Electroac\u00fastica. Tras el aroma de Oort\u2019 del 2 de diciembre de 2015 organizado junto al Festival Permanencias, la asociaci\u00f3n ACuOSO, asociaci\u00f3n Acci\u00f3n GME v2.4 y el grupo Fuzzy Gab.4, se desarroll\u00f3 la mesa redonda dentro del marco &#8216;Encuentros divergentes&#8217; con la participaci\u00f3n de: Joaqu\u00edn D\u00edaz (M\u00e9xico) Juan L\u00e1zaro Antony Maubert Sylvia &hellip; <\/p>\n<p class=\"link-more\"><a href=\"https:\/\/blog.uclm.es\/sylviamolina\/2015\/12\/02\/encuentros-divergentes\/\" class=\"more-link\">Continuar leyendo<span class=\"screen-reader-text\"> \u00abEncuentros Divergentes\u00bb<\/span><\/a><\/p>\n","protected":false},"author":181,"featured_media":8140,"comment_status":"closed","ping_status":"open","sticky":false,"template":"","format":"standard","meta":{"footnotes":""},"categories":[6,10,31,37,52],"tags":[],"class_list":["post-3859","post","type-post","status-publish","format-standard","has-post-thumbnail","hentry","category-acuoso","category-conferencias","category-fuzzy-gab-4","category-id","category-proy-docente"],"_links":{"self":[{"href":"https:\/\/blog.uclm.es\/sylviamolina\/wp-json\/wp\/v2\/posts\/3859","targetHints":{"allow":["GET"]}}],"collection":[{"href":"https:\/\/blog.uclm.es\/sylviamolina\/wp-json\/wp\/v2\/posts"}],"about":[{"href":"https:\/\/blog.uclm.es\/sylviamolina\/wp-json\/wp\/v2\/types\/post"}],"author":[{"embeddable":true,"href":"https:\/\/blog.uclm.es\/sylviamolina\/wp-json\/wp\/v2\/users\/181"}],"replies":[{"embeddable":true,"href":"https:\/\/blog.uclm.es\/sylviamolina\/wp-json\/wp\/v2\/comments?post=3859"}],"version-history":[{"count":0,"href":"https:\/\/blog.uclm.es\/sylviamolina\/wp-json\/wp\/v2\/posts\/3859\/revisions"}],"wp:featuredmedia":[{"embeddable":true,"href":"https:\/\/blog.uclm.es\/sylviamolina\/wp-json\/wp\/v2\/media\/8140"}],"wp:attachment":[{"href":"https:\/\/blog.uclm.es\/sylviamolina\/wp-json\/wp\/v2\/media?parent=3859"}],"wp:term":[{"taxonomy":"category","embeddable":true,"href":"https:\/\/blog.uclm.es\/sylviamolina\/wp-json\/wp\/v2\/categories?post=3859"},{"taxonomy":"post_tag","embeddable":true,"href":"https:\/\/blog.uclm.es\/sylviamolina\/wp-json\/wp\/v2\/tags?post=3859"}],"curies":[{"name":"wp","href":"https:\/\/api.w.org\/{rel}","templated":true}]}}