{"id":3843,"date":"2020-01-24T21:23:26","date_gmt":"2020-01-24T20:23:26","guid":{"rendered":"http:\/\/blog.uclm.es\/symolina\/?p=3843"},"modified":"2020-01-24T21:23:26","modified_gmt":"2020-01-24T20:23:26","slug":"virtual-eafecto-real-y-su-espejo","status":"publish","type":"post","link":"https:\/\/blog.uclm.es\/sylviamolina\/2020\/01\/24\/virtual-eafecto-real-y-su-espejo\/","title":{"rendered":"Virtual E(A)fecto real y su espejo"},"content":{"rendered":"\n<p>El principal objetivo de este taller es que el participante sea capaz de dar una respuesta creativa a las preguntas planteadas&nbsp;en la muestra &#8216;Intangibles&#8217; sobre el impacto de la revoluci\u00f3n digital en la manera de mirar y experimentar el arte.<\/p>\n\n\n\n<p><strong>Fecha:&nbsp;<\/strong>5, 6 y 7 de febrero de 2020.<br><strong>Horario:&nbsp;<\/strong>de 16 a 20h.<br><strong>Duraci\u00f3n:&nbsp;<\/strong>tres sesiones de cuatro horas.<strong>&nbsp;Doce horas en total.<br>Aforo:<\/strong>&nbsp;15 personas.<br><strong>P\u00fablico al que va dirigido:<\/strong>&nbsp;cualquier persona interesada en arte e interacci\u00f3n.<br><strong>Requisitos para el participante:<\/strong>&nbsp;no son necesarios conocimientos previos. Que vengan cargados de inter\u00e9s y ganas de trabajar, lo dem\u00e1s fluir\u00e1. Cada participante puede traer al taller, si los tuviera, alguno de estos materiales:<\/p>\n\n\n\n<p><strong>Imparte el taller:<\/strong>&nbsp; el colectivo&nbsp;<strong>iSpace art-bot<\/strong>, formado por los artistas&nbsp;<a rel=\"noreferrer noopener\" href=\"http:\/\/www.sylviamolina.net\/\" target=\"_blank\">Sylvia Molina<\/a>&nbsp;y Joaqu\u00edn D\u00edaz, que nace entre los espacios real y virtual, entre el arte y la ciencia, entre lo humano y lo rob\u00f3tico.<\/p>\n\n\n\n<p>\u2013 Port\u00e1til<br>\u2013 Kinect<br>\u2013 Altavoces y micros<br>\u2013 Arduino o cualquier microcontrolador<br>\u2013 Juego de herramientas de electr\u00f3nica con soldador, alicates, desarmadores\u2026<\/p>\n\n\n\n<p>Este taller, impartido durante la exposici\u00f3n de&nbsp;<a href=\"https:\/\/espacio.fundaciontelefonica.com\/evento\/intangibles-una-experiencia-digital-de-la-coleccion-telefonica\/\">\u2018Intangibles\u2019<\/a>, est\u00e1 intr\u00ednsecamente vinculado al concepto \u201cvirtualidad real\u201d, que es la encarnaci\u00f3n&nbsp;de toda la virtualidad que nos rodea. Muchas de estas virtualidades las vemos y podemos apreciar c\u00f3mo influencian nuestra vida diaria, como las redes sociales, pero existen otras virtualidades no tan evidentes con un gran impacto en nuestra realidad, como el mercado financiero. Estos flujos de informaci\u00f3n son aparentemente intangibles pero, en realidad, est\u00e1n almacenados en grandes sitios refrigerados donde descansan esos servidores de internet.<\/p>\n\n\n\n<p>La exposici\u00f3n \u2018Intangibles\u2019propone \u201crevisitar\u201d la colecci\u00f3n de la Fundaci\u00f3n Telef\u00f3nica. Con este taller, proponemos una vuelta de tuerca m\u00e1s: la reinterpretaci\u00f3n de las ideas de las vanguardias a trav\u00e9s de la creaci\u00f3n de propuestas-prototipo de piezas interactivas. Adem\u00e1s, algunos elementos de las obras expuestas que tienen un bello punto de encuentro con algunas de las posibilidades est\u00e9ticas de los nuevos medios que proponemos. Por ejemplo, el reconocimiento&nbsp;de siluetas humanas que realiza la Kinect es muy parecido al cuadro de Ren\u00e9 Magritte \u2018La Belle Soci\u00e9t\u00e9\u2019&nbsp;<\/p>\n\n\n\n<p>M\u00e1s info en:<\/p>\n\n\n\n<figure class=\"wp-block-embed is-type-wp-embed is-provider-espacio-fundacion-telefonica wp-block-embed-espacio-fundacion-telefonica\"><div class=\"wp-block-embed__wrapper\">\nhttps:\/\/espacio.fundaciontelefonica.com\/evento\/virtual-eafecto-real-y-su-espejo\/\n<\/div><\/figure>\n\n\n\n<figure class=\"wp-block-image size-large\"><img decoding=\"async\" src=\"http:\/\/sylviamolina.es\/wp-content\/uploads\/2020\/01\/tallerIntangibles-copia-1024x493.png\" alt=\"\" class=\"wp-image-6516\" \/><\/figure>\n","protected":false},"excerpt":{"rendered":"<p>El principal objetivo de este taller es que el participante sea capaz de dar una respuesta creativa a las preguntas planteadas&nbsp;en la muestra &#8216;Intangibles&#8217; sobre el impacto de la revoluci\u00f3n digital en la manera de mirar y experimentar el arte. Fecha:&nbsp;5, 6 y 7 de febrero de 2020.Horario:&nbsp;de 16 a 20h.Duraci\u00f3n:&nbsp;tres sesiones de cuatro horas.&nbsp;Doce &hellip; <\/p>\n<p class=\"link-more\"><a href=\"https:\/\/blog.uclm.es\/sylviamolina\/2020\/01\/24\/virtual-eafecto-real-y-su-espejo\/\" class=\"more-link\">Continuar leyendo<span class=\"screen-reader-text\"> \u00abVirtual E(A)fecto real y su espejo\u00bb<\/span><\/a><\/p>\n","protected":false},"author":181,"featured_media":7943,"comment_status":"closed","ping_status":"open","sticky":false,"template":"","format":"standard","meta":{"footnotes":""},"categories":[78,16,21,80,39,52,69],"tags":[],"class_list":["post-3843","post","type-post","status-publish","format-standard","has-post-thumbnail","hentry","category-talleres-dirigidso","category-educacion","category-espaciofundaciontelefonica","category-talleres-impartidos","category-ispace-art-bot","category-proy-docente","category-workshop"],"_links":{"self":[{"href":"https:\/\/blog.uclm.es\/sylviamolina\/wp-json\/wp\/v2\/posts\/3843","targetHints":{"allow":["GET"]}}],"collection":[{"href":"https:\/\/blog.uclm.es\/sylviamolina\/wp-json\/wp\/v2\/posts"}],"about":[{"href":"https:\/\/blog.uclm.es\/sylviamolina\/wp-json\/wp\/v2\/types\/post"}],"author":[{"embeddable":true,"href":"https:\/\/blog.uclm.es\/sylviamolina\/wp-json\/wp\/v2\/users\/181"}],"replies":[{"embeddable":true,"href":"https:\/\/blog.uclm.es\/sylviamolina\/wp-json\/wp\/v2\/comments?post=3843"}],"version-history":[{"count":0,"href":"https:\/\/blog.uclm.es\/sylviamolina\/wp-json\/wp\/v2\/posts\/3843\/revisions"}],"wp:featuredmedia":[{"embeddable":true,"href":"https:\/\/blog.uclm.es\/sylviamolina\/wp-json\/wp\/v2\/media\/7943"}],"wp:attachment":[{"href":"https:\/\/blog.uclm.es\/sylviamolina\/wp-json\/wp\/v2\/media?parent=3843"}],"wp:term":[{"taxonomy":"category","embeddable":true,"href":"https:\/\/blog.uclm.es\/sylviamolina\/wp-json\/wp\/v2\/categories?post=3843"},{"taxonomy":"post_tag","embeddable":true,"href":"https:\/\/blog.uclm.es\/sylviamolina\/wp-json\/wp\/v2\/tags?post=3843"}],"curies":[{"name":"wp","href":"https:\/\/api.w.org\/{rel}","templated":true}]}}