{"id":3571,"date":"2018-12-19T13:44:49","date_gmt":"2018-12-19T13:44:49","guid":{"rendered":"http:\/\/blog.uclm.es\/symolina\/?p=3571"},"modified":"2018-12-19T13:44:49","modified_gmt":"2018-12-19T13:44:49","slug":"erase-una-vez-el-arte-electronico-en-la-iberica","status":"publish","type":"post","link":"https:\/\/blog.uclm.es\/sylviamolina\/2018\/12\/19\/erase-una-vez-el-arte-electronico-en-la-iberica\/","title":{"rendered":"Erase una vez\u2026. El arte electr\u00f3nico en la Ib\u00e9rica"},"content":{"rendered":"<p><img loading=\"lazy\" decoding=\"async\" class=\"alignnone size-full wp-image-3572\" src=\"https:\/\/blog.uclm.es\/sylviamolina\/wp-content\/uploads\/sites\/84\/2018\/12\/48365013_1427518227379280_2523566819982180352_o.jpg\" alt=\"\" width=\"1670\" height=\"818\" srcset=\"https:\/\/blog.uclm.es\/sylviamolina\/wp-content\/uploads\/sites\/84\/2018\/12\/48365013_1427518227379280_2523566819982180352_o.jpg 1670w, https:\/\/blog.uclm.es\/sylviamolina\/wp-content\/uploads\/sites\/84\/2018\/12\/48365013_1427518227379280_2523566819982180352_o-300x147.jpg 300w, https:\/\/blog.uclm.es\/sylviamolina\/wp-content\/uploads\/sites\/84\/2018\/12\/48365013_1427518227379280_2523566819982180352_o-1024x502.jpg 1024w, https:\/\/blog.uclm.es\/sylviamolina\/wp-content\/uploads\/sites\/84\/2018\/12\/48365013_1427518227379280_2523566819982180352_o-768x376.jpg 768w, https:\/\/blog.uclm.es\/sylviamolina\/wp-content\/uploads\/sites\/84\/2018\/12\/48365013_1427518227379280_2523566819982180352_o-1536x752.jpg 1536w\" sizes=\"auto, (max-width: 767px) 89vw, (max-width: 1000px) 54vw, (max-width: 1071px) 543px, 580px\" \/>Museo La Neomudejar<br \/>\n\u00abErase una vez\u2026. El arte electr\u00f3nico en la Ib\u00e9rica\u00bb<\/p>\n<p>Jueves 20 de Diciembre 2018<\/p>\n<p>18:00 h.<br \/>\nAbierto a todo el p\u00fablico<\/p>\n<p>Presentaci\u00f3n y discusi\u00f3n sobre la situaci\u00f3n del arte y los formatos tecnol\u00f3gicos en el territorio espa\u00f1ol. Perspectivas de presente y de futuro. \u00bfQu\u00e9 es el new media art? \u00bfD\u00f3nde estamos? \u00bfD\u00f3nde vamos? Conceptualizaci\u00f3n, expectativas, funcionamiento, formaci\u00f3n, estudios universitarios, proyectos art\u00edsticos, ayudas, espacios de exposici\u00f3n\u2026<\/p>\n<p>Un grupo de artistas especializados en arte y tecnolog\u00eda presentar\u00e1 sus trabajos, como excusa para poder establecer una amplia discusi\u00f3n entre ellos y con el p\u00fablico sobre las diferentes confluencias entre arte, ciencia y tecnolog\u00eda.<\/p>\n<p>Artistas invitados:<br \/>\n&#8211; Antonio Alvarado \/\/ <a href=\"http:\/\/www.antonioalvarado.net\" target=\"_blank\" rel=\"noopener\">www.antonioalvarado.net<\/a><br \/>\n&#8211; Patxi Araujo \u2013 UPV\/EHU \/\/ <a href=\"http:\/\/www.patxiaraujo.com\" target=\"_blank\" rel=\"noopener\">www.patxiaraujo.com<\/a><br \/>\n&#8211; Andrea J. Brandy<br \/>\n&#8211; Maria Cuevas \u2013 UCM<br \/>\n&#8211; Ricardo Iglesias \u2013 UB \/\/ <a href=\"http:\/\/www.ricardoiglesias.net\" target=\"_blank\" rel=\"noopener\">www.ricardoiglesias.net<\/a><br \/>\n&#8211; Mois\u00e9s Ma\u00f1as \u2013 UPV \/\/ <a href=\"http:\/\/www.moisesmanas.com\" target=\"_blank\" rel=\"noopener\">www.moisesmanas.com<\/a><br \/>\n&#8211; Sylvia Molina \u2013 UCLM \/\/ <a href=\"http:\/\/www.sylviamolina.net\" target=\"_blank\" rel=\"noopener\">www.sylviamolina.net<\/a><\/p>\n<p>Museo La Neomud\u00e9jar\u00a0 C\/ Antonio Nebrija, s\/n, 28007 Madrid<br \/>\nhttp:\/\/www.laneomudejar.com<\/p>\n","protected":false},"excerpt":{"rendered":"<p>Museo La Neomudejar \u00abErase una vez\u2026. El arte electr\u00f3nico en la Ib\u00e9rica\u00bb Jueves 20 de Diciembre 2018 18:00 h. Abierto a todo el p\u00fablico Presentaci\u00f3n y discusi\u00f3n sobre la situaci\u00f3n del arte y los formatos tecnol\u00f3gicos en el territorio espa\u00f1ol. Perspectivas de presente y de futuro. \u00bfQu\u00e9 es el new media art? \u00bfD\u00f3nde estamos? \u00bfD\u00f3nde &hellip; <\/p>\n<p class=\"link-more\"><a href=\"https:\/\/blog.uclm.es\/sylviamolina\/2018\/12\/19\/erase-una-vez-el-arte-electronico-en-la-iberica\/\" class=\"more-link\">Continuar leyendo<span class=\"screen-reader-text\"> \u00abErase una vez\u2026. El arte electr\u00f3nico en la Ib\u00e9rica\u00bb<\/span><\/a><\/p>\n","protected":false},"author":181,"featured_media":3573,"comment_status":"closed","ping_status":"open","sticky":false,"template":"","format":"standard","meta":{"footnotes":""},"categories":[10,37],"tags":[],"class_list":["post-3571","post","type-post","status-publish","format-standard","has-post-thumbnail","hentry","category-conferencias","category-id"],"_links":{"self":[{"href":"https:\/\/blog.uclm.es\/sylviamolina\/wp-json\/wp\/v2\/posts\/3571","targetHints":{"allow":["GET"]}}],"collection":[{"href":"https:\/\/blog.uclm.es\/sylviamolina\/wp-json\/wp\/v2\/posts"}],"about":[{"href":"https:\/\/blog.uclm.es\/sylviamolina\/wp-json\/wp\/v2\/types\/post"}],"author":[{"embeddable":true,"href":"https:\/\/blog.uclm.es\/sylviamolina\/wp-json\/wp\/v2\/users\/181"}],"replies":[{"embeddable":true,"href":"https:\/\/blog.uclm.es\/sylviamolina\/wp-json\/wp\/v2\/comments?post=3571"}],"version-history":[{"count":0,"href":"https:\/\/blog.uclm.es\/sylviamolina\/wp-json\/wp\/v2\/posts\/3571\/revisions"}],"wp:featuredmedia":[{"embeddable":true,"href":"https:\/\/blog.uclm.es\/sylviamolina\/wp-json\/wp\/v2\/media\/3573"}],"wp:attachment":[{"href":"https:\/\/blog.uclm.es\/sylviamolina\/wp-json\/wp\/v2\/media?parent=3571"}],"wp:term":[{"taxonomy":"category","embeddable":true,"href":"https:\/\/blog.uclm.es\/sylviamolina\/wp-json\/wp\/v2\/categories?post=3571"},{"taxonomy":"post_tag","embeddable":true,"href":"https:\/\/blog.uclm.es\/sylviamolina\/wp-json\/wp\/v2\/tags?post=3571"}],"curies":[{"name":"wp","href":"https:\/\/api.w.org\/{rel}","templated":true}]}}