{"id":3492,"date":"2020-02-10T17:06:00","date_gmt":"2020-02-10T17:06:00","guid":{"rendered":"http:\/\/blog.uclm.es\/symolina\/?p=3492"},"modified":"2020-02-10T17:06:00","modified_gmt":"2020-02-10T17:06:00","slug":"dialogos-inesperados","status":"publish","type":"post","link":"https:\/\/blog.uclm.es\/sylviamolina\/2020\/02\/10\/dialogos-inesperados\/","title":{"rendered":"Di\u00e1logos Inesperados"},"content":{"rendered":"\n<p><strong>Di\u00e1logos Inesperados<\/strong> es un proyecto dif\u00edcil de catalogar. Por sus dibujos, troqueles, cosidos y lenguaje intermedial con el texto. Por sus textos, entre la ficci\u00f3n y el ensayo. Por su encuadernaci\u00f3n, entre el libro y el cuaderno (nace de forma manuscrita \u00edntegramente en tinta china) podr\u00edamos catalogarlo como \u2018libro de artista\u2019.<\/p>\n\n\n\n<p><strong>Di\u00e1logos Inesperados<\/strong> es lo que ES, sin poder catalogarlo con exactitud al igual que su autora, siempre posicionada en el \u2018ENTRE\u2019, en el espacio intermedio entre la m\u00fasica y la pl\u00e1stica, el arte y la tecnolog\u00eda, el objeto anal\u00f3gico y lo digital, la escritura y la imagen.<\/p>\n\n\n\n<p>As\u00ed, citando el inicio del proyecto:<\/p>\n\n\n\n<blockquote class=\"wp-block-quote is-layout-flow wp-block-quote-is-layout-flow\"><p><em>\u201cQuer\u00eda desde hace tiempo sentar a la misma mesa a Bach con Vilem Flusser, a Deleuze con Giordano Bruno, a Borges entrometi\u00e9ndose en las conversaciones mientras que Pavi\u0107 se deleitaba entre los dos espejos, los tiempos diversos, los conjuntos difusos.&nbsp;<\/em><\/p><\/blockquote>\n\n\n\n<blockquote class=\"wp-block-quote is-layout-flow wp-block-quote-is-layout-flow\"><p><em>Rupert Sheldrake defin\u00eda los canon de Bach como su campo morfogen\u00e9tico y \u00e9ste discut\u00eda a su vez con Umberto Eco sobre la obra abierta.<\/em><\/p><\/blockquote>\n\n\n\n<blockquote class=\"wp-block-quote is-layout-flow wp-block-quote-is-layout-flow\"><p><em>Todos charlaban, tomaban una copa de vino poco antes de irse a caminar y encontrarse con Baudelaire paseando en la deriva con Guy Debord y Benjamin.\u201d<\/em><\/p><\/blockquote>\n\n\n\n<p>FICHA T\u00c9CNICA<\/p>\n\n\n\n<p> T\u00edtulo: <strong>Di\u00e1logos Inesperados <\/strong><\/p>\n\n\n\n<p> Tama\u00f1o: <strong>Libro en wir-o con tapa-caja 24 cm x 35 cm x 5 cm (edici\u00f3n digitalizada)<\/strong><\/p>\n\n\n\n<p> Autor: <strong>Sylvia Molina Muro<\/strong><\/p>\n\n\n\n<p> Fecha de creaci\u00f3n: 2017-19<\/p>\n\n\n\n<p>&nbsp;T\u00e9cnica:<\/p>\n\n\n\n<p>Manuscrito original en pluma. Dibujo tinta china, Letraset, cosidos, estampaci\u00f3n sello, troqueles. El libro a la venta ha sido digitalizado del original y remaquetado con las im\u00e1genes y tipograf\u00edas con su posterior trabajo manual (troqueles, cosidos) por parte de la artista.<\/p>\n\n\n\n<p><strong>Edici\u00f3n numerada. 150 ejemplares.<\/strong><\/p>\n\n\n\n<p>Reservas: <a href=\"mailto:dialogosinesperados@gmail.com\" target=\"_blank\" rel=\"noreferrer noopener\">dialogosinesperados@gmail.com<\/a><\/p>\n\n\n\n<figure class=\"wp-block-gallery columns-3 is-cropped wp-block-gallery-1 is-layout-flex wp-block-gallery-is-layout-flex\"><ul class=\"blocks-gallery-grid\"><li class=\"blocks-gallery-item\"><figure><img decoding=\"async\" src=\"http:\/\/sylviamolina.es\/wp-content\/uploads\/2020\/02\/7B4D9D6A-D8D7-402F-97B5-86A1C930315E-1024x576.jpg\" alt=\"\" data-id=\"6510\" data-full-url=\"http:\/\/sylviamolina.es\/wp-content\/uploads\/2020\/02\/7B4D9D6A-D8D7-402F-97B5-86A1C930315E-scaled.jpg\" data-link=\"http:\/\/blog.uclm.es\/symolina\/2020\/02\/01\/horneando-dialogos-inesperados\/7b4d9d6a-d8d7-402f-97b5-86a1c930315e\/\" class=\"wp-image-6510\" \/><\/figure><\/li><li class=\"blocks-gallery-item\"><figure><img decoding=\"async\" src=\"http:\/\/sylviamolina.es\/wp-content\/uploads\/2020\/02\/7A5A7195-056B-4AC5-9CF4-C2D07C28CDAD-1024x576.jpg\" alt=\"\" data-id=\"6511\" data-full-url=\"http:\/\/sylviamolina.es\/wp-content\/uploads\/2020\/02\/7A5A7195-056B-4AC5-9CF4-C2D07C28CDAD-scaled.jpg\" data-link=\"http:\/\/blog.uclm.es\/symolina\/2020\/02\/01\/horneando-dialogos-inesperados\/7a5a7195-056b-4ac5-9cf4-c2d07c28cdad\/\" class=\"wp-image-6511\" \/><\/figure><\/li><li class=\"blocks-gallery-item\"><figure><img decoding=\"async\" src=\"http:\/\/sylviamolina.es\/wp-content\/uploads\/2020\/02\/IMG_1705-1013x760.jpg\" alt=\"\" data-id=\"6512\" data-full-url=\"http:\/\/sylviamolina.es\/wp-content\/uploads\/2020\/02\/IMG_1705-scaled.jpg\" data-link=\"http:\/\/blog.uclm.es\/symolina\/2020\/02\/01\/horneando-dialogos-inesperados\/img_1705\/\" class=\"wp-image-6512\" \/><\/figure><\/li><\/ul><\/figure>\n\n\n\n<p><\/p>\n","protected":false},"excerpt":{"rendered":"<p>Di\u00e1logos Inesperados es un proyecto dif\u00edcil de catalogar. Por sus dibujos, troqueles, cosidos y lenguaje intermedial con el texto. Por sus textos, entre la ficci\u00f3n y el ensayo. Por su encuadernaci\u00f3n, entre el libro y el cuaderno (nace de forma manuscrita \u00edntegramente en tinta china) podr\u00edamos catalogarlo como \u2018libro de artista\u2019. Di\u00e1logos Inesperados es lo &hellip; <\/p>\n<p class=\"link-more\"><a href=\"https:\/\/blog.uclm.es\/sylviamolina\/2020\/02\/10\/dialogos-inesperados\/\" class=\"more-link\">Continuar leyendo<span class=\"screen-reader-text\"> \u00abDi\u00e1logos Inesperados\u00bb<\/span><\/a><\/p>\n","protected":false},"author":181,"featured_media":7929,"comment_status":"closed","ping_status":"open","sticky":false,"template":"","format":"standard","meta":{"footnotes":""},"categories":[14,15,20,34,42,48,56],"tags":[],"class_list":["post-3492","post","type-post","status-publish","format-standard","has-post-thumbnail","hentry","category-cv_part03","category-dialogos-inesperados","category-escritos","category-in-exhibition","category-kintsugi","category-narrativas-borrosas_neomudejar","category-publicaciones"],"_links":{"self":[{"href":"https:\/\/blog.uclm.es\/sylviamolina\/wp-json\/wp\/v2\/posts\/3492","targetHints":{"allow":["GET"]}}],"collection":[{"href":"https:\/\/blog.uclm.es\/sylviamolina\/wp-json\/wp\/v2\/posts"}],"about":[{"href":"https:\/\/blog.uclm.es\/sylviamolina\/wp-json\/wp\/v2\/types\/post"}],"author":[{"embeddable":true,"href":"https:\/\/blog.uclm.es\/sylviamolina\/wp-json\/wp\/v2\/users\/181"}],"replies":[{"embeddable":true,"href":"https:\/\/blog.uclm.es\/sylviamolina\/wp-json\/wp\/v2\/comments?post=3492"}],"version-history":[{"count":0,"href":"https:\/\/blog.uclm.es\/sylviamolina\/wp-json\/wp\/v2\/posts\/3492\/revisions"}],"wp:featuredmedia":[{"embeddable":true,"href":"https:\/\/blog.uclm.es\/sylviamolina\/wp-json\/wp\/v2\/media\/7929"}],"wp:attachment":[{"href":"https:\/\/blog.uclm.es\/sylviamolina\/wp-json\/wp\/v2\/media?parent=3492"}],"wp:term":[{"taxonomy":"category","embeddable":true,"href":"https:\/\/blog.uclm.es\/sylviamolina\/wp-json\/wp\/v2\/categories?post=3492"},{"taxonomy":"post_tag","embeddable":true,"href":"https:\/\/blog.uclm.es\/sylviamolina\/wp-json\/wp\/v2\/tags?post=3492"}],"curies":[{"name":"wp","href":"https:\/\/api.w.org\/{rel}","templated":true}]}}