{"id":2290,"date":"2016-11-03T21:35:18","date_gmt":"2016-11-03T21:35:18","guid":{"rendered":"http:\/\/www3.uclm.es\/profesorado\/symolina\/wordpress\/?p=2290"},"modified":"2016-11-03T21:35:18","modified_gmt":"2016-11-03T21:35:18","slug":"las-colecciones-del-gme-pasado-presente-futuro","status":"publish","type":"post","link":"https:\/\/blog.uclm.es\/sylviamolina\/2016\/11\/03\/las-colecciones-del-gme-pasado-presente-futuro\/","title":{"rendered":"Las colecciones del GME. Pasado, presente, futuro"},"content":{"rendered":"<p><strong><\/strong><\/p>\n\n\n<\/strong>\n<figure class=\"wp-block-image size-large\"><img loading=\"lazy\" decoding=\"async\" width=\"227\" height=\"227\" class=\"wp-image-7985 alignleft\" src=\"https:\/\/blog.uclm.es\/sylviamolina\/wp-content\/uploads\/sites\/84\/2016\/11\/DF559DD1-8521-46C8-A2DB-D9E26E437CEB1.png\" alt=\"\" srcset=\"https:\/\/blog.uclm.es\/sylviamolina\/wp-content\/uploads\/sites\/84\/2016\/11\/DF559DD1-8521-46C8-A2DB-D9E26E437CEB1.png 227w, https:\/\/blog.uclm.es\/sylviamolina\/wp-content\/uploads\/sites\/84\/2016\/11\/DF559DD1-8521-46C8-A2DB-D9E26E437CEB1-150x150.png 150w, https:\/\/blog.uclm.es\/sylviamolina\/wp-content\/uploads\/sites\/84\/2016\/11\/DF559DD1-8521-46C8-A2DB-D9E26E437CEB1-100x100.png 100w\" sizes=\"auto, (max-width: 227px) 100vw, 227px\" \/><\/figure>\n<strong>\n\n\n<p>Las CAAC de Cuenca edita el cat\u00e1logo general de sus Colecciones y Archivos de Arte Contempor\u00e1neo.<\/p>\n<p>Esta obra representa la culminaci\u00f3n de la ideaci\u00f3n, creaci\u00f3n y puesta en funcionamiento de las <strong>Colecciones y Archivos de Arte Contempor\u00e1neo (CAAC) de Cuenca por parte de la Facultad de Bellas Artes de Cuenca de la Universidad de Castilla-La Mancha<\/strong>, cuya Junta de Facultad lo aprob\u00f3 por unanimidad en su reuni\u00f3n plenaria de noviembre de 2012.<\/p>\n<p>El cat\u00e1logo de las Colecciones y Archivos de Arte Contempor\u00e1neo (CAAC) de Cuenca, cuya edici\u00f3n ha sido coordinada por Jos\u00e9 Ram\u00f3n Alcal\u00e1 y Vicente Jarque, ha sido finalmente publicado, tras dos a\u00f1os de intenso trabajo, gracias a la financiaci\u00f3n proveniente los proyectos de Excelencia MINECO (HAR2013-48604-C2-1-P) y de la Junta de CLM con fondos europeos FEDER (P011-2014-002-P). Ambos proyectos, que acaban de finalizar este pasado mes de diciembre, tendr\u00e1n su continuidad con el proyecto coordinado MINECO \u201cArchivo Espa\u00f1ol de Media Art\u201d, que ser\u00e1 dirigido por los profesores-investigadores Ana Navarrete (UCLM) y por Miguel \u00c1ngel Marzal (Universidad Carlos III de Madrid).<\/p>\n<p>El cat\u00e1logo, publicado -en versi\u00f3n f\u00edsica y digital- en la colecci\u00f3n Caleidoscopio de Ediciones de la Universidad de Castilla-La Mancha, contiene diez subcat\u00e1logos independientes en su edici\u00f3n f\u00edsica y 10 cap\u00edtulos en la digital: uno de presentaci\u00f3n de las CAAC_Cuenca, con un texto de los editores y otro de Francisco Jarauta, otro sobre el concepto de Archivo y Museo en el siglo XXI escrito por Oliver Grau, y ocho m\u00e1s correspondientes a cada una de las colecciones y archivos que compon\u00edan las CAAC de Cuenca en el momento del comienzo de su edici\u00f3n: Archivo Virtual de Artes Esc\u00e9nicas, por Zara Prieto; Archivo Pedro Almod\u00f3var, por Ignacio Oliva; Museo Internacional de Electrograf\u00eda, por Jos\u00e9 Ram\u00f3n Alcal\u00e1 y Beatriz Escribano; Medios de Impresi\u00f3n, por Enrique Mart\u00ednez Leal; Fondos de Obra Gr\u00e1fica de la Galer\u00eda Juana Mord\u00f3, por Ram\u00f3n Freire; GME, por Sylvia Molina, Javier Osona, Julio Sanz V\u00e1zquez, Daniel del Saz y Antonio J. Alc\u00e1zar; Parkett, por Armando Montesinos y Centro de Creaci\u00f3n Experimental, por Javier Ariza.<\/p>\n<p>El cat\u00e1logo se puede adquirir por unos precios muy asequibles (en versi\u00f3n f\u00edsica y en versi\u00f3n digital en PDF), a trav\u00e9s de la web del Servicio de Publicaciones de la UCLM\u00a0 https:\/\/publicaciones.uclm.es\/caac-cuenca-centro-de-arte-archivos-y-colecciones-cuenca-la-ciudad-y-la-cultura\/ , y tambi\u00e9n a trav\u00e9s del portal de venta de Amazon.<\/p>\n<p>Estas ocho colecciones iniciales que se referencian en el cat\u00e1logo que se acaba de editar ya han sido recientemente ampliadas con la incorporaci\u00f3n de una nueva (la novena): se trata del Archivo ARES (Archivo y estudio cr\u00edtico de las pr\u00e1cticas art\u00edsticas audiovisuales (v\u00eddeo expandido) en el arte espa\u00f1ol. Identidad y nuevos medios) resultante de otro proyecto de investigaci\u00f3n de Excelencia MINECO dirigido por la profesora de la Facultad de Bellas Ares de Cuenca, Ana Luisa Mart\u00ednez-Collado, y que se puede consultar a trav\u00e9s dela propia p\u00e1gina web de las CAAC_Cuenca:\u00a0 www.caac.uclm.es<\/p>\n<p>Adem\u00e1s del cat\u00e1logo, los proyectos mencionados han permitido la financiaci\u00f3n de la producci\u00f3n de un Documental (de 31\u2019 de duraci\u00f3n) que explica las peculiaridades de las CAAC_Cuenca a trav\u00e9s de un recorrido por las mismas, guiado por sus respectivos responsables. Pod\u00e9is acceder libremente al mismo a trav\u00e9s de la propia web de las CAAC_Cuenca. Su link de acceso directo es: https:\/\/vimeo.com\/173324707<\/p>\n<p>Para que pod\u00e1is tener m\u00e1s informaci\u00f3n al respecto, me he tomado la licencia de adjuntaros adem\u00e1s (en un documento PDF) el texto de la Introducci\u00f3n\/Presentaci\u00f3n de las CAAC_Cuenca que figura en el cat\u00e1logo, escrito por sus editores.<\/p>\n<p style=\"text-align: left\">\u00abLas colecciones del GME. Pasado, presente, futuro\u00bb<\/p>\n<p style=\"text-align: left\">Sylvia Molina, Julio Sanz V\u00e1zquez, Javier Osona, Daniel del Saz y Antonio J. Alc\u00e1zar<\/p>\n<p style=\"text-align: left\">Incluida en el volumen CAAC Cuenca.<\/p>\n<p style=\"text-align: left\">Colecciones de Archivos de Arte Contempor\u00e1neo. colecci\u00f3n Ccaleidoscopio. UCLM<\/p>\n<p style=\"text-align: left\">\u00a0ISBN 978-84-9044-235-7<\/p>\n<p style=\"text-align: left\">ISBN 978-84-9044-236-4 en su edici\u00f3n electr\u00f3nica.<\/p>\n<p>Descarga\u00a0<a href=\"https:\/\/ruidera.uclm.es\/xmlui\/bitstream\/handle\/10578\/16914\/311%20-%20414%20Las%20colecciones%20del%20GME.%20Pasado%2C%20presente%2C%20futuro..pdf?sequence=1&amp;isAllowed=y\" target=\"_blank\" rel=\"noopener noreferrer\">aqu\u00ed<\/a><\/p>\n<p><img loading=\"lazy\" decoding=\"async\" class=\"alignnone size-full wp-image-2895\" src=\"http:\/\/sylviamolina.es\/wp-content\/uploads\/1993\/06\/image001.png\" alt=\"\" width=\"567\" height=\"425\" \/><\/p>","protected":false},"excerpt":{"rendered":"<p>Las CAAC de Cuenca edita el cat\u00e1logo general de sus Colecciones y Archivos de Arte Contempor\u00e1neo. Esta obra representa la culminaci\u00f3n de la ideaci\u00f3n, creaci\u00f3n y puesta en funcionamiento de las Colecciones y Archivos de Arte Contempor\u00e1neo (CAAC) de Cuenca por parte de la Facultad de Bellas Artes de Cuenca de la Universidad de Castilla-La &hellip; <\/p>\n<p class=\"link-more\"><a href=\"https:\/\/blog.uclm.es\/sylviamolina\/2016\/11\/03\/las-colecciones-del-gme-pasado-presente-futuro\/\" class=\"more-link\">Continuar leyendo<span class=\"screen-reader-text\"> \u00abLas colecciones del GME. Pasado, presente, futuro\u00bb<\/span><\/a><\/p>\n","protected":false},"author":181,"featured_media":7985,"comment_status":"closed","ping_status":"closed","sticky":false,"template":"","format":"standard","meta":{"footnotes":""},"categories":[74,16,79,31,37,55,56,64],"tags":[],"class_list":["post-2290","post","type-post","status-publish","format-standard","has-post-thumbnail","hentry","category-bbaa_uclm","category-educacion","category-grupos-idi","category-fuzzy-gab-4","category-id","category-proyectos-id","category-publicaciones","category-sonido"],"_links":{"self":[{"href":"https:\/\/blog.uclm.es\/sylviamolina\/wp-json\/wp\/v2\/posts\/2290","targetHints":{"allow":["GET"]}}],"collection":[{"href":"https:\/\/blog.uclm.es\/sylviamolina\/wp-json\/wp\/v2\/posts"}],"about":[{"href":"https:\/\/blog.uclm.es\/sylviamolina\/wp-json\/wp\/v2\/types\/post"}],"author":[{"embeddable":true,"href":"https:\/\/blog.uclm.es\/sylviamolina\/wp-json\/wp\/v2\/users\/181"}],"replies":[{"embeddable":true,"href":"https:\/\/blog.uclm.es\/sylviamolina\/wp-json\/wp\/v2\/comments?post=2290"}],"version-history":[{"count":0,"href":"https:\/\/blog.uclm.es\/sylviamolina\/wp-json\/wp\/v2\/posts\/2290\/revisions"}],"wp:featuredmedia":[{"embeddable":true,"href":"https:\/\/blog.uclm.es\/sylviamolina\/wp-json\/wp\/v2\/media\/7985"}],"wp:attachment":[{"href":"https:\/\/blog.uclm.es\/sylviamolina\/wp-json\/wp\/v2\/media?parent=2290"}],"wp:term":[{"taxonomy":"category","embeddable":true,"href":"https:\/\/blog.uclm.es\/sylviamolina\/wp-json\/wp\/v2\/categories?post=2290"},{"taxonomy":"post_tag","embeddable":true,"href":"https:\/\/blog.uclm.es\/sylviamolina\/wp-json\/wp\/v2\/tags?post=2290"}],"curies":[{"name":"wp","href":"https:\/\/api.w.org\/{rel}","templated":true}]}}