{"id":2287,"date":"2016-10-17T15:15:29","date_gmt":"2016-10-17T15:15:29","guid":{"rendered":"http:\/\/www3.uclm.es\/profesorado\/symolina\/wordpress\/?p=2287"},"modified":"2016-10-17T15:15:29","modified_gmt":"2016-10-17T15:15:29","slug":"mesa-redonda_-quien-ensena-a-quien_-la-situacion-2016","status":"publish","type":"post","link":"https:\/\/blog.uclm.es\/sylviamolina\/2016\/10\/17\/mesa-redonda_-quien-ensena-a-quien_-la-situacion-2016\/","title":{"rendered":"Mesa Redonda_ \u00bfQui\u00e9n ense\u00f1a a quien?_ La Situaci\u00f3n 2016"},"content":{"rendered":"<h3 class=\"gmail_default\"><img loading=\"lazy\" decoding=\"async\" class=\"alignnone size-full wp-image-2503\" src=\"http:\/\/sylviamolina.es\/wp-content\/uploads\/2018\/06\/Captura-de-pantalla-2016-09-23-a-las-21.16.25.png\" alt=\"\" width=\"1639\" height=\"501\" \/><\/h3>\n<p>\u00a0<\/p>\n<p><img loading=\"lazy\" decoding=\"async\" class=\"alignnone size-full wp-image-3561\" src=\"https:\/\/blog.uclm.es\/sylviamolina\/wp-content\/uploads\/sites\/84\/2016\/10\/IMG_4941.jpg\" alt=\"\" width=\"740\" height=\"1110\" srcset=\"https:\/\/blog.uclm.es\/sylviamolina\/wp-content\/uploads\/sites\/84\/2016\/10\/IMG_4941.jpg 740w, https:\/\/blog.uclm.es\/sylviamolina\/wp-content\/uploads\/sites\/84\/2016\/10\/IMG_4941-200x300.jpg 200w, https:\/\/blog.uclm.es\/sylviamolina\/wp-content\/uploads\/sites\/84\/2016\/10\/IMG_4941-683x1024.jpg 683w\" sizes=\"auto, (max-width: 706px) 89vw, (max-width: 767px) 82vw, 740px\" \/> <img loading=\"lazy\" decoding=\"async\" class=\"alignnone size-full wp-image-3560\" src=\"https:\/\/blog.uclm.es\/sylviamolina\/wp-content\/uploads\/sites\/84\/2016\/10\/IMG_4940.jpg\" alt=\"\" width=\"740\" height=\"493\" srcset=\"https:\/\/blog.uclm.es\/sylviamolina\/wp-content\/uploads\/sites\/84\/2016\/10\/IMG_4940.jpg 740w, https:\/\/blog.uclm.es\/sylviamolina\/wp-content\/uploads\/sites\/84\/2016\/10\/IMG_4940-300x200.jpg 300w\" sizes=\"auto, (max-width: 706px) 89vw, (max-width: 767px) 82vw, 740px\" \/> <img loading=\"lazy\" decoding=\"async\" class=\"alignnone size-full wp-image-3559\" src=\"https:\/\/blog.uclm.es\/sylviamolina\/wp-content\/uploads\/sites\/84\/2016\/10\/IMG_4939.jpg\" alt=\"\" width=\"740\" height=\"493\" srcset=\"https:\/\/blog.uclm.es\/sylviamolina\/wp-content\/uploads\/sites\/84\/2016\/10\/IMG_4939.jpg 740w, https:\/\/blog.uclm.es\/sylviamolina\/wp-content\/uploads\/sites\/84\/2016\/10\/IMG_4939-300x200.jpg 300w\" sizes=\"auto, (max-width: 706px) 89vw, (max-width: 767px) 82vw, 740px\" \/><\/p>\n<h3 class=\"gmail_default\"><strong>Mesa 7.\u00a0\u00bfQui\u00e9n ense\u00f1a a qui\u00e9n?<\/strong><\/h3>\n<p>Lugar: Fundaci\u00f3n Antonio P\u00e9rez. Hora: 11:15<\/p>\n<p>Intervienen: <strong>Ni arte ni educaci\u00f3n, Anja Isabel Schneider<\/strong>. Participan: <strong>Nicol\u00e1s Paris, Sylvia Molina<\/strong>.\u00a0Modera: <strong>Jordi Ferreiro<\/strong>.<\/p>\n<p><a href=\"https:\/\/lasituacion2016.org\/foro-3-rehacer-desde-lo-comun\/\" target=\"_blank\" rel=\"noopener\">https:\/\/lasituacion2016.org\/foro-3-rehacer-desde-lo-comun\/<\/a><\/p>\n<p>\u00a0<\/p>\n<p><a href=\"https:\/\/lasituacion2016.org\/mesa-7-sin-titulo\/\" target=\"_blank\" rel=\"noopener\">Resumen de las intervenciones<\/a><\/p>\n<h3 class=\"gmail_default\">\u00a0<\/h3>\n\n\n<figure class=\"wp-block-image size-large\"><img loading=\"lazy\" decoding=\"async\" width=\"632\" height=\"1024\" src=\"https:\/\/blog.uclm.es\/sylviamolina\/wp-content\/uploads\/sites\/84\/2016\/10\/postal-632x1024.jpeg\" alt=\"\" class=\"wp-image-8323\" srcset=\"https:\/\/blog.uclm.es\/sylviamolina\/wp-content\/uploads\/sites\/84\/2016\/10\/postal-632x1024.jpeg 632w, https:\/\/blog.uclm.es\/sylviamolina\/wp-content\/uploads\/sites\/84\/2016\/10\/postal-185x300.jpeg 185w, https:\/\/blog.uclm.es\/sylviamolina\/wp-content\/uploads\/sites\/84\/2016\/10\/postal.jpeg 765w\" sizes=\"auto, (max-width: 632px) 100vw, 632px\" \/><\/figure>\n","protected":false},"excerpt":{"rendered":"<p>\u00a0 Mesa 7.\u00a0\u00bfQui\u00e9n ense\u00f1a a qui\u00e9n? Lugar: Fundaci\u00f3n Antonio P\u00e9rez. Hora: 11:15 Intervienen: Ni arte ni educaci\u00f3n, Anja Isabel Schneider. Participan: Nicol\u00e1s Paris, Sylvia Molina.\u00a0Modera: Jordi Ferreiro. https:\/\/lasituacion2016.org\/foro-3-rehacer-desde-lo-comun\/ \u00a0 Resumen de las intervenciones \u00a0<\/p>\n","protected":false},"author":181,"featured_media":3558,"comment_status":"closed","ping_status":"closed","sticky":false,"template":"","format":"standard","meta":{"footnotes":""},"categories":[74,10,16,31,52,63],"tags":[],"class_list":["post-2287","post","type-post","status-publish","format-standard","has-post-thumbnail","hentry","category-bbaa_uclm","category-conferencias","category-educacion","category-fuzzy-gab-4","category-proy-docente","category-sist-educativos"],"_links":{"self":[{"href":"https:\/\/blog.uclm.es\/sylviamolina\/wp-json\/wp\/v2\/posts\/2287","targetHints":{"allow":["GET"]}}],"collection":[{"href":"https:\/\/blog.uclm.es\/sylviamolina\/wp-json\/wp\/v2\/posts"}],"about":[{"href":"https:\/\/blog.uclm.es\/sylviamolina\/wp-json\/wp\/v2\/types\/post"}],"author":[{"embeddable":true,"href":"https:\/\/blog.uclm.es\/sylviamolina\/wp-json\/wp\/v2\/users\/181"}],"replies":[{"embeddable":true,"href":"https:\/\/blog.uclm.es\/sylviamolina\/wp-json\/wp\/v2\/comments?post=2287"}],"version-history":[{"count":0,"href":"https:\/\/blog.uclm.es\/sylviamolina\/wp-json\/wp\/v2\/posts\/2287\/revisions"}],"wp:featuredmedia":[{"embeddable":true,"href":"https:\/\/blog.uclm.es\/sylviamolina\/wp-json\/wp\/v2\/media\/3558"}],"wp:attachment":[{"href":"https:\/\/blog.uclm.es\/sylviamolina\/wp-json\/wp\/v2\/media?parent=2287"}],"wp:term":[{"taxonomy":"category","embeddable":true,"href":"https:\/\/blog.uclm.es\/sylviamolina\/wp-json\/wp\/v2\/categories?post=2287"},{"taxonomy":"post_tag","embeddable":true,"href":"https:\/\/blog.uclm.es\/sylviamolina\/wp-json\/wp\/v2\/tags?post=2287"}],"curies":[{"name":"wp","href":"https:\/\/api.w.org\/{rel}","templated":true}]}}