{"id":2192,"date":"2002-01-07T21:02:03","date_gmt":"2002-01-07T21:02:03","guid":{"rendered":"http:\/\/www3.uclm.es\/profesorado\/symolina\/wordpress\/?p=2192"},"modified":"2002-01-07T21:02:03","modified_gmt":"2002-01-07T21:02:03","slug":"en-la-piel-del-otro-2","status":"publish","type":"post","link":"https:\/\/blog.uclm.es\/sylviamolina\/2002\/01\/07\/en-la-piel-del-otro-2\/","title":{"rendered":"en la piel del otro"},"content":{"rendered":"<p>[:en]enlapieldelOtro\u2026<br \/>\nC U L T U R A S Y S O C I E D A D E S ME D I T E R R A N E A S<\/p>\n<p>Proyecto de Exposici\u00f3n<\/p>\n<p>Serie Documental de Televisi\u00f3n<\/p>\n<p>Proyecto Web<br \/>\nConcepto y direcci\u00f3n: Karin Ohlenschl\u00e4ger y Luis Rico<br \/>\nProducci\u00f3n: bQ\u00e9 proyectos culturales s.l.<br \/>\nColabora: Fundaci\u00f3n Banquete<\/p>\n<p>&nbsp;<\/p>\n<p style=\"padding-left: 30px\">Comit\u00e9 ejecutivo<br \/>\nPresidenta: Karin Ohlenschl\u00e4ger<br \/>\nDirector: Luis Rico<br \/>\nVocales:<br \/>\nSonia D\u00edez Thale<br \/>\nCarla Embcke<br \/>\nSylvia Molina<br \/>\nMar\u00eda P\u00e9rez de Herrasti<\/p>\n<p style=\"padding-left: 30px\">[gview file=\u00bbhttp:\/\/www3.uclm.es\/profesorado\/symolina\/websanteriores\/2007\/01rojo_proyectos\/elBanquete\/enlapieldelotro\/elLaPieldelOtro.pdf\u00bb save=\u00bb0&#8243;]<\/p>\n<p>[:]<\/p>\n","protected":false},"excerpt":{"rendered":"<p>[:en]enlapieldelOtro\u2026 C U L T U R A S Y S O C I E D A D E S ME D I T E R R A N E A S Proyecto de Exposici\u00f3n Serie Documental de Televisi\u00f3n Proyecto Web Concepto y direcci\u00f3n: Karin Ohlenschl\u00e4ger y Luis Rico Producci\u00f3n: bQ\u00e9 proyectos culturales s.l. Colabora: &hellip; <\/p>\n<p class=\"link-more\"><a href=\"https:\/\/blog.uclm.es\/sylviamolina\/2002\/01\/07\/en-la-piel-del-otro-2\/\" class=\"more-link\">Continuar leyendo<span class=\"screen-reader-text\"> \u00aben la piel del otro\u00bb<\/span><\/a><\/p>\n","protected":false},"author":181,"featured_media":3379,"comment_status":"closed","ping_status":"closed","sticky":false,"template":"","format":"standard","meta":{"footnotes":""},"categories":[13,25,37,51,54],"tags":[],"class_list":["post-2192","post","type-post","status-publish","format-standard","has-post-thumbnail","hentry","category-cv_part02","category-el-banquete","category-id","category-pre-proyectos","category-proyectos-de-encargo"],"_links":{"self":[{"href":"https:\/\/blog.uclm.es\/sylviamolina\/wp-json\/wp\/v2\/posts\/2192","targetHints":{"allow":["GET"]}}],"collection":[{"href":"https:\/\/blog.uclm.es\/sylviamolina\/wp-json\/wp\/v2\/posts"}],"about":[{"href":"https:\/\/blog.uclm.es\/sylviamolina\/wp-json\/wp\/v2\/types\/post"}],"author":[{"embeddable":true,"href":"https:\/\/blog.uclm.es\/sylviamolina\/wp-json\/wp\/v2\/users\/181"}],"replies":[{"embeddable":true,"href":"https:\/\/blog.uclm.es\/sylviamolina\/wp-json\/wp\/v2\/comments?post=2192"}],"version-history":[{"count":0,"href":"https:\/\/blog.uclm.es\/sylviamolina\/wp-json\/wp\/v2\/posts\/2192\/revisions"}],"wp:featuredmedia":[{"embeddable":true,"href":"https:\/\/blog.uclm.es\/sylviamolina\/wp-json\/wp\/v2\/media\/3379"}],"wp:attachment":[{"href":"https:\/\/blog.uclm.es\/sylviamolina\/wp-json\/wp\/v2\/media?parent=2192"}],"wp:term":[{"taxonomy":"category","embeddable":true,"href":"https:\/\/blog.uclm.es\/sylviamolina\/wp-json\/wp\/v2\/categories?post=2192"},{"taxonomy":"post_tag","embeddable":true,"href":"https:\/\/blog.uclm.es\/sylviamolina\/wp-json\/wp\/v2\/tags?post=2192"}],"curies":[{"name":"wp","href":"https:\/\/api.w.org\/{rel}","templated":true}]}}