{"id":124,"date":"2016-04-12T18:13:36","date_gmt":"2016-04-12T18:13:36","guid":{"rendered":"https:\/\/sylviamolina.wordpress.com\/?p=124"},"modified":"2016-04-12T18:13:36","modified_gmt":"2016-04-12T18:13:36","slug":"fuzzy-gab-4-semana-del-sonido_-zaragoza-2016","status":"publish","type":"post","link":"https:\/\/blog.uclm.es\/sylviamolina\/2016\/04\/12\/fuzzy-gab-4-semana-del-sonido_-zaragoza-2016\/","title":{"rendered":"Semana del Sonido_ Zaragoza 2016"},"content":{"rendered":"\n<figure class=\"wp-block-image size-large\"><img loading=\"lazy\" decoding=\"async\" width=\"975\" height=\"641\" src=\"https:\/\/sylviamolina.es\/wp-content\/uploads\/2021\/05\/semanaSonido.png\" alt=\"\" class=\"wp-image-8067\" srcset=\"https:\/\/blog.uclm.es\/sylviamolina\/wp-content\/uploads\/sites\/84\/2021\/05\/semanaSonido.png 975w, https:\/\/blog.uclm.es\/sylviamolina\/wp-content\/uploads\/sites\/84\/2021\/05\/semanaSonido-300x197.png 300w, https:\/\/blog.uclm.es\/sylviamolina\/wp-content\/uploads\/sites\/84\/2021\/05\/semanaSonido-768x505.png 768w\" sizes=\"auto, (max-width: 767px) 89vw, (max-width: 1000px) 54vw, (max-width: 1071px) 543px, 580px\" \/><\/figure>\n\n\n<div class=\"post-304 post type-post status-publish format-standard has-post-thumbnail hentry category-conciertos category-conferencias category-investigador-sylvia-molina\">\n<div class=\"inside clearfix\">\n<p><span class=\"meta clearfix\">Del 18 al 22 de abril, Etopia Centro de Arte y Tecnolog\u00eda presenta la Semana del Sonido, un ciclo de actividades centradas en el arte, la socializaci\u00f3n y la educaci\u00f3n a trav\u00e9s del sonido.<\/span>Organizada por el Ayuntamiento de Zaragoza, en colaboraci\u00f3n con Campo de Interferencias y y el Centro CeLeO, la Semana del Sonido busca mostrar diferentes proyectos art\u00edsticos as\u00ed como otros orientados a la educaci\u00f3n y la inclusi\u00f3n social desde el \u00e1mbito de lo sonoro.<\/p>\n<p><span class=\"_4n-j fsl\">\u00a0<\/span><\/p>\n<p><a href=\"https:\/\/www.facebook.com\/events\/835422743236228\/\" target=\"_blank\" rel=\"noopener\">https:\/\/www.facebook.com\/events\/835422743236228\/<\/a><\/p>\n<p><span class=\"_4n-j fsl\">PROGRAMA COMPLETO<\/span><\/p>\n<p>\u2013 7 m\u00fasicas raras \u2013<br \/><span class=\"text_exposed_show\"><br \/>Lunes 18 de abril. 19 h. Entrada libre<\/span><\/p>\n<p>Un encuentro debate sobre cu\u00e1les son los l\u00edmites de lo que se llama m\u00fasica. A partir de la escucha de obras controvertidas que cuestionan nuestra relaci\u00f3n al sonido y a la escucha, veremos como la m\u00fasica se re-define en cada momento para explorar los territorios m\u00e1s peligrosos e innovadores del fen\u00f3meno sonoro.<\/p>\n<p>M\u00fasica experimental, de vanguardia, arte sonoro\u2026.son palabras que asustan, nosotros dialogaremos e intentaremos desvelar los misterios de esas pr\u00e1cticas para que no nos vuelvan a parecer m\u00fasicas raras.<\/p>\n<p>Por Antony Maubert: Artista multifac\u00e9tico, improvisador, compositor, experimentador en varios campo del sonido -invenci\u00f3n de instrumento o programaci\u00f3n audio- Antony Maubert participa desde finales de los a\u00f1os 90 en los festivales internacionales m\u00e1s prestigiosos de Europa, EEUU o Sudam\u00e9rica. Ha estudiado en el Conservatoire National Superieur de Paris (CNSMD), en el CCMIX creado por Iannis Xenakis, responsable de la pedagog\u00eda en el Centro International de Recherche Musical (Cirm-Manca), y profesor de m\u00fasica electroac\u00fastica en el Conservatorio de Niza. Desde 2010 vive en Espa\u00f1a.<br \/><a href=\"http:\/\/l.facebook.com\/l.php?u=http%3A%2F%2Fwww.antonymaubert.com%2F&amp;h=PAQFMzedU&amp;enc=AZOaFptXcvuJoGra2i2P_Nux-mgl5BIHSwh8RsTyar4OG2sRF962HYaMuNLjdsdKS5M&amp;s=1\" target=\"_blank\" rel=\"nofollow noopener\">www.antonymaubert.com<\/a><\/p>\n<p>\u2013 Recursos Open Source para la Educaci\u00f3n Musical \u2013<\/p>\n<p>Martes 19 de abril. 19h. Entrada libre<\/p>\n<p>Presentaremos el software de libre acceso disponible en la actualidad para ofrecer una ense\u00f1anza que facilite la adquisici\u00f3n de conocimientos musicales. Se mostrar\u00e1n herramientas para la adquisici\u00f3n de capacidades auditivas, de ense\u00f1anza de la teor\u00eda musical, para la entonaci\u00f3n e interpretaci\u00f3n de instrumentos, y de an\u00e1lisis y conocimiento de estructuras musicales.<\/p>\n<p>Por Edith Alonso: Doctor en arte, ciencia y tecnolog\u00eda (especialidad m\u00fasica) por la Universidad Paris VIII (Francia). Doctor en filosof\u00eda por la Universidad Complutense de Madrid. Profesor superior de piano, solfeo y composici\u00f3n. Actualmente es profesora asociada en la UNIR (Universidad Internacional de la Rioja) en el grado de m\u00fasica y en el M\u00e1ster en investigaci\u00f3n musical. Ha publicado numerosos art\u00edculos y participado en congresos internacionales.<\/p>\n<p>\u2013 Las aulas multisensoriales y de relajaci\u00f3n como espacio sonoro \u2013<\/p>\n<p>Mi\u00e9rcoles 20 de abril. 18:30h. Entrada libre<\/p>\n<p>La ponencia resumir\u00e1 algunas caracter\u00edsticas de las sensaciones y percepciones auditivas y de su integraci\u00f3n sensorial para producir respuestas adaptadas. Se concretar\u00e1n algunos aspectos del amueblamiento sonoro de los espacios escolares y se efectuar\u00e1 un repaso del trabajo educativo con el sonido en estas aulas.<\/p>\n<p>Por Alfonso L\u00e1zaro: Profesor especialista de Educaci\u00f3n Especial, Educaci\u00f3n F\u00edsica y Psicomotricidad. Psicopedagogo. Doctor en Pedagog\u00eda. Coordinador del Centro de Recursos del Colegio de Educaci\u00f3n Especial Gloria Fuertes de Andorra (Teruel).<\/p>\n<p>\u2013 Proyecto CeLeO \u2013<\/p>\n<p>Mi\u00e9rcoles 20 de abril. 19:30h. Entrada libre<\/p>\n<p>Presentaci\u00f3n de los proyectos desarrollados desde la secci\u00f3n I+D del Centro CeLeO. En nuestros proyectos de innovaci\u00f3n se busca mejorar la calidad de vida de nuestros pacientes usando, en la mediada de lo posible, software y hardware libre para que las soluciones se puedan generalizar m\u00e1s f\u00e1cilmente.<\/p>\n<p>Por Ana Mar\u00eda Ochando Cerd\u00e1n y Jorge S\u00e1nchez L\u00f3pez: codirectores del centro CeLeo.<\/p>\n<p>\u2013 <strong>Invisibilidad y presencia. Interfaces diluidas entre dos realidades \u2013<\/strong><\/p>\n<p>Jueves 21 de abril. 19h. Entrada libre<\/p>\n<p>Interfaces graficas como los software y hardware hasta ahora establecidos, son sustituidos por interfaces que parecen invisibles al usuario (c\u00e1maras de reconocimiento facial o de presencia, smartphones que ubican espacialmente a un usuario sin ser consciente, smartwatch que vigilan sus pulsaciones y su actividad en el mundo real\u2026).<\/p>\n<p>Las metodolog\u00edas l\u00edquidas de Baumann no son m\u00e1s que una consecuencia de la disoluci\u00f3n entre dos realidades, la digital y la anal\u00f3gica, tr\u00e1nsitada a trav\u00e9s de interfaces invisibles que reconocen nuestra presencia.<\/p>\n<p>Por <strong>Sylvia Molina<\/strong>: Doctora Cum Laude por la Universidad Complutense de Madrid. Actualmente es profesora de arte y nuevas tecnolog\u00edas y proyectos finales en la Facultad de Bellas Artes de Cuenca (UCLM). Sus proyectos e investigaciones desde principios de los 90 se han centrado en el campo de la pl\u00e1stica y la m\u00fasica en el computador (tema base de su Tesis Doctoral publicada por la Universidad Complutense de Madrid ISBN-84-669-1899-X)).<\/p>\n<p><a href=\"http:\/\/www.sylviamolina.net\" target=\"_blank\" rel=\"noopener\">http:\/\/www.sylviamolina.net<\/a><\/p>\n<p>Cine \u2013 Conciertos<\/p>\n<p>Viernes 22, a partir de las 20h. Entrada libre<\/p>\n<p>El hundimiento de la casa Usher (20h) La obra maestra del surrealista franc\u00e9s Jean Epstein, basada en el cuento de Edgar Allan Poe: llamado por Lord Roderick Usher, preocupado por la salud de su esposa, con quien vive en una casa aislada en medio de la laguna, uno de sus amigos se dirige en este lugar cargado de suspense y enigmas.<br \/>Antony Maubert: banda sonora en directo<\/p>\n<p>EGOSYSTEM . El Ruido es un sonido suficiente : Acci\u00f3n Sonora Noise en 4 actos con visuales (21h) El proyecto Egosystem nace en enero de 2014. Detr\u00e1s del proyecto est\u00e1 Carlos Villar Morales (Zaragoza). Anteriormente ha formado parte de numerosas bandas locales destacando su participaci\u00f3n como teclista en la ya desaparecida banda zaragozana Cielito Lindo (postrock experimental). Actualmente tambi\u00e9n trabaja enla banda reci\u00e9n creada SUPERESTRUCTURA con el artista Antuan Duchamp, un viejo conocido de la escena musical Zaragozana. Carlos Villar tambi\u00e9n trabaja con v\u00eddeo realizando documentales en formato VHS de diferentes artistas underground de la ciudad de Zaragoza. Egosystem crea fundamentalmente piezas de audio aunque el v\u00eddeo es un elemento expresivo importante en su propuesta. La dimensi\u00f3n ac\u00fastica y la dimensi\u00f3n electr\u00f3nica se mezclan en composiciones de estructura repetitiva, obsesiva y ruidista. Egosystem se caracteriza por una dimensi\u00f3n expresiva de texturas inquietantes y sombr\u00edas.<br \/><a href=\"https:\/\/www.facebook.com\/l.php?u=https%3A%2F%2Fsoundcloud.com%2Fegosystem2&amp;h=XAQEKW0P3&amp;enc=AZOrp-QRb2DXClnWNPCDzDYVixmFKk1QtEO43jZqvM5r6k1VWh6SourwAkvi7S4JXtA&amp;s=1\" target=\"_blank\" rel=\"nofollow noopener\">https:\/\/soundcloud.com\/egosystem2<\/a><\/p>\n<p>\u00a0<\/p>\n<p>Entrada Gratuita<\/p>\n<\/div>\n<\/div>\n<p>Origen: <a href=\"http:\/\/fuzzygab.uclm.es\/2016\/04\/12\/semana-del-sonido_-zaragoza-2016\/\">Fuzzy Gab .4 \u00bb Semana del Sonido_ Zaragoza 2016<\/a><\/p>\n<p>\u00a0<\/p>\n<p>\u00a0<\/p>\n<p>[jeba_timeline]<\/p>","protected":false},"excerpt":{"rendered":"<p>Del 18 al 22 de abril, Etopia Centro de Arte y Tecnolog\u00eda presenta la Semana del Sonido, un ciclo de actividades centradas en el arte, la socializaci\u00f3n y la educaci\u00f3n a trav\u00e9s del sonido.Organizada por el Ayuntamiento de Zaragoza, en colaboraci\u00f3n con Campo de Interferencias y y el Centro CeLeO, la Semana del Sonido busca &hellip; <\/p>\n<p class=\"link-more\"><a href=\"https:\/\/blog.uclm.es\/sylviamolina\/2016\/04\/12\/fuzzy-gab-4-semana-del-sonido_-zaragoza-2016\/\" class=\"more-link\">Continuar leyendo<span class=\"screen-reader-text\"> \u00abSemana del Sonido_ Zaragoza 2016\u00bb<\/span><\/a><\/p>\n","protected":false},"author":181,"featured_media":8067,"comment_status":"open","ping_status":"open","sticky":false,"template":"","format":"standard","meta":{"footnotes":""},"categories":[10,37,64],"tags":[],"class_list":["post-124","post","type-post","status-publish","format-standard","has-post-thumbnail","hentry","category-conferencias","category-id","category-sonido"],"_links":{"self":[{"href":"https:\/\/blog.uclm.es\/sylviamolina\/wp-json\/wp\/v2\/posts\/124","targetHints":{"allow":["GET"]}}],"collection":[{"href":"https:\/\/blog.uclm.es\/sylviamolina\/wp-json\/wp\/v2\/posts"}],"about":[{"href":"https:\/\/blog.uclm.es\/sylviamolina\/wp-json\/wp\/v2\/types\/post"}],"author":[{"embeddable":true,"href":"https:\/\/blog.uclm.es\/sylviamolina\/wp-json\/wp\/v2\/users\/181"}],"replies":[{"embeddable":true,"href":"https:\/\/blog.uclm.es\/sylviamolina\/wp-json\/wp\/v2\/comments?post=124"}],"version-history":[{"count":0,"href":"https:\/\/blog.uclm.es\/sylviamolina\/wp-json\/wp\/v2\/posts\/124\/revisions"}],"wp:featuredmedia":[{"embeddable":true,"href":"https:\/\/blog.uclm.es\/sylviamolina\/wp-json\/wp\/v2\/media\/8067"}],"wp:attachment":[{"href":"https:\/\/blog.uclm.es\/sylviamolina\/wp-json\/wp\/v2\/media?parent=124"}],"wp:term":[{"taxonomy":"category","embeddable":true,"href":"https:\/\/blog.uclm.es\/sylviamolina\/wp-json\/wp\/v2\/categories?post=124"},{"taxonomy":"post_tag","embeddable":true,"href":"https:\/\/blog.uclm.es\/sylviamolina\/wp-json\/wp\/v2\/tags?post=124"}],"curies":[{"name":"wp","href":"https:\/\/api.w.org\/{rel}","templated":true}]}}