{"id":116,"date":"2016-01-19T18:11:08","date_gmt":"2016-01-19T18:11:08","guid":{"rendered":"https:\/\/sylviamolina.wordpress.com\/?p=116"},"modified":"2016-01-19T18:11:08","modified_gmt":"2016-01-19T18:11:08","slug":"fuzzy-gab-4-xxii-festival-punto-de-encuentro_-berlin","status":"publish","type":"post","link":"https:\/\/blog.uclm.es\/sylviamolina\/2016\/01\/19\/fuzzy-gab-4-xxii-festival-punto-de-encuentro_-berlin\/","title":{"rendered":"XXII Festival Punto de Encuentro_ Berlin"},"content":{"rendered":"\n<figure class=\"wp-block-image size-large\"><img loading=\"lazy\" decoding=\"async\" width=\"724\" height=\"1024\" src=\"https:\/\/sylviamolina.es\/wp-content\/uploads\/2021\/05\/letsSaveBerlinPoster-724x1024.jpeg\" alt=\"\" class=\"wp-image-8107\" srcset=\"https:\/\/blog.uclm.es\/sylviamolina\/wp-content\/uploads\/sites\/84\/2021\/05\/letsSaveBerlinPoster-724x1024.jpeg 724w, https:\/\/blog.uclm.es\/sylviamolina\/wp-content\/uploads\/sites\/84\/2021\/05\/letsSaveBerlinPoster-212x300.jpeg 212w, https:\/\/blog.uclm.es\/sylviamolina\/wp-content\/uploads\/sites\/84\/2021\/05\/letsSaveBerlinPoster-768x1086.jpeg 768w, https:\/\/blog.uclm.es\/sylviamolina\/wp-content\/uploads\/sites\/84\/2021\/05\/letsSaveBerlinPoster.jpeg 842w\" sizes=\"auto, (max-width: 724px) 100vw, 724px\" \/><\/figure>\n\n\n<div class=\"post-135 post type-post status-publish format-standard has-post-thumbnail hentry category-conciertos\">\n<div class=\"inside clearfix\">\n<h3><strong>La Compo<\/strong><strong>sici\u00f3n Musical \u201cSalvemos el Gabinete de M\u00fasica Electroacustica de Cuenca\u201d seleccionada para participar en el\u00a0XXII FESTIVAL PUNTO DE ENCUENTRO #BERLIN#.<\/strong><\/h3>\n<p>XXII Festival Punto de Encuentro 22,23 y 24 Instituto Cervantes \/ Glogauair Berlin. Asociaci\u00f3n PINPANPUN \/ AMEE<\/p>\n<p><a href=\"https:\/\/pinpanpunfest.wordpress.com\/extra\/xxii-festival-punto-de-encuentro-berlin\/\">XXII FESTIVAL PUNTO DE ENCUENTRO\u00a0#BERLIN#<\/a><\/p>\n<p>Tras los apoyos y \u00e9xitos obtenidos en Lisboa (CIME-UNESCO), Timisoara (Festival Internacional Ruman\u00eda) y Kracovia (CIME Polonia -UNESCO), el proximo S\u00e1bado la Composici\u00f3n Musical \u201cSalvemos el Gabinete de M\u00fasica Electroacustica de Cuenca\u201d ser\u00e1 interpretadas en BERLIN.<br \/>XXII Festival Punto de Encuentro 22,23 y 24 Instituto Cervantes \/ Glogauair Berlin.Asociaci\u00f3n PINPANPUN \/ AMEE<\/p>\n<p>Desde la Asociac\u00edon Accion GME v2.4 quermos compartir la enhorabuena a todas aquellas personas e instituciones que est\u00e1n haciendo posible rescatar la memoria de la M\u00fasica Electroac\u00fastica de Cuenca.<\/p>\n<p>Enhorabuena \u201cLet\u00b4s save Cuenca\u00b4s GME\u201d<\/p>\n<p>Nueva composici\u00f3n \/Mezcla Electroac\u00fastica Estreno seleccionada para participar en BERLIN.<\/p>\n<p>El s\u00e1bado 23 de enero de 2016, a las 20:00 h., en la sala Glogauair\u00a0de\u00a0Berl\u00edn.<\/p>\n<p>Obra compuesta con los archivos enviados por colectivos y compositores reivindicando la necesidad de Salvar el Gabinete de M\u00fasica Electroac\u00fastica de Cuenca, tras a\u00f1os abandono y abocamiento al ostracismo institucional. Surge como consecuencia de la propuesta realizada por la Asociaci\u00f3n de M\u00fasica Electroac\u00fastica de Espa\u00f1a AMEE al Compositor Julio Sanz V\u00e1zquez han colaborado miembros de la AMEE, ACuOSO, OSOMEX, Huerto del Sonido, Equipo Elevador, Victor Aguado, Victor Vall\u00e9s, Ricardo Armas, Diana P\u00e9rez Custodio, Adolfo N\u00fa\u00f1ez, Pedro Guajardo, Enrique Mateu, Carlos D.Perales, Merce Capdevila, Roberto Pineda Tenor, Jos\u00e9 Andr\u00e9s Prieto Franco, Pablo Vega, Julio Sanz, Pedro Linde Navas, Miguel A. Garc\u00eda, Pablo Martinez Garrido, Ricardo Climent, Apolo Vald\u00e9s, Joaqu\u00edn D\u00edaz, Sergio Bascu\u00f1ana, J. Antonio Lle\u00f3 Miguel Molina, Marion Velasco, El Padre Castillejo y Sylvia Molina con el soporte de la Plataforma Poliedro Sinest\u00e9sico de Fabi\u00e1n Luna y la web Acci\u00f3nGME v2.4 con la colaboraci\u00f3n de Daniel del Saz y Javier Osona.<\/p>\n<p>Listado de seleccionados: <a href=\"http:\/\/www.musicaelectroacustica.com\/amee\/eventos\/punto-de-encuentro-berlin\/\" target=\"_blank\" rel=\"noopener\">http:\/\/www.musicaelectroacustica.com\/amee\/eventos\/punto-de-encuentro-berlin\/<\/a><\/p>\n<p><span style=\"font-size: inherit;font-family: -apple-system, BlinkMacSystemFont, 'Segoe UI', Roboto, Oxygen-Sans, Ubuntu, Cantarell, 'Helvetica Neue', sans-serif\">Origen: <\/span><a style=\"font-size: inherit;font-family: -apple-system, BlinkMacSystemFont, 'Segoe UI', Roboto, Oxygen-Sans, Ubuntu, Cantarell, 'Helvetica Neue', sans-serif\" href=\"http:\/\/fuzzygab.uclm.es\/2016\/01\/19\/135\/\">Fuzzy Gab .4 \u00bb XXII Festival Punto de Encuentro_ Berlin<\/a><\/p>\n<\/div>\n<\/div>","protected":false},"excerpt":{"rendered":"<p>La Composici\u00f3n Musical \u201cSalvemos el Gabinete de M\u00fasica Electroacustica de Cuenca\u201d seleccionada para participar en el\u00a0XXII FESTIVAL PUNTO DE ENCUENTRO #BERLIN#. XXII Festival Punto de Encuentro 22,23 y 24 Instituto Cervantes \/ Glogauair Berlin. Asociaci\u00f3n PINPANPUN \/ AMEE XXII FESTIVAL PUNTO DE ENCUENTRO\u00a0#BERLIN# Tras los apoyos y \u00e9xitos obtenidos en Lisboa (CIME-UNESCO), Timisoara (Festival Internacional &hellip; <\/p>\n<p class=\"link-more\"><a href=\"https:\/\/blog.uclm.es\/sylviamolina\/2016\/01\/19\/fuzzy-gab-4-xxii-festival-punto-de-encuentro_-berlin\/\" class=\"more-link\">Continuar leyendo<span class=\"screen-reader-text\"> \u00abXXII Festival Punto de Encuentro_ Berlin\u00bb<\/span><\/a><\/p>\n","protected":false},"author":181,"featured_media":8109,"comment_status":"open","ping_status":"open","sticky":false,"template":"","format":"aside","meta":{"footnotes":""},"categories":[5,9,13,31,37,64],"tags":[],"class_list":["post-116","post","type-post","status-publish","format-aside","has-post-thumbnail","hentry","category-acciongme","category-conciertos","category-cv_part02","category-fuzzy-gab-4","category-id","category-sonido","post_format-post-format-aside"],"_links":{"self":[{"href":"https:\/\/blog.uclm.es\/sylviamolina\/wp-json\/wp\/v2\/posts\/116","targetHints":{"allow":["GET"]}}],"collection":[{"href":"https:\/\/blog.uclm.es\/sylviamolina\/wp-json\/wp\/v2\/posts"}],"about":[{"href":"https:\/\/blog.uclm.es\/sylviamolina\/wp-json\/wp\/v2\/types\/post"}],"author":[{"embeddable":true,"href":"https:\/\/blog.uclm.es\/sylviamolina\/wp-json\/wp\/v2\/users\/181"}],"replies":[{"embeddable":true,"href":"https:\/\/blog.uclm.es\/sylviamolina\/wp-json\/wp\/v2\/comments?post=116"}],"version-history":[{"count":0,"href":"https:\/\/blog.uclm.es\/sylviamolina\/wp-json\/wp\/v2\/posts\/116\/revisions"}],"wp:featuredmedia":[{"embeddable":true,"href":"https:\/\/blog.uclm.es\/sylviamolina\/wp-json\/wp\/v2\/media\/8109"}],"wp:attachment":[{"href":"https:\/\/blog.uclm.es\/sylviamolina\/wp-json\/wp\/v2\/media?parent=116"}],"wp:term":[{"taxonomy":"category","embeddable":true,"href":"https:\/\/blog.uclm.es\/sylviamolina\/wp-json\/wp\/v2\/categories?post=116"},{"taxonomy":"post_tag","embeddable":true,"href":"https:\/\/blog.uclm.es\/sylviamolina\/wp-json\/wp\/v2\/tags?post=116"}],"curies":[{"name":"wp","href":"https:\/\/api.w.org\/{rel}","templated":true}]}}