{"id":112,"date":"2016-01-20T18:10:03","date_gmt":"2016-01-20T18:10:03","guid":{"rendered":"https:\/\/sylviamolina.wordpress.com\/?p=112"},"modified":"2016-01-20T18:10:03","modified_gmt":"2016-01-20T18:10:03","slug":"fuzzy-gab-4-convenio-uclm-diputacion-para-la-recuperacion-de-los-fondos-gme","status":"publish","type":"post","link":"https:\/\/blog.uclm.es\/sylviamolina\/2016\/01\/20\/fuzzy-gab-4-convenio-uclm-diputacion-para-la-recuperacion-de-los-fondos-gme\/","title":{"rendered":"Convenio UCLM-Diputaci\u00f3n para la recuperaci\u00f3n de los fondos GME"},"content":{"rendered":"<div class=\"post-215 post type-post status-publish format-standard has-post-thumbnail hentry category-conveniosagreement category-investigacion\">\n<div class=\"inside clearfix\">\n<h1>\u00a0<\/h1>\n<p>CONVENIO DE COLABORACI\u00d3N ENTRE LA UNIVERSIDAD DE CASTILLA-LA MANCHA Y LA EXCMA. DIPUTACI\u00d3N PROVINCIAL DE CUENCA PARA LA REALIZACI\u00d3N DEL PROYECTO DE CATALOGACI\u00d3N Y DIGITALIZACI\u00d3N DEL GABINETE DE M\u00daSICA ELECTROAC\u00daSTICA.<\/p>\n<p>Fecha Firma: 20 de Enero 2016<\/p>\n<p><strong>La Diputaci\u00f3n provincial de Cuenca ha cedido los fondos del Gabinete de M\u00fasica Electroac\u00fastica a las Colecciones y Archivos de Arte Contempor\u00e1neo de la Facultad de Bellas Artes de la Universidad de Castilla-La Mancha. Un acuerdo que ha sido rubricado por la vicerrectora de Cultura y Extensi\u00f3n Universitaria, Mar\u00eda \u00c1ngeles Zurilla, y por el presidente de la Diputaci\u00f3n provincial, Benjam\u00edn Prieto<\/strong><\/p>\n<p>Los fondos del Gabinete de M\u00fasica Electroac\u00fastica (GME) formar\u00e1n parte de las Colecciones y Archivos de Arte Contempor\u00e1neo (CAAC) de la Facultad de Bellas Artes de la Universidad de Castilla-La Mancha (UCLM), tras el convenio de colaboraci\u00f3n suscrito por la instituci\u00f3n acad\u00e9mica y la Diputaci\u00f3n provincial de Cuenca.<\/p>\n<p>El grupo de investigaci\u00f3n Fuzzy Gab. 4, dirigido por la profesora de Bellas Artes Sylvia Molina<\/p>\n<p>+ info:<\/p>\n<\/div>\n<p>https:\/\/www.uclmtv.uclm.es\/los-fondos-del-gabinete-de-musica-electroacustica-pasan-a-formar-parte-de-los-archivos-de-la-facultad-de-bellas-artes\/<\/p>\n<div class=\"inside clearfix\">\n<p><a href=\"http:\/\/eldiadigital.es\/not\/160522\/la-diputacion-firma-convenios-con-la-universidad-regional-y-la-escuela-de-arte-lsquo-jose-m-cruz-novillo-rsquo-\/\" target=\"_blank\" rel=\"noopener\">http:\/\/eldiadigital.es\/not\/160522\/la-diputacion-firma-convenios-con-la-universidad-regional-y-la-escuela-de-arte-lsquo-jose-m-cruz-novillo-rsquo-\/<\/a><\/p>\n<p class=\"gde-text\"><a class=\"gde-link\" href=\"http:\/\/fuzzygab.uclm.es\/wp-content\/uploads\/2016\/02\/Convenio-GME_-Diputacion2334-CR-2015_579_INFORME-CONVENIO-UCLM_DIPUTACION-CUENCA.pdf\">Descargar (PDF, 551KB)<\/a><\/p>\n<\/div>\n<\/div>\n<p>Origen: <a href=\"http:\/\/fuzzygab.uclm.es\/2016\/01\/20\/convenio-uclm-diputacion-para-la-recuperacion-de-los-fondos-gme\/\">Fuzzy Gab .4 \u00bb Convenio UCLM-Diputaci\u00f3n para la recuperaci\u00f3n de los fondos GME<\/a><\/p>\n\n\n<figure class=\"wp-block-image size-large\"><img loading=\"lazy\" decoding=\"async\" width=\"300\" height=\"237\" src=\"https:\/\/sylviamolina.es\/wp-content\/uploads\/2021\/05\/convenioUCLM.png\" alt=\"\" class=\"wp-image-8100\" \/><\/figure>\n\n\n\n<figure class=\"wp-block-image size-large\"><img loading=\"lazy\" decoding=\"async\" width=\"600\" height=\"800\" src=\"https:\/\/sylviamolina.es\/wp-content\/uploads\/2021\/05\/convenioUCLM2.jpeg\" alt=\"\" class=\"wp-image-8101\" srcset=\"https:\/\/blog.uclm.es\/sylviamolina\/wp-content\/uploads\/sites\/84\/2021\/05\/convenioUCLM2.jpeg 600w, https:\/\/blog.uclm.es\/sylviamolina\/wp-content\/uploads\/sites\/84\/2021\/05\/convenioUCLM2-225x300.jpeg 225w\" sizes=\"auto, (max-width: 600px) 100vw, 600px\" \/><\/figure>\n","protected":false},"excerpt":{"rendered":"<p>\u00a0 CONVENIO DE COLABORACI\u00d3N ENTRE LA UNIVERSIDAD DE CASTILLA-LA MANCHA Y LA EXCMA. DIPUTACI\u00d3N PROVINCIAL DE CUENCA PARA LA REALIZACI\u00d3N DEL PROYECTO DE CATALOGACI\u00d3N Y DIGITALIZACI\u00d3N DEL GABINETE DE M\u00daSICA ELECTROAC\u00daSTICA. Fecha Firma: 20 de Enero 2016 La Diputaci\u00f3n provincial de Cuenca ha cedido los fondos del Gabinete de M\u00fasica Electroac\u00fastica a las Colecciones y &hellip; <\/p>\n<p class=\"link-more\"><a href=\"https:\/\/blog.uclm.es\/sylviamolina\/2016\/01\/20\/fuzzy-gab-4-convenio-uclm-diputacion-para-la-recuperacion-de-los-fondos-gme\/\" class=\"more-link\">Continuar leyendo<span class=\"screen-reader-text\"> \u00abConvenio UCLM-Diputaci\u00f3n para la recuperaci\u00f3n de los fondos GME\u00bb<\/span><\/a><\/p>\n","protected":false},"author":181,"featured_media":8105,"comment_status":"open","ping_status":"open","sticky":false,"template":"","format":"standard","meta":{"footnotes":""},"categories":[2,5,77,31,37],"tags":[],"class_list":["post-112","post","type-post","status-publish","format-standard","has-post-thumbnail","hentry","category-groups","category-acciongme","category-convenios","category-fuzzy-gab-4","category-id"],"_links":{"self":[{"href":"https:\/\/blog.uclm.es\/sylviamolina\/wp-json\/wp\/v2\/posts\/112","targetHints":{"allow":["GET"]}}],"collection":[{"href":"https:\/\/blog.uclm.es\/sylviamolina\/wp-json\/wp\/v2\/posts"}],"about":[{"href":"https:\/\/blog.uclm.es\/sylviamolina\/wp-json\/wp\/v2\/types\/post"}],"author":[{"embeddable":true,"href":"https:\/\/blog.uclm.es\/sylviamolina\/wp-json\/wp\/v2\/users\/181"}],"replies":[{"embeddable":true,"href":"https:\/\/blog.uclm.es\/sylviamolina\/wp-json\/wp\/v2\/comments?post=112"}],"version-history":[{"count":0,"href":"https:\/\/blog.uclm.es\/sylviamolina\/wp-json\/wp\/v2\/posts\/112\/revisions"}],"wp:featuredmedia":[{"embeddable":true,"href":"https:\/\/blog.uclm.es\/sylviamolina\/wp-json\/wp\/v2\/media\/8105"}],"wp:attachment":[{"href":"https:\/\/blog.uclm.es\/sylviamolina\/wp-json\/wp\/v2\/media?parent=112"}],"wp:term":[{"taxonomy":"category","embeddable":true,"href":"https:\/\/blog.uclm.es\/sylviamolina\/wp-json\/wp\/v2\/categories?post=112"},{"taxonomy":"post_tag","embeddable":true,"href":"https:\/\/blog.uclm.es\/sylviamolina\/wp-json\/wp\/v2\/tags?post=112"}],"curies":[{"name":"wp","href":"https:\/\/api.w.org\/{rel}","templated":true}]}}