{"id":1071,"date":"2014-05-07T15:50:23","date_gmt":"2014-05-07T15:50:23","guid":{"rendered":"http:\/\/www3.uclm.es\/profesorado\/symolina\/wordpress\/?p=1071"},"modified":"2014-05-07T15:50:23","modified_gmt":"2014-05-07T15:50:23","slug":"concierto-saluposo","status":"publish","type":"post","link":"https:\/\/blog.uclm.es\/sylviamolina\/2014\/05\/07\/concierto-saluposo\/","title":{"rendered":"Concierto SaLuPOSO"},"content":{"rendered":"<p>[:en]<img loading=\"lazy\" decoding=\"async\" class=\"alignleft\" src=\"https:\/\/acuoso.files.wordpress.com\/2015\/01\/cropped-captura-de-pantalla-2015-01-14-a-las-19-56-33.png\" width=\"355\" height=\"118\"><\/p>\n<p>&nbsp;<\/p>\n<p><img loading=\"lazy\" decoding=\"async\" class=\"alignnone\" src=\"https:\/\/3.bp.blogspot.com\/-ROBsmsIOGF0\/Vw8QjGsdw9I\/AAAAAAAACBY\/ohOQD_mVBVgZlZu0jPNHAW9juHzVjHV2QCLcB\/s640\/logoOSO_MX_negativo.png\" width=\"217\" height=\"105\"><\/p>\n<p><strong>ACuOSO-Saluposo (Espa\u00f1a-Mexico)_ U.ECO<\/strong><\/p>\n<p>Concierto\/Performance colaborativa con la Orquesta OSO M\u00e9xico<\/p>\n<p>_ Asociaci\u00f3n ACuOSO<\/p>\n<p>30 de Mayo 2014<\/p>\n<p>https:\/\/youtu.be\/5U8kRrxdbvU<\/p>\n<p>Concierto de la Orquesta Sinfonica de Ordenadores de SLP, M\u00e9xico en colaboraci\u00f3n con la Concierto de la Orquesta Sinfonica de Ordenadores de Cuenca, Espa\u00f1a, en el centro cultural El Faro A.C.<\/p>\n<p>M\u00e9xico<\/p>\n<p>Se ejecuto la obra Sinfonia L\u00edquida de ACuOSO (partitura Julio Sanz).<\/p>\n<p>Los ejecutantes:<br \/>\nEscala tonal corporizada: Yenia Padilla<br \/>\nTheremin optico-escultorico: Sophi Macuac<br \/>\nEscultura controlador MIDI: Dancing Days<br \/>\nTransformadores y alambre galbanizado: Ma. Rivera<br \/>\nTheremin-Kinect: Joaku de Sotavento<\/p>\n<p>Video- Fragmentos Sonoros: ACuOSO (montaje Sylvia Molina <a href=\"https:\/\/www.youtube.com\/watch?v=sZFIETkb2TE&amp;index=2&amp;list=PLPYe8Tk9bgq4gQjsRZuztR0szBdIIKtr6\">https:\/\/www.youtube.com\/watch?v=sZFIETkb2TE&amp;index=2&amp;list=PLPYe8Tk9bgq4gQjsRZuztR0szBdIIKtr6<\/a>)<\/p>\n<p>Orquesta OSO: Artistas: Juan Miguel Collado; Sylvia Molina; \u00c1ngel Albaladejo; Laura \u00c1vila; Ver\u00f3nica Bernad; Laura D\u00edaz; Alfredo Spiteri; Javier Alonso; El\u00edas Picaporte; Javier Osona; Julio Sanz; Carlos Calvo; Iv\u00e1n Garc\u00eda; Mario Rubio; Sergio Rubio; Mar\u00eda Luisa Rubio; Julio Sanz Jr; Laboratorio Multifon\u00eda Pl\u00e1stica M\u00e9xico; Lupita L\u00f3pez; Ra\u00fal Valverde; Jos\u00e9 Juan G\u00f3mez; Sophi MaCuac; Diego Rafael; Federico Ochoa; Luis Fernando Torresvery; Daniel D\u00edaz; Joaqu\u00edn R. D\u00edaz<\/p>\n<p>&nbsp;<\/p>\n<p>Impacto:<\/p>\n<p>&nbsp;<\/p>\n<h3><a href=\"http:\/\/sextajornadaeducacionartistica.blogspot.com\/2014\/12\/trayectoria-de-acuoso-asociacion-de.html\">VI Jornadas Internacionales de Educaci\u00f3n Art\u00edstica en clave &#8230;<\/a><\/h3>\n<p>sextajornadaeducacionartistica.blogspot.com\/&#8230;\/trayectoria-de-acuoso-as&#8230;<\/p>\n<ul>\n<li>10 de dic. de 2014 &#8211; As\u00ed, ACuOSO (<em>Cuenca<\/em>-Espa\u00f1a) y <em>SALUPOSO<\/em> (San Luis de Potos\u00ed-<em>M\u00e9xico<\/em>), gracias a la colaboraci\u00f3n de Joaqu\u00edn D\u00edaz, realizan un nuevo&nbsp;&#8230;<\/li>\n<\/ul>\n<h3>\u00b7 <a href=\"http:\/\/www.youtube.com\/watch?v=P8IEpzR-Xqg\">SaLuPOSO-ACuOSO &#8211; YouTube<\/a><\/h3>\n<p>www.youtube.com\/watch?v=P8IEpzR-Xqg<\/p>\n<p>5 de jun. de 2014 &#8211; Subido por Laboratorio de multifonias<\/p>\n<p>&#8230; Sinfonica de Ordenadores de SLP, <em>M\u00e9xico<\/em> en colaboraci\u00f3n con la Concierto de la Orquesta Sinfonica de &#8230;<\/p>\n<h3>\u00b7 <a href=\"http:\/\/www.streamica.com\/acuoso\">Acuoso &#8211; Streamica.com<\/a><\/h3>\n<p>www.streamica.com\/acuoso<\/p>\n<p><em>SaLuPOSO<\/em>-ACuOSO. Concierto de la &#8230; <em>saluposo<\/em> acuoso, <em>cuenca<\/em> espa\u00f1a, <em>m\u00e9xico<\/em> colaboraci\u00f3n, sinfonica ordenadores, concierto orquesta. Streamica. Info.<\/p>\n<h3><a href=\"https:\/\/twitter.com\/juliosanzvaz\">Julio Sanz V\u00e1zquez (@JulioSanzVaz) | Twitter<\/a><\/h3>\n<p>https:\/\/twitter.com\/juliosanzvaz<\/p>\n<ul>\n<li>Un abarrotado Auditorio recibe a la Joven Orquesta de <em>Cuenca<\/em> en su tradicional &#8230;.. video http:\/\/youtu.be\/5U8kRrxdbvU?a Concierto de la OSO <em>M\u00e9xico<\/em>-Espa\u00f1a &#8230; v\u00eddeo de @YouTube (http:\/\/youtu.be\/P8IEpzR-Xqg?a &#8211; <em>SaLuPOSO<\/em>-ACuOSO).<\/li>\n<\/ul>\n<h3>\u00b7 <a href=\"http:\/\/www.yourepeat.com\/g\/galbanizado\/\">galbanizado videos &#8211; YouRepeat<\/a><\/h3>\n<p>www.yourepeat.com\/g\/galbanizado\/<\/p>\n<p><em>SaLuPOSO<\/em>-ACuOSO. Concierto de la Orquesta Sinfonica de Ordenadores de SLP, <em>M\u00e9xico<\/em> en colaboraci\u00f3n con la Concierto de la Orquesta Sinfonica de Ordenadores de <em>Cuenca<\/em>, Espa\u00f1a, en el centro cultural El Faro A.C. Se ejecuto la obra&nbsp;&#8230;<\/p>\n<h3>\u00b7 <a href=\"http:\/\/article.wn.com\/view\/2001\/02\/19\/quotintimacy_quot_de_patrice_ch_eacutereau_gana_el_oso_de_or\/\">\u00abIntimacy\u00bb, de Patrice Ch\u00e9reau, gana el Oso de Oro de &#8230;<\/a><\/h3>\n<p>article.wn.com\/&#8230;\/quotintimacy_quot_de_patrice_ch_eacutereau_gana_el_o&#8230;<\/p>\n<p>19 de feb. de 2001 &#8211; <em>SaLuPOSO<\/em>-ACuOSO. Concierto de la Orquesta Sinfonica de Ordenadores de SLP, <em>M\u00e9xico<\/em> en colaboraci\u00f3n con la Concierto de la Orquesta&nbsp;&#8230;<\/p>\n<p>Visitaste esta p\u00e1gina el 25\/01\/15.<\/p>\n<h3>\u00b7 <a href=\"http:\/\/www.wordy.photos\/index.php?keyword=midi%20de%20laboratorio\">midi de laboratorio word | &#8211; Word Photos<\/a><\/h3>\n<p>www.wordy.photos\/index.php?keyword=midi%20de%20laboratorio<\/p>\n<ul>\n<li><em>SaLuPOSO<\/em>-ACuOSO [2014-06-05] &#8230;. Concierto de la Orquesta Sinfonica de Ordenadores de SLP, <em>M\u00e9xico<\/em> en colaboraci\u00f3n con la Concierto de la Orquesta Sinfonica de Ordenadores de <em>Cuenca<\/em>, Espa\u00f1a, &#8230;Los dispositivos intraorales tipo&nbsp;&#8230;<\/li>\n<\/ul>\n<h3>\u00b7 <a href=\"http:\/\/www.oguiadacidade.com.br\/video\/Multifonias\/page.html\">O Guia da Cidade &#8211; Videos &#8211; Multifonias videos<\/a><\/h3>\n<p>www.oguiadacidade.com.br\/video\/&#8230;\/page.html<\/p>\n<p>Concierto de la Orquesta Sinfonica de Ordenadores de SLP, <em>M\u00e9xico<\/em> en colaboraci\u00f3n con la Concierto <em>SaLuPOSO<\/em>-ACuOSO \u00b7 Concerto de Lan\u00e7amento do DVD&nbsp;&#8230;<\/p>\n<h3>\u00b7 <a href=\"http:\/\/www.rozryfka.pl\/videos?q=hikashu&amp;p=8\">hikashu &#8211; materia\u0142y wideo &#8211; Rozryfka.pl<\/a><\/h3>\n<p>www.rozryfka.pl\/videos?q=hikashu&amp;p=8 &#8211; <a href=\"http:\/\/translate.google.es\/translate?hl=es&amp;sl=ja&amp;u=http:\/\/www.rozryfka.pl\/videos%3Fq%3Dhikashu%26p%3D8&amp;prev=search\">Traducir esta p\u00e1gina<\/a><\/p>\n<p>Concierto de la Orquesta Sinfonica de Ordenadores de SLP, <em>M\u00e9xico<\/em> en colaboraci\u00f3n con la Concierto de la Orquesta Sinfonica de Ordenadores de <em>Cuenca<\/em>,&nbsp;&#8230;<\/p>\n<p>[:]<\/p>\n","protected":false},"excerpt":{"rendered":"<p>[:en] &nbsp; ACuOSO-Saluposo (Espa\u00f1a-Mexico)_ U.ECO Concierto\/Performance colaborativa con la Orquesta OSO M\u00e9xico _ Asociaci\u00f3n ACuOSO 30 de Mayo 2014 https:\/\/youtu.be\/5U8kRrxdbvU Concierto de la Orquesta Sinfonica de Ordenadores de SLP, M\u00e9xico en colaboraci\u00f3n con la Concierto de la Orquesta Sinfonica de Ordenadores de Cuenca, Espa\u00f1a, en el centro cultural El Faro A.C. M\u00e9xico Se ejecuto la &hellip; <\/p>\n<p class=\"link-more\"><a href=\"https:\/\/blog.uclm.es\/sylviamolina\/2014\/05\/07\/concierto-saluposo\/\" class=\"more-link\">Continuar leyendo<span class=\"screen-reader-text\"> \u00abConcierto SaLuPOSO\u00bb<\/span><\/a><\/p>\n","protected":false},"author":181,"featured_media":8479,"comment_status":"open","ping_status":"open","sticky":false,"template":"","format":"standard","meta":{"footnotes":""},"categories":[6,9,37,64],"tags":[],"class_list":["post-1071","post","type-post","status-publish","format-standard","has-post-thumbnail","hentry","category-acuoso","category-conciertos","category-id","category-sonido"],"_links":{"self":[{"href":"https:\/\/blog.uclm.es\/sylviamolina\/wp-json\/wp\/v2\/posts\/1071","targetHints":{"allow":["GET"]}}],"collection":[{"href":"https:\/\/blog.uclm.es\/sylviamolina\/wp-json\/wp\/v2\/posts"}],"about":[{"href":"https:\/\/blog.uclm.es\/sylviamolina\/wp-json\/wp\/v2\/types\/post"}],"author":[{"embeddable":true,"href":"https:\/\/blog.uclm.es\/sylviamolina\/wp-json\/wp\/v2\/users\/181"}],"replies":[{"embeddable":true,"href":"https:\/\/blog.uclm.es\/sylviamolina\/wp-json\/wp\/v2\/comments?post=1071"}],"version-history":[{"count":0,"href":"https:\/\/blog.uclm.es\/sylviamolina\/wp-json\/wp\/v2\/posts\/1071\/revisions"}],"wp:featuredmedia":[{"embeddable":true,"href":"https:\/\/blog.uclm.es\/sylviamolina\/wp-json\/wp\/v2\/media\/8479"}],"wp:attachment":[{"href":"https:\/\/blog.uclm.es\/sylviamolina\/wp-json\/wp\/v2\/media?parent=1071"}],"wp:term":[{"taxonomy":"category","embeddable":true,"href":"https:\/\/blog.uclm.es\/sylviamolina\/wp-json\/wp\/v2\/categories?post=1071"},{"taxonomy":"post_tag","embeddable":true,"href":"https:\/\/blog.uclm.es\/sylviamolina\/wp-json\/wp\/v2\/tags?post=1071"}],"curies":[{"name":"wp","href":"https:\/\/api.w.org\/{rel}","templated":true}]}}