{"id":734,"date":"2026-04-29T10:29:30","date_gmt":"2026-04-29T10:29:30","guid":{"rendered":"https:\/\/blog.uclm.es\/suca-clm\/?p=734"},"modified":"2026-04-29T14:48:20","modified_gmt":"2026-04-29T14:48:20","slug":"disolucion-suca-clm","status":"publish","type":"post","link":"https:\/\/blog.uclm.es\/suca-clm\/2026\/04\/29\/disolucion-suca-clm\/","title":{"rendered":"Disoluci\u00f3n SUCA-CLM"},"content":{"rendered":"\n<p>En reuni\u00f3n celebrada el 22 de enero de 2026, las personas integrantes de SUCA-CLM acordaron la disoluci\u00f3n de la Subred Universitaria de Comunidades de Aprendizaje en Castilla-La Mancha, creada mediante Acta Fundacional de 2 de marzo de 2017. Con esta decisi\u00f3n se cierra formalmente una etapa de trabajo colectivo desarrollada desde la Universidad de Castilla-La Mancha en torno al acompa\u00f1amiento, la formaci\u00f3n y la investigaci\u00f3n vinculadas a las Comunidades de Aprendizaje y a las Actuaciones Educativas de \u00c9xito. Desde su creaci\u00f3n, SUCA-CLM naci\u00f3 como un grupo interdisciplinar de profesorado de la UCLM conectado con los centros CdA de la regi\u00f3n, con el prop\u00f3sito de contribuir a la mejora educativa, la reducci\u00f3n del fracaso escolar y la promoci\u00f3n de una educaci\u00f3n de calidad para todo el alumnado.&nbsp;<\/p>\n\n\n\n<p>La disoluci\u00f3n de SUCA-CLM no supone, sin embargo, la renuncia a los principios que inspiraron su trayectoria. Sus miembros, como profesorado de educaci\u00f3n de la UCLM, mantienen su compromiso de colaboraci\u00f3n y apoyo a la Red de centros Comunidades de Aprendizaje de Castilla-La Mancha y a la Consejer\u00eda de Educaci\u00f3n, Cultura y Deportes, desde la convicci\u00f3n de que la transformaci\u00f3n educativa requiere cooperaci\u00f3n institucional, di\u00e1logo con los centros y uso riguroso de evidencias cient\u00edficas. En esa l\u00ednea, el trabajo desarrollado hasta ahora seguir\u00e1 encontrando continuidad en la voluntad compartida de promover pr\u00e1cticas educativas inclusivas, equitativas y orientadas a la mejora real de los aprendizajes y de la convivencia escolar.<\/p>\n\n\n\n<figure class=\"wp-block-image size-large\"><img loading=\"lazy\" decoding=\"async\" width=\"1024\" height=\"576\" src=\"https:\/\/blog.uclm.es\/suca-clm\/wp-content\/uploads\/sites\/237\/2026\/04\/ChatGPT-Image-29-abr-2026-16_47_31-1024x576.png\" alt=\"\" class=\"wp-image-740\" srcset=\"https:\/\/blog.uclm.es\/suca-clm\/wp-content\/uploads\/sites\/237\/2026\/04\/ChatGPT-Image-29-abr-2026-16_47_31-1024x576.png 1024w, https:\/\/blog.uclm.es\/suca-clm\/wp-content\/uploads\/sites\/237\/2026\/04\/ChatGPT-Image-29-abr-2026-16_47_31-300x169.png 300w, https:\/\/blog.uclm.es\/suca-clm\/wp-content\/uploads\/sites\/237\/2026\/04\/ChatGPT-Image-29-abr-2026-16_47_31-768x432.png 768w, https:\/\/blog.uclm.es\/suca-clm\/wp-content\/uploads\/sites\/237\/2026\/04\/ChatGPT-Image-29-abr-2026-16_47_31-1536x864.png 1536w, https:\/\/blog.uclm.es\/suca-clm\/wp-content\/uploads\/sites\/237\/2026\/04\/ChatGPT-Image-29-abr-2026-16_47_31.png 1672w\" sizes=\"auto, (max-width: 767px) 89vw, (max-width: 1000px) 54vw, (max-width: 1071px) 543px, 580px\" \/><\/figure>\n","protected":false},"excerpt":{"rendered":"<p>En reuni\u00f3n celebrada el 22 de enero de 2026, las personas integrantes de SUCA-CLM acordaron la disoluci\u00f3n de la Subred Universitaria de Comunidades de Aprendizaje en Castilla-La Mancha, creada mediante Acta Fundacional de 2 de marzo de 2017. Con esta decisi\u00f3n se cierra formalmente una etapa de trabajo colectivo desarrollada desde la Universidad de Castilla-La &hellip; <\/p>\n<p class=\"link-more\"><a href=\"https:\/\/blog.uclm.es\/suca-clm\/2026\/04\/29\/disolucion-suca-clm\/\" class=\"more-link\">Continuar leyendo<span class=\"screen-reader-text\"> \u00abDisoluci\u00f3n SUCA-CLM\u00bb<\/span><\/a><\/p>\n","protected":false},"author":491,"featured_media":0,"comment_status":"open","ping_status":"open","sticky":false,"template":"","format":"standard","meta":{"footnotes":""},"categories":[1],"tags":[],"class_list":["post-734","post","type-post","status-publish","format-standard","hentry","category-sin-categoria"],"_links":{"self":[{"href":"https:\/\/blog.uclm.es\/suca-clm\/wp-json\/wp\/v2\/posts\/734","targetHints":{"allow":["GET"]}}],"collection":[{"href":"https:\/\/blog.uclm.es\/suca-clm\/wp-json\/wp\/v2\/posts"}],"about":[{"href":"https:\/\/blog.uclm.es\/suca-clm\/wp-json\/wp\/v2\/types\/post"}],"author":[{"embeddable":true,"href":"https:\/\/blog.uclm.es\/suca-clm\/wp-json\/wp\/v2\/users\/491"}],"replies":[{"embeddable":true,"href":"https:\/\/blog.uclm.es\/suca-clm\/wp-json\/wp\/v2\/comments?post=734"}],"version-history":[{"count":3,"href":"https:\/\/blog.uclm.es\/suca-clm\/wp-json\/wp\/v2\/posts\/734\/revisions"}],"predecessor-version":[{"id":742,"href":"https:\/\/blog.uclm.es\/suca-clm\/wp-json\/wp\/v2\/posts\/734\/revisions\/742"}],"wp:attachment":[{"href":"https:\/\/blog.uclm.es\/suca-clm\/wp-json\/wp\/v2\/media?parent=734"}],"wp:term":[{"taxonomy":"category","embeddable":true,"href":"https:\/\/blog.uclm.es\/suca-clm\/wp-json\/wp\/v2\/categories?post=734"},{"taxonomy":"post_tag","embeddable":true,"href":"https:\/\/blog.uclm.es\/suca-clm\/wp-json\/wp\/v2\/tags?post=734"}],"curies":[{"name":"wp","href":"https:\/\/api.w.org\/{rel}","templated":true}]}}