{"id":253,"date":"2012-10-10T20:05:00","date_gmt":"2012-10-10T19:05:00","guid":{"rendered":"http:\/\/blog.uclm.es\/ricardofdez\/2012\/10\/10\/calendario-de-conferencias-promovidas-desde-la-mencion-tice-para-el-mes-de-octubre\/"},"modified":"2012-10-10T20:05:00","modified_gmt":"2012-10-10T19:05:00","slug":"calendario-de-conferencias-promovidas-desde-la-mencion-tice-para-el-mes-de-octubre","status":"publish","type":"post","link":"https:\/\/blog.uclm.es\/ricardofdez\/2012\/10\/10\/calendario-de-conferencias-promovidas-desde-la-mencion-tice-para-el-mes-de-octubre\/","title":{"rendered":"Calendario de Conferencias promovidas desde la Menci\u00f3n TICE para el mes de octubre"},"content":{"rendered":"<div style=\"text-align: justify\">Durante el mes de octubre hemos planificado diversas conferencias dirigidas al profesorado y estudiantes de la Facultad de Educaci\u00f3n a las que est\u00e1is invitados. Todas ellas se celebrar\u00e1n entre las 13 y las 15 horas.<\/div>\n<ul>\n<li>\n<div style=\"text-align: justify\">El d\u00eda <b>18 de octubre<\/b> nos acompa\u00f1ar\u00e1n David Tarjuelo (Director de Guarder\u00edas Nanos) y Antonio C. Fern\u00e1ndez-Pro (Director de Nexora) con la conferencia: <b><i><span style=\"color: #660000\">\u00abLa promoci\u00f3n del esp\u00edritu emprendedor en la gesti\u00f3n de los recursos escolares y buenas pr\u00e1cticas TIC\u00bb,<\/span><\/i><\/b> Lugar: Aula Magna (Ed. 37)<\/div>\n<\/li>\n<\/ul>\n<ul>\n<li>\n<div style=\"text-align: justify\">El d\u00eda<b> 25 de octubre<\/b> Daniel Rodr\u00edguez Arenas (Director del IES Montes de Toledo de G\u00e1lvez y profesor de la Facultad de Educaci\u00f3n de Toledo), nos participar\u00e1 la ponencia <span style=\"color: #660000\"><i><b>\u00abLa gesti\u00f3n de un centro docente a trav\u00e9s de la utilizaci\u00f3n de los recursos TIC\u00bb. <\/b><\/i><span style=\"color: black\">Lugar: Aula Edificio 1.<\/span><\/span><\/div>\n<\/li>\n<\/ul>\n<ul>\n<li>\n<div style=\"text-align: justify\"><span style=\"color: #660000\"><\/span>El d\u00eda <b>31 de enero<\/b> Ignacio Samaniego desde la empresa Microsoft nos ofrece un seminario\u00a0con el t\u00edtulo\u00a0<b><span style=\"color: #660000\">\u00abWindows in the classroom\u00bb<\/span><\/b> al que est\u00e1n invitados tambi\u00e9n estudiantes y profesores de otras Facultades del Campus Tecnol\u00f3gico de Toledo.\u00a0 Aula Magna (Ed. 37).<\/div>\n<\/li>\n<\/ul>\n<div style=\"text-align: justify\">En la medida que nos acerquemos a las fechas indicadas daremos difusi\u00f3n a los eventos relacionados desde la Revista y a trav\u00e9s de nuestras redes sociales.<\/div>\n<p><\/p>\n<div style=\"clear: both;text-align: center\"><a href=\"https:\/\/blog.uclm.es\/ricardofdez\/wp-content\/uploads\/sites\/10\/2012\/10\/Conferencia_Emprendedores1-300x2251-1.jpg\"><img loading=\"lazy\" decoding=\"async\" border=\"0\" height=\"300\" src=\"https:\/\/blog.uclm.es\/ricardofdez\/wp-content\/uploads\/sites\/10\/2012\/10\/Conferencia_Emprendedores1-300x2251-1-300x225.jpg\" width=\"400\" \/><\/a><\/div>\n<div style=\"text-align: justify\">\ufeff<\/div>\n","protected":false},"excerpt":{"rendered":"<p>Durante el mes de octubre hemos planificado diversas conferencias dirigidas al profesorado y estudiantes de la Facultad de Educaci\u00f3n a las que est\u00e1is invitados. Todas ellas se celebrar\u00e1n entre las 13 y las 15 horas. El d\u00eda 18 de octubre &hellip; <a href=\"https:\/\/blog.uclm.es\/ricardofdez\/2012\/10\/10\/calendario-de-conferencias-promovidas-desde-la-mencion-tice-para-el-mes-de-octubre\/\">Sigue leyendo <span class=\"meta-nav\">&rarr;<\/span><\/a><\/p>\n","protected":false},"author":13,"featured_media":2882,"comment_status":"closed","ping_status":"open","sticky":false,"template":"","format":"standard","meta":{"footnotes":""},"categories":[6,19,47,62,90,91],"tags":[],"class_list":["post-253","post","type-post","status-publish","format-standard","has-post-thumbnail","hentry","category-anuncios","category-conferencias","category-eventos","category-magisterio","category-tic","category-tice"],"_links":{"self":[{"href":"https:\/\/blog.uclm.es\/ricardofdez\/wp-json\/wp\/v2\/posts\/253","targetHints":{"allow":["GET"]}}],"collection":[{"href":"https:\/\/blog.uclm.es\/ricardofdez\/wp-json\/wp\/v2\/posts"}],"about":[{"href":"https:\/\/blog.uclm.es\/ricardofdez\/wp-json\/wp\/v2\/types\/post"}],"author":[{"embeddable":true,"href":"https:\/\/blog.uclm.es\/ricardofdez\/wp-json\/wp\/v2\/users\/13"}],"replies":[{"embeddable":true,"href":"https:\/\/blog.uclm.es\/ricardofdez\/wp-json\/wp\/v2\/comments?post=253"}],"version-history":[{"count":0,"href":"https:\/\/blog.uclm.es\/ricardofdez\/wp-json\/wp\/v2\/posts\/253\/revisions"}],"wp:featuredmedia":[{"embeddable":true,"href":"https:\/\/blog.uclm.es\/ricardofdez\/wp-json\/wp\/v2\/media\/2882"}],"wp:attachment":[{"href":"https:\/\/blog.uclm.es\/ricardofdez\/wp-json\/wp\/v2\/media?parent=253"}],"wp:term":[{"taxonomy":"category","embeddable":true,"href":"https:\/\/blog.uclm.es\/ricardofdez\/wp-json\/wp\/v2\/categories?post=253"},{"taxonomy":"post_tag","embeddable":true,"href":"https:\/\/blog.uclm.es\/ricardofdez\/wp-json\/wp\/v2\/tags?post=253"}],"curies":[{"name":"wp","href":"https:\/\/api.w.org\/{rel}","templated":true}]}}