{"id":1386,"date":"2012-01-23T18:35:00","date_gmt":"2012-01-23T17:35:00","guid":{"rendered":"http:\/\/blog.uclm.es\/ricardofdez\/2012\/01\/23\/vuelve-septiembre\/"},"modified":"2012-01-23T18:35:00","modified_gmt":"2012-01-23T17:35:00","slug":"vuelve-septiembre","status":"publish","type":"post","link":"https:\/\/blog.uclm.es\/ricardofdez\/2012\/01\/23\/vuelve-septiembre\/","title":{"rendered":"Vuelve Septiembre"},"content":{"rendered":"<div style=\"clear: both;text-align: center\"><a href=\"https:\/\/blog.uclm.es\/ricardofdez\/wp-content\/uploads\/sites\/10\/2012\/01\/examenfinal-300x2031-1.jpg\" style=\"clear: left;float: left;margin-bottom: 1em;margin-right: 1em\"><img loading=\"lazy\" decoding=\"async\" border=\"0\" height=\"217\" src=\"https:\/\/blog.uclm.es\/ricardofdez\/wp-content\/uploads\/sites\/10\/2012\/01\/examenfinal-300x2031-1-300x204.jpg\" width=\"320\" \/><\/a><\/div>\n<div style=\"text-align: justify\">La Consejer\u00eda de Educaci\u00f3n del Gobierno de Arag\u00f3n ha decidido que vuelvan los ex\u00e1menes de septiembre para los alumnos de ense\u00f1anza obligatoria. Hasta ahora, la convocatoria extraordinaria se realizaba en el mes de junio, es decir, a los diez o quince d\u00edas de que los alumnos hubieran realizado las evaluaciones finales del curso.&nbsp; <\/div>\n<div style=\"text-align: justify\">Los fundamentos psicopedag\u00f3gicos en los que se apoyaba la LOGSE para justificar este dislate se basaban en principios educativos que comparto, pero una cosa son los objetivos que se persiguen y algo muy distinto la consecuci\u00f3n de los mismos, la metodolog\u00eda que se aplica y las estrategias que se utilizan. <\/div>\n<div style=\"text-align: justify\">Analicemos estas premisas: la evaluaci\u00f3n debe ser continua, con lo que deber\u00e1 valorarse el esfuerzo, los progresos: no s\u00f3lo importan las notas, los ex\u00e1menes, la memorizaci\u00f3n, deben evaluarse las competencias b\u00e1sicas;&nbsp; la educaci\u00f3n debe huir de la homogeneidad y adaptarse a la realidad sociocultural del alumno, que deber\u00e1 tener los apoyos y refuerzos necesarios durante el curso para evitar que los deba recibir en verano, lo que conllevar\u00eda un coste econ\u00f3mico que no todas las familias pueden soportar. En definitiva, debieran tomarse las medidas necesarias en el d\u00eda a d\u00eda que ayuden a mejorar el rendimiento escolar y prevenir el fracaso escolar (33% en Arag\u00f3n, y no mejora).<\/div>\n<div style=\"text-align: justify\">Dec\u00eda que compart\u00eda estos principios, pero \u00bfcu\u00e1les son los resultados? <\/div>\n<div style=\"text-align: justify\">Que la evaluaci\u00f3n debe ser continua, integral, basada en competencias, actitudes y aptitudes, saberes, procedimientos, estrategias, m\u00e9todos\u2026 en valores como el esfuerzo, el compromiso, la responsabilidad, la implicaci\u00f3n\u2026 que la calificaci\u00f3n final debe medir muchas variables y no s\u00f3lo la de conocimientos te\u00f3ricos est\u00e1 claro (\u00bfpara cu\u00e1ndo nos plantearemos los principios de \u201cBolonia\u201d en la ense\u00f1anza preuniversitaria?) ; pero&nbsp; la necesaria asimilaci\u00f3n de conceptos b\u00e1sicos sin los que es imposible poder continuar cualquier proceso de aprendizaje tambi\u00e9n lo es&nbsp; y lo contrario alimenta la desmotivaci\u00f3n, uno de los principales aliados del fracaso escolar.<\/div>\n<div style=\"text-align: justify\">Es evidente que la educaci\u00f3n debe huir de la homogeneidad: ni los individuos son iguales ni las realidades sociales, familiares y culturales lo son, pero resulta que estamos aplicando&nbsp; patrones educativos similares a cuando esa realidad era mucho m\u00e1s homog\u00e9nea. \u00bfPerjudicar\u00e1 mucho a la persecuci\u00f3n de ese objetivo que a un alumno, sea cual fuere su realidad sociocultural,&nbsp; se le d\u00e9 una nueva oportunidad dos meses despu\u00e9s de haber finalizado el curso?<\/div>\n<div style=\"text-align: justify\">Tambi\u00e9n es verdad que cuantos m\u00e1s apoyos recibiera el alumno durante el curso m\u00e1s posibilidades se pondr\u00edan a su alcance para que cada d\u00eda fueran menos los que debieran examinarse en septiembre y esto implica a toda la comunidad educativa: al centro escolar, a las familias, a las ampas, a la administraci\u00f3n. Pero al parecer esto no est\u00e1 siendo as\u00ed y lo que no podemos hacer es mirar a otro lado y esperar a que se consiga sin hacer nada hasta entonces.<\/div>\n<div style=\"text-align: justify\">En resumen: P\u00f3nganse las medidas necesarias para que cada vez sean menos los estudiantes que deban examinarse en septiembre, porque entonces diremos que el sistema en su conjunto (insisto: la comunidad escolar) goza de buena salud, pero no nos opongamos a medidas que se toman precisamente porque esa salud es precaria. El sentido com\u00fan, simplemente eso, debe imponerse.<\/div>\n<div style=\"text-align: justify\">Por cierto, \u00bfsaben ustedes algo de aquel Pacto por la Educaci\u00f3n? Porque aqu\u00ed seguimos dando vueltas y vueltas a aspectos aislados pero no nos atrevemos o no queremos abordar el problema en su conjunto. Y la actual coyuntura socioecon\u00f3mica obliga a abordar con urgencia los males de la educaci\u00f3n sin dilaci\u00f3n alguna. <\/div>\n<p>\u00a1Manos a la obra!<br \/><a href=\"mailto:maheredia@piquerestudios.com\" target=\"_blank\" rel=\"noopener\">Miguel&nbsp; \u00c1ngel Heredia<\/a><br \/>Presidente de Fundaci\u00f3n Piquer<br \/><span style=\"font-size: x-small\"><a href=\"http:\/\/grupoeducativa.blogspot.com\/2010\/12\/preparar-con-exito-los-examenes-finales.html\" target=\"_blank\" rel=\"noopener\">Fuente de imagen<\/a><\/span><\/p>\n","protected":false},"excerpt":{"rendered":"<p>La Consejer\u00eda de Educaci\u00f3n del Gobierno de Arag\u00f3n ha decidido que vuelvan los ex\u00e1menes de septiembre para los alumnos de ense\u00f1anza obligatoria. Hasta ahora, la convocatoria extraordinaria se realizaba en el mes de junio, es decir, a los diez o &hellip; <a href=\"https:\/\/blog.uclm.es\/ricardofdez\/2012\/01\/23\/vuelve-septiembre\/\">Sigue leyendo <span class=\"meta-nav\">&rarr;<\/span><\/a><\/p>\n","protected":false},"author":13,"featured_media":2968,"comment_status":"closed","ping_status":"open","sticky":false,"template":"","format":"standard","meta":{"footnotes":""},"categories":[7,22,65],"tags":[],"class_list":["post-1386","post","type-post","status-publish","format-standard","has-post-thumbnail","hentry","category-aprendizaje","category-contribuciones","category-necesidades-educativas"],"_links":{"self":[{"href":"https:\/\/blog.uclm.es\/ricardofdez\/wp-json\/wp\/v2\/posts\/1386","targetHints":{"allow":["GET"]}}],"collection":[{"href":"https:\/\/blog.uclm.es\/ricardofdez\/wp-json\/wp\/v2\/posts"}],"about":[{"href":"https:\/\/blog.uclm.es\/ricardofdez\/wp-json\/wp\/v2\/types\/post"}],"author":[{"embeddable":true,"href":"https:\/\/blog.uclm.es\/ricardofdez\/wp-json\/wp\/v2\/users\/13"}],"replies":[{"embeddable":true,"href":"https:\/\/blog.uclm.es\/ricardofdez\/wp-json\/wp\/v2\/comments?post=1386"}],"version-history":[{"count":0,"href":"https:\/\/blog.uclm.es\/ricardofdez\/wp-json\/wp\/v2\/posts\/1386\/revisions"}],"wp:featuredmedia":[{"embeddable":true,"href":"https:\/\/blog.uclm.es\/ricardofdez\/wp-json\/wp\/v2\/media\/2968"}],"wp:attachment":[{"href":"https:\/\/blog.uclm.es\/ricardofdez\/wp-json\/wp\/v2\/media?parent=1386"}],"wp:term":[{"taxonomy":"category","embeddable":true,"href":"https:\/\/blog.uclm.es\/ricardofdez\/wp-json\/wp\/v2\/categories?post=1386"},{"taxonomy":"post_tag","embeddable":true,"href":"https:\/\/blog.uclm.es\/ricardofdez\/wp-json\/wp\/v2\/tags?post=1386"}],"curies":[{"name":"wp","href":"https:\/\/api.w.org\/{rel}","templated":true}]}}