{"id":1328,"date":"2012-05-17T22:09:00","date_gmt":"2012-05-17T21:09:00","guid":{"rendered":"http:\/\/blog.uclm.es\/ricardofdez\/2012\/05\/17\/ninos-con-diferentes-talentos\/"},"modified":"2012-05-17T22:09:00","modified_gmt":"2012-05-17T21:09:00","slug":"ninos-con-diferentes-talentos","status":"publish","type":"post","link":"https:\/\/blog.uclm.es\/ricardofdez\/2012\/05\/17\/ninos-con-diferentes-talentos\/","title":{"rendered":"NI\u00d1OS CON DIFERENTES TALENTOS."},"content":{"rendered":"<div><\/div>\n<div style=\"text-align: justify\">Comparto algunas reflexiones personales sobre las diferentes capacidades e inteligencias y c\u00f3mo el sistema educativo no termina de atenderlas correctamente perdiendo una oportunidad fundamental en favor de la creatividad y la innovaci\u00f3n que a\u00f1ade valor y por lo cual se beneficiar\u00eda nuestra sociedad.<\/div>\n<div><\/div>\n<p><a href=\"http:\/\/es.scribd.com\/doc\/93883140\/EL-SISTEMA-EDUCATIVO-ESPANOL-PROVOCA-EL-FRACASO-DE-6-DE-CADA-10-ALUMNOS-SUPERDOTADOS\" style=\"font-family: Helvetica,Arial,Sans-serif;font-size: 14px;font-style: normal;font-variant: normal;font-weight: normal;line-height: normal;margin: 12px auto 6px auto;text-decoration: underline\" title=\"View EL SISTEMA EDUCATIVO ESPA\u00d1OL PROVOCA EL FRACASO DE 6 DE CADA 10 ALUMNOS SUPERDOTADOS on Scribd\">EL SISTEMA EDUCATIVO ESPA\u00d1OL PROVOCA EL FRACASO DE 6 DE CADA 10 ALUMNOS SUPERDOTADOS<\/a><\/p>\n<div><\/div>\n<div><\/div>\n<div>Este art\u00edculo y otros en: <a href=\"http:\/\/jdtorrijos.blogspot.com.es\/\">http:\/\/jdtorrijos.blogspot.com.es\/<\/a><\/p>\n<p>Juan Diego Torrijos<br \/>2\u00ba de Educaci\u00f3n Primaria<\/div>\n","protected":false},"excerpt":{"rendered":"<p>Comparto algunas reflexiones personales sobre las diferentes capacidades e inteligencias y c\u00f3mo el sistema educativo no termina de atenderlas correctamente perdiendo una oportunidad fundamental en favor de la creatividad y la innovaci\u00f3n que a\u00f1ade valor y por lo cual se &hellip; <a href=\"https:\/\/blog.uclm.es\/ricardofdez\/2012\/05\/17\/ninos-con-diferentes-talentos\/\">Sigue leyendo <span class=\"meta-nav\">&rarr;<\/span><\/a><\/p>\n","protected":false},"author":13,"featured_media":0,"comment_status":"closed","ping_status":"open","sticky":false,"template":"","format":"standard","meta":{"footnotes":""},"categories":[4,7,22,39],"tags":[],"class_list":["post-1328","post","type-post","status-publish","format-standard","hentry","category-alumnos","category-aprendizaje","category-contribuciones","category-educacion-y-sociedad"],"_links":{"self":[{"href":"https:\/\/blog.uclm.es\/ricardofdez\/wp-json\/wp\/v2\/posts\/1328","targetHints":{"allow":["GET"]}}],"collection":[{"href":"https:\/\/blog.uclm.es\/ricardofdez\/wp-json\/wp\/v2\/posts"}],"about":[{"href":"https:\/\/blog.uclm.es\/ricardofdez\/wp-json\/wp\/v2\/types\/post"}],"author":[{"embeddable":true,"href":"https:\/\/blog.uclm.es\/ricardofdez\/wp-json\/wp\/v2\/users\/13"}],"replies":[{"embeddable":true,"href":"https:\/\/blog.uclm.es\/ricardofdez\/wp-json\/wp\/v2\/comments?post=1328"}],"version-history":[{"count":0,"href":"https:\/\/blog.uclm.es\/ricardofdez\/wp-json\/wp\/v2\/posts\/1328\/revisions"}],"wp:attachment":[{"href":"https:\/\/blog.uclm.es\/ricardofdez\/wp-json\/wp\/v2\/media?parent=1328"}],"wp:term":[{"taxonomy":"category","embeddable":true,"href":"https:\/\/blog.uclm.es\/ricardofdez\/wp-json\/wp\/v2\/categories?post=1328"},{"taxonomy":"post_tag","embeddable":true,"href":"https:\/\/blog.uclm.es\/ricardofdez\/wp-json\/wp\/v2\/tags?post=1328"}],"curies":[{"name":"wp","href":"https:\/\/api.w.org\/{rel}","templated":true}]}}