{"id":1227,"date":"2013-04-04T08:28:00","date_gmt":"2013-04-04T07:28:00","guid":{"rendered":"http:\/\/blog.uclm.es\/ricardofdez\/2013\/04\/04\/cohibidos-por-las-nuevas-tecnologias\/"},"modified":"2013-04-04T08:28:00","modified_gmt":"2013-04-04T07:28:00","slug":"cohibidos-por-las-nuevas-tecnologias","status":"publish","type":"post","link":"https:\/\/blog.uclm.es\/ricardofdez\/2013\/04\/04\/cohibidos-por-las-nuevas-tecnologias\/","title":{"rendered":"COHIBIDOS POR LAS NUEVAS TECNOLOG\u00cdAS"},"content":{"rendered":"<div><a href=\"http:\/\/3.bp.blogspot.com\/-c6RIvqhzNEk\/UVzLyBjwt0I\/AAAAAAAACyI\/E18hXaA9NN8\/s1600\/%253D%253Fiso-8859-1%253FQ%253FNi%253DF1osAlAireLibre-776082.jpg%253F%253D\" style=\"clear: right;float: right;margin-bottom: 1em;margin-left: 1em\"><img decoding=\"async\" alt=\"\" border=\"0\" id=\"BLOGGER_PHOTO_ID_5862784875201869634\" src=\"http:\/\/3.bp.blogspot.com\/-c6RIvqhzNEk\/UVzLyBjwt0I\/AAAAAAAACyI\/E18hXaA9NN8\/s320\/%253D%253Fiso-8859-1%253FQ%253FNi%253DF1osAlAireLibre-776082.jpg%253F%253D\" \/><\/a><\/div>\n<div style=\"color: black;direction: ltr;font-family: Tahoma;font-size: 10pt\">\n<div style=\"line-height: 150%;margin-bottom: .0001pt;margin-bottom: 0cm;text-align: justify\"><b><span style=\"color: #c0504d;line-height: 150%\"><span style=\"font-size: 16pt\"><\/span><\/span><\/b><\/div>\n<div style=\"line-height: 150%;margin-bottom: .0001pt;margin-bottom: 0cm;text-align: justify\"><span style=\"font-size: small\"><span style=\"font-family: Arial,Helvetica,sans-serif\">\u00bfNo os hab\u00e9is parado a pensar que ya no se ven tantos ni\u00f1os en los parques? \u00bfD\u00f3nde se encuentran todos esos j\u00f3venes que antes se ve\u00edan en los campos de f\u00fatbol o en las canchas de baloncesto ahora desiertas? Todos ellos est\u00e1n encerrados en sus casas, delante   de una pantalla. Esto es algo de lo que, a su edad, no deber\u00edan abusar.<\/span><\/span><\/div>\n<div style=\"line-height: 150%;margin-bottom: .0001pt;margin-bottom: 0cm;text-align: justify\"><\/div>\n<div style=\"line-height: 150%;margin-bottom: .0001pt;margin-bottom: 0cm;text-align: justify\"><span style=\"font-size: small\"><span style=\"font-family: Arial,Helvetica,sans-serif\">Los ni\u00f1os de hasta 12 o 13 a\u00f1os aproximadamente, no deber\u00edan gastar su tiempo libre delante de un ordenador, televisi\u00f3n, etc.; dando m\u00e1s importancia a esto que a jugar en la calle con sus amigos o a leer. Pienso que no deber\u00edan abusar de ello debido a que,   entre otras causas, cuando crezcan se ver\u00e1n obligados (dados los tiempos que corren) a pasarse m\u00e1s horas de las que les gustar\u00eda delante de un ordenador para realizar su trabajo.  <\/span><\/span><\/div>\n<div style=\"line-height: 150%;margin-bottom: .0001pt;margin-bottom: 0cm;text-align: justify\"><\/div>\n<div style=\"line-height: 150%;margin-bottom: .0001pt;margin-bottom: 0cm;text-align: justify\"><span style=\"font-size: small\"><span style=\"font-family: Arial,Helvetica,sans-serif\">Los ni\u00f1os y j\u00f3venes deber\u00edan aprovechar esas edades para disfrutar de su tiempo al aire libre. De esta manera, no solo se evita el sedentarismo, algo perjudicial para su salud, si no que, adem\u00e1s<span style=\"color: #c0504d\">,  <\/span>fomenta la imaginaci\u00f3n, pues pueden inventarse juegos; fomentan su sociabilidad, ya que conocen otros chicos y chicas con los que trabar amistades , aprenden desde peque\u00f1os formas de tratar a la gente; tambi\u00e9n,<span style=\"color: #c0504d\">  <\/span>se mantiene contacto con la naturaleza y, de este modo, aprender\u00edan a respetarla m\u00e1s y har\u00edan de nuestras calles un lugar m\u00e1s agradable.  <span style=\"color: red\"><\/span><\/span><\/span><\/div>\n<div style=\"line-height: 150%;margin-bottom: .0001pt;margin-bottom: 0cm;text-align: justify\"><\/div>\n<div style=\"margin-bottom: 0.0001pt;text-align: justify\"><span style=\"font-size: small\"><span style=\"font-family: Arial,Helvetica,sans-serif\">Con esto no quiero decir que los j\u00f3venes no deban usar un ordenador, o ver la tele, pero si deben hacerlo un tiempo mucho m\u00e1s reducido de lo que actualmente lo utilizan y, con una &nbsp;seguridad mayor a la que tendr\u00edamos con una persona de mayor edad, ya que, en   Internet, encontramos <u>todo<\/u> tipo de informaci\u00f3n, y esto es precisamente lo m\u00e1s peligroso, porque hace a los ni\u00f1os perder la inocencia demasiado pronto. Por eso hay que ser precavidos y cuidadosos con este tipo de actividades, fomentar las actividades   de ocio al aire libre y dejar Internet \u00fanicamente para la b\u00fasqueda de informaci\u00f3n adecuada para la edad.&nbsp;<\/span><\/span><\/div>\n<div style=\"margin-bottom: 0.0001pt;text-align: justify\"><\/div>\n<div style=\"margin-bottom: 0.0001pt;text-align: justify\"><span style=\"font-size: small\"><span style=\"font-family: Arial,Helvetica,sans-serif\"><span style=\"line-height: 150%\">Para finalizar, en mi opini\u00f3n, la libertad de los ni\u00f1os est\u00e1 siendo cohibida por este tipo de formas de entretenimiento. Creo que los ni\u00f1os deben aprender   a divertirse jugando con otros ni\u00f1os en la calle, disfrutar del&nbsp;<\/span><span style=\"line-height: 19px\">medioambiente<\/span><span style=\"line-height: 150%\">, estar en contacto con la naturaleza, ser creativos inventando juegos, correr, saltar, re\u00edr y, sobre   todo, divertirse, ya que esa es la esencia de ser ni\u00f1o. Esencia que hoy en d\u00eda se est\u00e1 perdiendo debido al gran uso que damos a la tecnolog\u00eda.<\/span><\/span><\/span><\/div>\n<div style=\"line-height: 150%;margin-bottom: .0001pt;margin-bottom: 0cm;text-align: justify\"><span style=\"font-size: small\"><span style=\"font-family: Arial,Helvetica,sans-serif\"><\/span><\/span>  <\/div>\n<div style=\"line-height: 150%;margin-bottom: .0001pt;margin-bottom: 0cm;text-align: justify\"><span style=\"font-size: small\"><span style=\"font-family: Arial,Helvetica,sans-serif\"><br \/><\/span><\/span>  <\/div>\n<div style=\"line-height: 150%;margin-bottom: .0001pt;margin-bottom: 0cm;text-align: justify\"><span style=\"font-size: small\"><span style=\"font-family: Arial,Helvetica,sans-serif\"><br \/><\/span><\/span>  <\/div>\n<div style=\"line-height: 150%;margin-bottom: .0001pt;margin-bottom: 0cm;text-align: justify\"><span style=\"font-size: small\"><span style=\"font-family: Arial,Helvetica,sans-serif\">Nuria Mart\u00edn Plaza<\/span><\/span><\/div>\n<div style=\"line-height: 150%;margin-bottom: .0001pt;margin-bottom: 0cm;text-align: justify\"><span style=\"font-size: small\"><span style=\"font-family: Arial,Helvetica,sans-serif\">2\u00ba de Educaci\u00f3n Primaria&nbsp;<\/span><\/span><\/div>\n<div style=\"line-height: 150%;margin-bottom: .0001pt;margin-bottom: 0cm;text-align: justify\"><a href=\"mailto:Nuria.Martin2@alu.uclm.es\"><span style=\"font-size: small\"><span style=\"font-family: Arial,Helvetica,sans-serif\">Nuria.Martin2@alu.uclm.es<\/span><\/span><\/a><\/div>\n<\/div>\n","protected":false},"excerpt":{"rendered":"<p>\u00bfNo os hab\u00e9is parado a pensar que ya no se ven tantos ni\u00f1os en los parques? \u00bfD\u00f3nde se encuentran todos esos j\u00f3venes que antes se ve\u00edan en los campos de f\u00fatbol o en las canchas de baloncesto ahora desiertas? Todos &hellip; <a href=\"https:\/\/blog.uclm.es\/ricardofdez\/2013\/04\/04\/cohibidos-por-las-nuevas-tecnologias\/\">Sigue leyendo <span class=\"meta-nav\">&rarr;<\/span><\/a><\/p>\n","protected":false},"author":13,"featured_media":0,"comment_status":"closed","ping_status":"open","sticky":false,"template":"","format":"standard","meta":{"footnotes":""},"categories":[4,22,39,90],"tags":[],"class_list":["post-1227","post","type-post","status-publish","format-standard","hentry","category-alumnos","category-contribuciones","category-educacion-y-sociedad","category-tic"],"_links":{"self":[{"href":"https:\/\/blog.uclm.es\/ricardofdez\/wp-json\/wp\/v2\/posts\/1227","targetHints":{"allow":["GET"]}}],"collection":[{"href":"https:\/\/blog.uclm.es\/ricardofdez\/wp-json\/wp\/v2\/posts"}],"about":[{"href":"https:\/\/blog.uclm.es\/ricardofdez\/wp-json\/wp\/v2\/types\/post"}],"author":[{"embeddable":true,"href":"https:\/\/blog.uclm.es\/ricardofdez\/wp-json\/wp\/v2\/users\/13"}],"replies":[{"embeddable":true,"href":"https:\/\/blog.uclm.es\/ricardofdez\/wp-json\/wp\/v2\/comments?post=1227"}],"version-history":[{"count":0,"href":"https:\/\/blog.uclm.es\/ricardofdez\/wp-json\/wp\/v2\/posts\/1227\/revisions"}],"wp:attachment":[{"href":"https:\/\/blog.uclm.es\/ricardofdez\/wp-json\/wp\/v2\/media?parent=1227"}],"wp:term":[{"taxonomy":"category","embeddable":true,"href":"https:\/\/blog.uclm.es\/ricardofdez\/wp-json\/wp\/v2\/categories?post=1227"},{"taxonomy":"post_tag","embeddable":true,"href":"https:\/\/blog.uclm.es\/ricardofdez\/wp-json\/wp\/v2\/tags?post=1227"}],"curies":[{"name":"wp","href":"https:\/\/api.w.org\/{rel}","templated":true}]}}