{"id":1019,"date":"2014-02-02T19:41:00","date_gmt":"2014-02-02T18:41:00","guid":{"rendered":"http:\/\/blog.uclm.es\/ricardofdez\/2014\/02\/02\/x-concurso-de-fotografia-en-la-facultad-de-educacion\/"},"modified":"2014-02-02T19:41:00","modified_gmt":"2014-02-02T18:41:00","slug":"x-concurso-de-fotografia-en-la-facultad-de-educacion","status":"publish","type":"post","link":"https:\/\/blog.uclm.es\/ricardofdez\/2014\/02\/02\/x-concurso-de-fotografia-en-la-facultad-de-educacion\/","title":{"rendered":"X CONCURSO DE FOTOGRAF\u00cdA EN LA FACULTAD DE EDUCACI\u00d3N"},"content":{"rendered":"<p><\/p>\n<div style=\"text-align: justify\">\n<div style=\"clear: both;text-align: center\"><a href=\"https:\/\/blog.uclm.es\/ricardofdez\/wp-content\/uploads\/sites\/10\/2014\/02\/dibujo-cartel-para-el-blog1.png\" style=\"clear: right;float: right;margin-bottom: 1em;margin-left: 1em\"><img loading=\"lazy\" decoding=\"async\" border=\"0\" src=\"https:\/\/blog.uclm.es\/ricardofdez\/wp-content\/uploads\/sites\/10\/2014\/02\/dibujo-cartel-para-el-blog1.png\" height=\"400\" width=\"285\" \/><\/a><\/div>\n<p>A mediados del mes de febrero haremos entrega de los premios del X  Concurso de Fotograf\u00eda que por segundo a\u00f1o consecutivo han organizado los alumnos de la  Menci\u00f3n TICE desde la asignatura \u00abCultura y Pedagog\u00eda Audiovisual\u00bb.<\/p><\/div>\n<div style=\"text-align: justify\"><\/div>\n<p>Los responsables que han coordinado la experiencia han sido Marta Cedenilla Cerro, Laura Esteban Sierra y Lourdes Mar\u00edn Diezma.<\/p>\n<p>El concurso  se ha desarrollado en formato on-line y todas las fotograf\u00edas han sido  tomadas en el Campus Tecnol\u00f3gico de la UCLM en Toledo (antigua F\u00e1brica  de Armas).<\/p>\n<p>Se puede acceder en: <br \/><a href=\"http:\/\/concursofotosmagisteriotice.blogspot.com.es\/\">http:\/\/concursofotosmagisteriotice.blogspot.com.es\/<\/a><\/p>\n<p>Las tres fotograf\u00edas premiadas han sido: <\/p>\n<p><\/p>\n<ul>\n<li>\n<div style=\"line-height: 115%;margin-bottom: 12pt;text-align: justify\"><span>Primer premio: <b><span>\u00abHistoria en el interior\u00bb<\/span><\/b>de Alba Gema Novillo Romero, Javier Mu\u00f1oz Olmo y Mar\u00eda Nieves Aguilera Gu\u00edo.<\/span><\/div>\n<\/li>\n<li><span>Segundo premio: <b><span>\u00abOto\u00f1o\u00bb<\/span><\/b> de Sandra Gil, Cristina Testillano, \u00c1ngela Torija y Sandra D\u00edaz.<\/span><\/li>\n<\/ul>\n<p><\/p>\n<ul>\n<li>\n<div style=\"line-height: 115%;margin-bottom: 12pt;text-align: justify\"><span>Tercer premio: <b><span>\u00abLluvia m\u00e1gica\u00bb<\/span><\/b> de Roc\u00edo Castellanos, Miriam L\u00f3pez y Laura Mart\u00edn.<\/span><\/div>\n<\/li>\n<\/ul>\n<p><\/p>\n<div style=\"line-height: 115%;margin-bottom: 12pt;text-align: center\"><span><b><i>\u00a1Enhorabuena a los ganadores y una vez m\u00e1s gracias por vuestra participaci\u00f3n!<\/i><\/b><\/span><\/div>\n<p><\/p>\n<div align=\"right\" style=\"line-height: 115%;text-align: right\"><span>Un saludo. El grupo de fotograf\u00eda.<\/span><\/p>\n<div style=\"clear: both;text-align: center\"><a href=\"https:\/\/blog.uclm.es\/ricardofdez\/wp-content\/uploads\/sites\/10\/2014\/02\/historia-en-el-interior-300x2241-1.jpg\" style=\"margin-left: 1em;margin-right: 1em\"><img loading=\"lazy\" decoding=\"async\" border=\"0\" src=\"https:\/\/blog.uclm.es\/ricardofdez\/wp-content\/uploads\/sites\/10\/2014\/02\/historia-en-el-interior-300x2241-1-300x225.jpg\" height=\"298\" width=\"400\" \/><\/a><\/div>\n<p><\/p>\n<div style=\"clear: both;text-align: center\"><a href=\"https:\/\/blog.uclm.es\/ricardofdez\/wp-content\/uploads\/sites\/10\/2014\/02\/oto-C3-B1o-225x3001-1.jpg\" style=\"margin-left: 1em;margin-right: 1em\"><img loading=\"lazy\" decoding=\"async\" border=\"0\" src=\"https:\/\/blog.uclm.es\/ricardofdez\/wp-content\/uploads\/sites\/10\/2014\/02\/oto-C3-B1o-225x3001-1-225x300.jpg\" height=\"400\" width=\"300\" \/><\/a><\/div>\n<p><\/p>\n<div style=\"clear: both;text-align: center\"><a href=\"https:\/\/blog.uclm.es\/ricardofdez\/wp-content\/uploads\/sites\/10\/2014\/02\/lluvia-m-C3-A1gica-300x2411-1.jpg\" style=\"margin-left: 1em;margin-right: 1em\"><img loading=\"lazy\" decoding=\"async\" border=\"0\" src=\"https:\/\/blog.uclm.es\/ricardofdez\/wp-content\/uploads\/sites\/10\/2014\/02\/lluvia-m-C3-A1gica-300x2411-1-300x241.jpg\" height=\"321\" width=\"400\" \/><\/a><\/div>\n<\/div>\n<p><span>NUESTRA FELICITACI\u00d3N A TODOS LOS PARTICIPANTES.<\/p>\n<p>Otras ediciones del concurso en: <a href=\"http:\/\/www.uclm.es\/profesorado\/ricardo\/foto.html\">http:\/\/www.uclm.es\/profesorado\/ricardo\/foto.html<\/a> <\/span><\/p>\n<p><span>Publicado por <span> <a href=\"http:\/\/www.blogger.com\/profile\/06761846762837547572\" rel=\"author\" title=\"author profile\"><span>M. Cedenilla<\/span><\/a><\/span><\/span><span><\/span><\/p>\n","protected":false},"excerpt":{"rendered":"<p>A mediados del mes de febrero haremos entrega de los premios del X Concurso de Fotograf\u00eda que por segundo a\u00f1o consecutivo han organizado los alumnos de la Menci\u00f3n TICE desde la asignatura \u00abCultura y Pedagog\u00eda Audiovisual\u00bb. Los responsables que han &hellip; <a href=\"https:\/\/blog.uclm.es\/ricardofdez\/2014\/02\/02\/x-concurso-de-fotografia-en-la-facultad-de-educacion\/\">Sigue leyendo <span class=\"meta-nav\">&rarr;<\/span><\/a><\/p>\n","protected":false},"author":13,"featured_media":2606,"comment_status":"closed","ping_status":"open","sticky":false,"template":"","format":"standard","meta":{"footnotes":""},"categories":[18,62,68],"tags":[],"class_list":["post-1019","post","type-post","status-publish","format-standard","has-post-thumbnail","hentry","category-concursos","category-magisterio","category-organizacion-y-gestion-tice"],"_links":{"self":[{"href":"https:\/\/blog.uclm.es\/ricardofdez\/wp-json\/wp\/v2\/posts\/1019","targetHints":{"allow":["GET"]}}],"collection":[{"href":"https:\/\/blog.uclm.es\/ricardofdez\/wp-json\/wp\/v2\/posts"}],"about":[{"href":"https:\/\/blog.uclm.es\/ricardofdez\/wp-json\/wp\/v2\/types\/post"}],"author":[{"embeddable":true,"href":"https:\/\/blog.uclm.es\/ricardofdez\/wp-json\/wp\/v2\/users\/13"}],"replies":[{"embeddable":true,"href":"https:\/\/blog.uclm.es\/ricardofdez\/wp-json\/wp\/v2\/comments?post=1019"}],"version-history":[{"count":0,"href":"https:\/\/blog.uclm.es\/ricardofdez\/wp-json\/wp\/v2\/posts\/1019\/revisions"}],"wp:featuredmedia":[{"embeddable":true,"href":"https:\/\/blog.uclm.es\/ricardofdez\/wp-json\/wp\/v2\/media\/2606"}],"wp:attachment":[{"href":"https:\/\/blog.uclm.es\/ricardofdez\/wp-json\/wp\/v2\/media?parent=1019"}],"wp:term":[{"taxonomy":"category","embeddable":true,"href":"https:\/\/blog.uclm.es\/ricardofdez\/wp-json\/wp\/v2\/categories?post=1019"},{"taxonomy":"post_tag","embeddable":true,"href":"https:\/\/blog.uclm.es\/ricardofdez\/wp-json\/wp\/v2\/tags?post=1019"}],"curies":[{"name":"wp","href":"https:\/\/api.w.org\/{rel}","templated":true}]}}