{"id":1640,"date":"2019-10-16T05:34:48","date_gmt":"2019-10-16T04:34:48","guid":{"rendered":"http:\/\/blog.uclm.es\/proyectofelice\/2019\/10\/16\/1st-uclm-seminar-on-internationalization-and-emi-english-as-a-medium-of-instruction\/"},"modified":"2023-03-10T09:04:48","modified_gmt":"2023-03-10T09:04:48","slug":"1st-uclm-seminar-on-internationalization-and-emi-english-as-a-medium-of-instruction-2","status":"publish","type":"post","link":"https:\/\/blog.uclm.es\/proyectofelice\/2019\/10\/16\/1st-uclm-seminar-on-internationalization-and-emi-english-as-a-medium-of-instruction-2\/?lang=es","title":{"rendered":"Jornadas UCLM de Internacionalizaci\u00f3n y uso de ingl\u00e9s como medio de Instrucci\u00f3n"},"content":{"rendered":"<p><img loading=\"lazy\" decoding=\"async\" src=\"https:\/\/blog.uclm.es\/proyectofelice\/wp-content\/uploads\/sites\/40\/2019\/10\/EMI-seminar-211x300.png\" alt=\"\" class=\"alignnone size-medium wp-image-1644\" width=\"211\" height=\"300\" srcset=\"https:\/\/blog.uclm.es\/proyectofelice\/wp-content\/uploads\/sites\/40\/2019\/10\/EMI-seminar-211x300.png 211w, https:\/\/blog.uclm.es\/proyectofelice\/wp-content\/uploads\/sites\/40\/2019\/10\/EMI-seminar-720x1024.png 720w, https:\/\/blog.uclm.es\/proyectofelice\/wp-content\/uploads\/sites\/40\/2019\/10\/EMI-seminar-768x1092.png 768w, https:\/\/blog.uclm.es\/proyectofelice\/wp-content\/uploads\/sites\/40\/2019\/10\/EMI-seminar-624x887.png 624w, https:\/\/blog.uclm.es\/proyectofelice\/wp-content\/uploads\/sites\/40\/2019\/10\/EMI-seminar.png 874w\" sizes=\"auto, (max-width: 211px) 100vw, 211px\" \/><\/p>\n<p>Con la colaboraci\u00f3n de la C\u00e1tedra Jean Monnet FELICE, nos complace presentar las I Jornadas de Internacionalizaci\u00f3n y uso de ingl\u00e9s como medio de Instrucci\u00f3n, que se celebrar\u00e1n en Ciudad Real los d\u00edas 23 y 24 de octubre de 2019.<\/p>\n<p>Descarga el programa completo desde <a href=\"https:\/\/blog.uclm.es\/proyectofelice\/wp-content\/uploads\/sites\/40\/2019\/10\/Diptico-Jorn_Ingles-EMI_baja.pdf\">aqu\u00ed<\/a>.<\/p>\n","protected":false},"excerpt":{"rendered":"<p>Con la colaboraci\u00f3n de la C\u00e1tedra Jean Monnet FELICE, nos complace presentar las I Jornadas de Internacionalizaci\u00f3n y uso de ingl\u00e9s como medio de Instrucci\u00f3n, que se celebrar\u00e1n en Ciudad Real los d\u00edas 23 y 24 de octubre de 2019. Descarga el programa completo desde aqu\u00ed.<\/p>\n","protected":false},"author":62,"featured_media":0,"comment_status":"closed","ping_status":"open","sticky":false,"template":"","format":"standard","meta":{"footnotes":""},"categories":[9],"tags":[],"class_list":["post-1640","post","type-post","status-publish","format-standard","hentry","category-sin-categorizar"],"_links":{"self":[{"href":"https:\/\/blog.uclm.es\/proyectofelice\/wp-json\/wp\/v2\/posts\/1640","targetHints":{"allow":["GET"]}}],"collection":[{"href":"https:\/\/blog.uclm.es\/proyectofelice\/wp-json\/wp\/v2\/posts"}],"about":[{"href":"https:\/\/blog.uclm.es\/proyectofelice\/wp-json\/wp\/v2\/types\/post"}],"author":[{"embeddable":true,"href":"https:\/\/blog.uclm.es\/proyectofelice\/wp-json\/wp\/v2\/users\/62"}],"replies":[{"embeddable":true,"href":"https:\/\/blog.uclm.es\/proyectofelice\/wp-json\/wp\/v2\/comments?post=1640"}],"version-history":[{"count":1,"href":"https:\/\/blog.uclm.es\/proyectofelice\/wp-json\/wp\/v2\/posts\/1640\/revisions"}],"predecessor-version":[{"id":2315,"href":"https:\/\/blog.uclm.es\/proyectofelice\/wp-json\/wp\/v2\/posts\/1640\/revisions\/2315"}],"wp:attachment":[{"href":"https:\/\/blog.uclm.es\/proyectofelice\/wp-json\/wp\/v2\/media?parent=1640"}],"wp:term":[{"taxonomy":"category","embeddable":true,"href":"https:\/\/blog.uclm.es\/proyectofelice\/wp-json\/wp\/v2\/categories?post=1640"},{"taxonomy":"post_tag","embeddable":true,"href":"https:\/\/blog.uclm.es\/proyectofelice\/wp-json\/wp\/v2\/tags?post=1640"}],"curies":[{"name":"wp","href":"https:\/\/api.w.org\/{rel}","templated":true}]}}