{"id":909,"date":"2020-03-19T07:22:21","date_gmt":"2020-03-19T07:22:21","guid":{"rendered":"http:\/\/protectingheritage.com\/?p=903"},"modified":"2023-07-10T22:45:28","modified_gmt":"2023-07-10T20:45:28","slug":"tolerance-against-radicalization-and-destruction-of-cultural-heritage","status":"publish","type":"post","link":"https:\/\/blog.uclm.es\/proyectocultureofpeace\/2020\/03\/19\/tolerance-against-radicalization-and-destruction-of-cultural-heritage\/","title":{"rendered":"Sharing knowledge &#8211; Scientific and cultural visits"},"content":{"rendered":"<p style=\"text-align: center\">\n<p style=\"text-align: center\"><a href=\"https:\/\/protectingheritage.files.wordpress.com\/2017\/03\/brochure-toledo-andalusc3ad-23-march-2017-p-1.jpg\"><img loading=\"lazy\" decoding=\"async\" class=\"aligncenter wp-image-944 size-full\" src=\"https:\/\/protectingheritage.files.wordpress.com\/2017\/03\/brochure-toledo-andalusc3ad-23-march-2017-p-1.jpg\" alt=\"\" width=\"584\" height=\"413\" \/><\/a><\/p>\n<p style=\"text-align: center\"><a href=\"https:\/\/protectingheritage.files.wordpress.com\/2017\/03\/brochure-toledo-andalusc3ad-8-march-2017-p-2_pc3a1gina_2.jpg\"><img loading=\"lazy\" decoding=\"async\" class=\"aligncenter wp-image-934 size-large\" src=\"https:\/\/protectingheritage.files.wordpress.com\/2017\/03\/brochure-toledo-andalusc3ad-8-march-2017-p-2_pc3a1gina_2.jpg?w=625\" alt=\"\" width=\"625\" height=\"442\" \/><\/a><\/p>\n<p style=\"text-align: center\">To download the Agenda (in English) click <a href=\"https:\/\/protectingheritage.files.wordpress.com\/2017\/03\/brochure-toledo-andalusc3ad-23-march-20171.pdf\" target=\"_blank\" rel=\"noopener\">here<\/a><\/p>\n<p><img loading=\"lazy\" decoding=\"async\" class=\"alignnone  wp-image-1288\" src=\"https:\/\/blog.uclm.es\/proyectocultureofpeace\/wp-content\/uploads\/sites\/265\/2020\/03\/said.jpg-300x300.webp\" alt=\"\" width=\"279\" height=\"279\" srcset=\"https:\/\/blog.uclm.es\/proyectocultureofpeace\/wp-content\/uploads\/sites\/265\/2020\/03\/said.jpg-300x300.webp 300w, https:\/\/blog.uclm.es\/proyectocultureofpeace\/wp-content\/uploads\/sites\/265\/2020\/03\/said.jpg-150x150.webp 150w, https:\/\/blog.uclm.es\/proyectocultureofpeace\/wp-content\/uploads\/sites\/265\/2020\/03\/said.jpg.webp 438w\" sizes=\"auto, (max-width: 279px) 100vw, 279px\" \/>\u00a0 \u00a0 \u00a0<img loading=\"lazy\" decoding=\"async\" class=\"alignnone  wp-image-1296\" src=\"https:\/\/blog.uclm.es\/proyectocultureofpeace\/wp-content\/uploads\/sites\/265\/2020\/03\/rosa-ramc3b3n-y-otro-en-galiana.jpg-300x300.webp\" alt=\"\" width=\"277\" height=\"277\" srcset=\"https:\/\/blog.uclm.es\/proyectocultureofpeace\/wp-content\/uploads\/sites\/265\/2020\/03\/rosa-ramc3b3n-y-otro-en-galiana.jpg-300x300.webp 300w, https:\/\/blog.uclm.es\/proyectocultureofpeace\/wp-content\/uploads\/sites\/265\/2020\/03\/rosa-ramc3b3n-y-otro-en-galiana.jpg-150x150.webp 150w, https:\/\/blog.uclm.es\/proyectocultureofpeace\/wp-content\/uploads\/sites\/265\/2020\/03\/rosa-ramc3b3n-y-otro-en-galiana.jpg.webp 438w\" sizes=\"auto, (max-width: 277px) 100vw, 277px\" \/><\/p>\n<p><img loading=\"lazy\" decoding=\"async\" class=\"alignnone  wp-image-1291\" src=\"https:\/\/blog.uclm.es\/proyectocultureofpeace\/wp-content\/uploads\/sites\/265\/2020\/03\/flores-mi-balcc3b3n.jpg-300x300.webp\" alt=\"\" width=\"279\" height=\"279\" srcset=\"https:\/\/blog.uclm.es\/proyectocultureofpeace\/wp-content\/uploads\/sites\/265\/2020\/03\/flores-mi-balcc3b3n.jpg-300x300.webp 300w, https:\/\/blog.uclm.es\/proyectocultureofpeace\/wp-content\/uploads\/sites\/265\/2020\/03\/flores-mi-balcc3b3n.jpg-150x150.webp 150w, https:\/\/blog.uclm.es\/proyectocultureofpeace\/wp-content\/uploads\/sites\/265\/2020\/03\/flores-mi-balcc3b3n.jpg.webp 438w\" sizes=\"auto, (max-width: 279px) 100vw, 279px\" \/>\u00a0 \u00a0 \u00a0 <img loading=\"lazy\" decoding=\"async\" class=\"alignnone  wp-image-1289\" src=\"https:\/\/blog.uclm.es\/proyectocultureofpeace\/wp-content\/uploads\/sites\/265\/2020\/03\/ricardo-izquierdo.jpg-300x300.webp\" alt=\"\" width=\"277\" height=\"277\" srcset=\"https:\/\/blog.uclm.es\/proyectocultureofpeace\/wp-content\/uploads\/sites\/265\/2020\/03\/ricardo-izquierdo.jpg-300x300.webp 300w, https:\/\/blog.uclm.es\/proyectocultureofpeace\/wp-content\/uploads\/sites\/265\/2020\/03\/ricardo-izquierdo.jpg-150x150.webp 150w, https:\/\/blog.uclm.es\/proyectocultureofpeace\/wp-content\/uploads\/sites\/265\/2020\/03\/ricardo-izquierdo.jpg.webp 438w\" sizes=\"auto, (max-width: 277px) 100vw, 277px\" \/><\/p>\n<p><img loading=\"lazy\" decoding=\"async\" class=\"alignnone  wp-image-1292\" src=\"https:\/\/blog.uclm.es\/proyectocultureofpeace\/wp-content\/uploads\/sites\/265\/2020\/03\/charla-en-galiana.jpg-300x300.webp\" alt=\"\" width=\"281\" height=\"281\" srcset=\"https:\/\/blog.uclm.es\/proyectocultureofpeace\/wp-content\/uploads\/sites\/265\/2020\/03\/charla-en-galiana.jpg-300x300.webp 300w, https:\/\/blog.uclm.es\/proyectocultureofpeace\/wp-content\/uploads\/sites\/265\/2020\/03\/charla-en-galiana.jpg-150x150.webp 150w, https:\/\/blog.uclm.es\/proyectocultureofpeace\/wp-content\/uploads\/sites\/265\/2020\/03\/charla-en-galiana.jpg.webp 438w\" sizes=\"auto, (max-width: 281px) 100vw, 281px\" \/>\u00a0 \u00a0 \u00a0 \u00a0<img loading=\"lazy\" decoding=\"async\" class=\"alignnone  wp-image-1293\" src=\"https:\/\/blog.uclm.es\/proyectocultureofpeace\/wp-content\/uploads\/sites\/265\/2020\/03\/grupo-en-galiana.jpg-300x300.webp\" alt=\"\" width=\"279\" height=\"279\" srcset=\"https:\/\/blog.uclm.es\/proyectocultureofpeace\/wp-content\/uploads\/sites\/265\/2020\/03\/grupo-en-galiana.jpg-300x300.webp 300w, https:\/\/blog.uclm.es\/proyectocultureofpeace\/wp-content\/uploads\/sites\/265\/2020\/03\/grupo-en-galiana.jpg-150x150.webp 150w, https:\/\/blog.uclm.es\/proyectocultureofpeace\/wp-content\/uploads\/sites\/265\/2020\/03\/grupo-en-galiana.jpg.webp 438w\" sizes=\"auto, (max-width: 279px) 100vw, 279px\" \/><\/p>\n<p><img loading=\"lazy\" decoding=\"async\" class=\"alignnone  wp-image-1297\" src=\"https:\/\/blog.uclm.es\/proyectocultureofpeace\/wp-content\/uploads\/sites\/265\/2020\/03\/hombre-perfil-en-galiana.jpg-300x300.webp\" alt=\"\" width=\"278\" height=\"278\" srcset=\"https:\/\/blog.uclm.es\/proyectocultureofpeace\/wp-content\/uploads\/sites\/265\/2020\/03\/hombre-perfil-en-galiana.jpg-300x300.webp 300w, https:\/\/blog.uclm.es\/proyectocultureofpeace\/wp-content\/uploads\/sites\/265\/2020\/03\/hombre-perfil-en-galiana.jpg-150x150.webp 150w, https:\/\/blog.uclm.es\/proyectocultureofpeace\/wp-content\/uploads\/sites\/265\/2020\/03\/hombre-perfil-en-galiana.jpg.webp 438w\" sizes=\"auto, (max-width: 278px) 100vw, 278px\" \/>\u00a0 \u00a0 \u00a0\u00a0 <img loading=\"lazy\" decoding=\"async\" class=\"alignnone  wp-image-1294\" src=\"https:\/\/blog.uclm.es\/proyectocultureofpeace\/wp-content\/uploads\/sites\/265\/2020\/03\/galiana-2.jpg-300x300.webp\" alt=\"\" width=\"275\" height=\"275\" srcset=\"https:\/\/blog.uclm.es\/proyectocultureofpeace\/wp-content\/uploads\/sites\/265\/2020\/03\/galiana-2.jpg-300x300.webp 300w, https:\/\/blog.uclm.es\/proyectocultureofpeace\/wp-content\/uploads\/sites\/265\/2020\/03\/galiana-2.jpg-150x150.webp 150w, https:\/\/blog.uclm.es\/proyectocultureofpeace\/wp-content\/uploads\/sites\/265\/2020\/03\/galiana-2.jpg.webp 438w\" sizes=\"auto, (max-width: 275px) 100vw, 275px\" \/><img loading=\"lazy\" decoding=\"async\" class=\"alignnone  wp-image-1295\" src=\"https:\/\/blog.uclm.es\/proyectocultureofpeace\/wp-content\/uploads\/sites\/265\/2020\/03\/ramc3b3n-en-galiana.jpg-300x300.webp\" alt=\"\" width=\"278\" height=\"278\" srcset=\"https:\/\/blog.uclm.es\/proyectocultureofpeace\/wp-content\/uploads\/sites\/265\/2020\/03\/ramc3b3n-en-galiana.jpg-300x300.webp 300w, https:\/\/blog.uclm.es\/proyectocultureofpeace\/wp-content\/uploads\/sites\/265\/2020\/03\/ramc3b3n-en-galiana.jpg-150x150.webp 150w, https:\/\/blog.uclm.es\/proyectocultureofpeace\/wp-content\/uploads\/sites\/265\/2020\/03\/ramc3b3n-en-galiana.jpg.webp 438w\" sizes=\"auto, (max-width: 278px) 100vw, 278px\" \/>\u00a0 \u00a0 \u00a0\u00a0 <img loading=\"lazy\" decoding=\"async\" class=\"alignnone  wp-image-1292\" src=\"https:\/\/blog.uclm.es\/proyectocultureofpeace\/wp-content\/uploads\/sites\/265\/2020\/03\/charla-en-galiana.jpg-300x300.webp\" alt=\"\" width=\"277\" height=\"277\" srcset=\"https:\/\/blog.uclm.es\/proyectocultureofpeace\/wp-content\/uploads\/sites\/265\/2020\/03\/charla-en-galiana.jpg-300x300.webp 300w, https:\/\/blog.uclm.es\/proyectocultureofpeace\/wp-content\/uploads\/sites\/265\/2020\/03\/charla-en-galiana.jpg-150x150.webp 150w, https:\/\/blog.uclm.es\/proyectocultureofpeace\/wp-content\/uploads\/sites\/265\/2020\/03\/charla-en-galiana.jpg.webp 438w\" sizes=\"auto, (max-width: 277px) 100vw, 277px\" \/><\/p>\n<p style=\"text-align: center\"><a href=\"https:\/\/protectingheritage.files.wordpress.com\/2017\/03\/dc3adptico-toledo-andalusc3ad-23-marzo-2017.jpg\"><img loading=\"lazy\" decoding=\"async\" class=\"aligncenter wp-image-941 size-full\" src=\"https:\/\/protectingheritage.files.wordpress.com\/2017\/03\/dc3adptico-toledo-andalusc3ad-23-marzo-2017.jpg\" alt=\"\" width=\"584\" height=\"413\" \/><\/a><\/p>\n<p><a href=\"https:\/\/protectingheritage.files.wordpress.com\/2017\/03\/dc3adptico-toledo-andalusc3ad-p-2-8-marzo-2017.jpg\"><img loading=\"lazy\" decoding=\"async\" class=\"aligncenter wp-image-905 size-large\" src=\"https:\/\/protectingheritage.files.wordpress.com\/2017\/03\/dc3adptico-toledo-andalusc3ad-p-2-8-marzo-2017.jpg?w=625\" alt=\"\" width=\"625\" height=\"442\" \/><\/a><\/p>\n<p>Para descargar el Programa de Actividades (versi\u00f3n espa\u00f1ola) pulse <a href=\"https:\/\/protectingheritage.files.wordpress.com\/2017\/03\/dc3adptico-toledo-andalusc3ad-23-marzo-2017.pdf\" target=\"_blank\" rel=\"noopener\">aqu\u00ed<\/a><\/p>\n","protected":false},"excerpt":{"rendered":"<p>To download the Agenda (in English) click here \u00a0 \u00a0 \u00a0 \u00a0 \u00a0 \u00a0 \u00a0 \u00a0 \u00a0 \u00a0 \u00a0 \u00a0 \u00a0\u00a0 \u00a0 \u00a0 \u00a0\u00a0 Para descargar el Programa de Actividades (versi\u00f3n espa\u00f1ola) pulse aqu\u00ed<\/p>\n","protected":false},"author":434,"featured_media":0,"comment_status":"closed","ping_status":"open","sticky":false,"template":"","format":"standard","meta":{"footnotes":""},"categories":[15],"tags":[],"class_list":["post-909","post","type-post","status-publish","format-standard","hentry","category-uncategorized"],"_links":{"self":[{"href":"https:\/\/blog.uclm.es\/proyectocultureofpeace\/wp-json\/wp\/v2\/posts\/909","targetHints":{"allow":["GET"]}}],"collection":[{"href":"https:\/\/blog.uclm.es\/proyectocultureofpeace\/wp-json\/wp\/v2\/posts"}],"about":[{"href":"https:\/\/blog.uclm.es\/proyectocultureofpeace\/wp-json\/wp\/v2\/types\/post"}],"author":[{"embeddable":true,"href":"https:\/\/blog.uclm.es\/proyectocultureofpeace\/wp-json\/wp\/v2\/users\/434"}],"replies":[{"embeddable":true,"href":"https:\/\/blog.uclm.es\/proyectocultureofpeace\/wp-json\/wp\/v2\/comments?post=909"}],"version-history":[{"count":4,"href":"https:\/\/blog.uclm.es\/proyectocultureofpeace\/wp-json\/wp\/v2\/posts\/909\/revisions"}],"predecessor-version":[{"id":1303,"href":"https:\/\/blog.uclm.es\/proyectocultureofpeace\/wp-json\/wp\/v2\/posts\/909\/revisions\/1303"}],"wp:attachment":[{"href":"https:\/\/blog.uclm.es\/proyectocultureofpeace\/wp-json\/wp\/v2\/media?parent=909"}],"wp:term":[{"taxonomy":"category","embeddable":true,"href":"https:\/\/blog.uclm.es\/proyectocultureofpeace\/wp-json\/wp\/v2\/categories?post=909"},{"taxonomy":"post_tag","embeddable":true,"href":"https:\/\/blog.uclm.es\/proyectocultureofpeace\/wp-json\/wp\/v2\/tags?post=909"}],"curies":[{"name":"wp","href":"https:\/\/api.w.org\/{rel}","templated":true}]}}