{"id":124,"date":"2016-06-25T12:02:14","date_gmt":"2016-06-25T11:02:14","guid":{"rendered":"http:\/\/blog.uclm.es\/momu\/?p=124"},"modified":"2016-06-25T12:02:14","modified_gmt":"2016-06-25T11:02:14","slug":"dissemination-activities-with-different-stakeholders","status":"publish","type":"post","link":"https:\/\/blog.uclm.es\/momu\/2016\/06\/25\/dissemination-activities-with-different-stakeholders\/","title":{"rendered":"Dissemination activities with different stakeholders"},"content":{"rendered":"<p>MOMU Spain will introduced the MOMU European project to the main stakeholders groups last 22nd june. This event was\u00a0organized in collaboration with the Castilla-La Mancha Social Workers Association.<\/p>\n<p><img loading=\"lazy\" decoding=\"async\" class=\"alignnone wp-image-122 size-large\" src=\"https:\/\/blog.uclm.es\/momu\/wp-content\/uploads\/sites\/21\/2016\/06\/encuentroMOMU-1024x683.jpg\" alt=\"encuentroMOMU\" width=\"840\" height=\"560\" srcset=\"https:\/\/blog.uclm.es\/momu\/wp-content\/uploads\/sites\/21\/2016\/06\/encuentroMOMU-1024x683.jpg 1024w, https:\/\/blog.uclm.es\/momu\/wp-content\/uploads\/sites\/21\/2016\/06\/encuentroMOMU-300x200.jpg 300w, https:\/\/blog.uclm.es\/momu\/wp-content\/uploads\/sites\/21\/2016\/06\/encuentroMOMU-768x512.jpg 768w, https:\/\/blog.uclm.es\/momu\/wp-content\/uploads\/sites\/21\/2016\/06\/encuentroMOMU-1200x800.jpg 1200w, https:\/\/blog.uclm.es\/momu\/wp-content\/uploads\/sites\/21\/2016\/06\/encuentroMOMU.jpg 1417w\" sizes=\"auto, (max-width: 709px) 85vw, (max-width: 909px) 67vw, (max-width: 1362px) 62vw, 840px\" \/><\/p>\n<p>Social Service Cuenca Councilor, Jos\u00e9 Mar\u00eda P\u00e9rez; the head of the <a href=\"http:\/\/ais.cuenca.es\/\">Department of Social Intervention of the city<\/a>,\u00a0Bego\u00f1a del Pozo; and different members of the\u00a0Castilla-La Mancha Social Workers Association assisted and asked about the development of the project.<\/p>\n<p><a href=\"http:\/\/blog.uclm.es\/momu\/2016\/06\/24\/los-principales-grupos-de-interes-asisten-a-la-presentacion-del-momu\/\">Go to the Spanish version this information<\/a><\/p>\n","protected":false},"excerpt":{"rendered":"<p>MOMU Spain will introduced the MOMU European project to the main stakeholders groups last 22nd june. This event was\u00a0organized in collaboration with the Castilla-La Mancha Social Workers Association. Social Service Cuenca Councilor, Jos\u00e9 Mar\u00eda P\u00e9rez; the head of the Department of Social Intervention of the city,\u00a0Bego\u00f1a del Pozo; and different members of the\u00a0Castilla-La Mancha Social &hellip; <a href=\"https:\/\/blog.uclm.es\/momu\/2016\/06\/25\/dissemination-activities-with-different-stakeholders\/\" class=\"more-link\">Continuar leyendo<span class=\"screen-reader-text\"> \u00abDissemination activities with different stakeholders\u00bb<\/span><\/a><\/p>\n","protected":false},"author":84,"featured_media":121,"comment_status":"closed","ping_status":"open","sticky":false,"template":"","format":"standard","meta":{"footnotes":""},"categories":[2],"tags":[11],"class_list":["post-124","post","type-post","status-publish","format-standard","has-post-thumbnail","hentry","category-news","tag-dissemination"],"_links":{"self":[{"href":"https:\/\/blog.uclm.es\/momu\/wp-json\/wp\/v2\/posts\/124","targetHints":{"allow":["GET"]}}],"collection":[{"href":"https:\/\/blog.uclm.es\/momu\/wp-json\/wp\/v2\/posts"}],"about":[{"href":"https:\/\/blog.uclm.es\/momu\/wp-json\/wp\/v2\/types\/post"}],"author":[{"embeddable":true,"href":"https:\/\/blog.uclm.es\/momu\/wp-json\/wp\/v2\/users\/84"}],"replies":[{"embeddable":true,"href":"https:\/\/blog.uclm.es\/momu\/wp-json\/wp\/v2\/comments?post=124"}],"version-history":[{"count":0,"href":"https:\/\/blog.uclm.es\/momu\/wp-json\/wp\/v2\/posts\/124\/revisions"}],"wp:featuredmedia":[{"embeddable":true,"href":"https:\/\/blog.uclm.es\/momu\/wp-json\/wp\/v2\/media\/121"}],"wp:attachment":[{"href":"https:\/\/blog.uclm.es\/momu\/wp-json\/wp\/v2\/media?parent=124"}],"wp:term":[{"taxonomy":"category","embeddable":true,"href":"https:\/\/blog.uclm.es\/momu\/wp-json\/wp\/v2\/categories?post=124"},{"taxonomy":"post_tag","embeddable":true,"href":"https:\/\/blog.uclm.es\/momu\/wp-json\/wp\/v2\/tags?post=124"}],"curies":[{"name":"wp","href":"https:\/\/api.w.org\/{rel}","templated":true}]}}